{"id":10113,"date":"2022-04-27T15:11:56","date_gmt":"2022-04-27T15:11:56","guid":{"rendered":"http:\/\/uit-ci.org\/?p=10113"},"modified":"2022-04-28T18:44:49","modified_gmt":"2022-04-28T18:44:49","slug":"francia-triunfa-macron-y-nadie-festeja","status":"publish","type":"post","link":"https:\/\/uit-ci.org\/index.php\/2022\/04\/27\/francia-triunfa-macron-y-nadie-festeja\/","title":{"rendered":"Francia: Triunfa Macron y nadie festeja"},"content":{"rendered":"<p><span style=\"font-weight: 400;\">Por <strong>Miguel Lamas, dirigente de la UIT-CI<\/strong><\/span><\/p>\n<p><span style=\"font-weight: 400;\">Emmanuel Macron fue reelecto presidente de Francia en segunda vuelta contra la ultraderechista Le Pen, con una fuerte abstenci\u00f3n del 28% (la mayor desde el \u201869, despu\u00e9s del mayo franc\u00e9s) y otro 6% de voto nulo. El triunfo de Macron no motiv\u00f3 ning\u00fan festejo popular.<\/span><\/p>\n<p><span style=\"font-weight: 400;\">El domingo a la noche, conocidos los resultados, las calles de Par\u00eds estaban vac\u00edas. El voto que recibi\u00f3 de sectores populares se debi\u00f3 en gran medida a que quer\u00edan evitar que triunfe la ultraderecha de Le Pen. Pero en los d\u00edas previos a las elecciones hubo importantes movilizaciones estudiantiles y obreras, con la consigna \u201cNi Macron ni Le Pen\u201d.<\/span><\/p>\n<p><span style=\"font-weight: 400;\">En primera vuelta, el centroizquierdista Jean-Luc M\u00e9lenchon, de Francia Insumisa, hab\u00eda sacado 22% de la votaci\u00f3n, Le Pen 23% y Macron 27%.<\/span><\/p>\n<p><span style=\"font-weight: 400;\">Por su parte, Marine Le Pen logr\u00f3 en segunda vuelta una importante votaci\u00f3n de campesinos y obreros que odian a Macron por descargar la crisis econ\u00f3mica sobre los trabajadores.<\/span><\/p>\n<p><span style=\"font-weight: 400;\">Ahora vienen nuevas elecciones en junio para elegir al Parlamento. El centroizquierdista M\u00e9lenchon aspira a ganar con el apoyo del Partido Comunista (PC) y del Partido Socialista (PS), que eran muy fuertes y estuvieron casi desaparecidos en recientes elecciones.<\/span><\/p>\n<p><span style=\"font-weight: 400;\">El PS, socialdem\u00f3crata, gobern\u00f3 Francia durante a\u00f1os. El propio Macron, antes de ser presidente, fue ministro de econom\u00eda de un gobierno del PS. Y antes de ser ministro fue subdirector del gran banco Rothschild, asociado a las transnacionales Nestl\u00e9 y Pfizer.<\/span><\/p>\n<p><strong>Crisis econ\u00f3mica, social y pol\u00edtica<\/strong><\/p>\n<p><span style=\"font-weight: 400;\">El marco general de esta elecci\u00f3n son las consecuencias de la crisis econ\u00f3mica descargada sobre el pueblo trabajador en los \u00faltimos a\u00f1os. Macron rebaj\u00f3 impuestos a las grandes empresas, y facilit\u00f3 la precariedad laboral y los despidos. Esta situaci\u00f3n fue respondida con grandes movilizaciones populares, como la de los \u201cchalecos amarillos\u201d (contra el aumento de la nafta) e importantes huelgas.<\/span><\/p>\n<p><span style=\"font-weight: 400;\">La consecuencia pol\u00edtica fue un total y creciente descr\u00e9dito de los antiguos partidos, desde la derecha tradicional a la centroizquierda del PS y el PC, que gobernaron o cogobernaron.<\/span><\/p>\n<p><span style=\"font-weight: 400;\">Macron surgi\u00f3 y triunf\u00f3 en el 2017, diferenci\u00e1ndose de estos viejos partidos, diciendo que \u201cno era de izquierda, ni de derecha\u201d y que iba a gobernar pragm\u00e1ticamente \u201csin ideolog\u00edas\u201d para \u201cmejorar la econom\u00eda\u201d. Ahora, nuevamente en campa\u00f1a electoral, habl\u00f3 de \u201cproteger a los vulnerables\u201d, cuando en los \u00faltimos meses en Francia muchos alimentos de primera necesidad aumentaron hasta un 85%, como consecuencia de la guerra de Ucrania, sin que los salarios aumenten.<\/span><\/p>\n<p><span style=\"font-weight: 400;\">Tambi\u00e9n, y por motivos parecidos de ruptura con los viejos partidos, creci\u00f3 la extrema derecha de Le Pen.<\/span><\/p>\n<p><strong>La necesidad de construir alternativa revolucionaria<\/strong><\/p>\n<p><span style=\"font-weight: 400;\">Lamentablemente las organizaciones que se dicen trotskistas, que se presentaron a elecciones como el Nuevo Partido Anticapitalista y Lucha Obrera, tuvieron muy baja votaci\u00f3n en primera vuelta. No impulsaron una unidad de la izquierda revolucionaria y de los trabajadores, que podr\u00eda haber avanzado en una alternativa visible para las masas oprimidas que rompen con los viejos partidos.<\/span><\/p>\n<p><span style=\"font-weight: 400;\">Para la segunda vuelta el centroizquierdista M\u00e9lenchon, que fue quien capitaliz\u00f3 los votos de izquierda, llam\u00f3 a votar \u201ccontra Le Pen\u201d, sin decir nada de Macron, y ahora proyecta ganar las parlamentarias para cogobernar como primer ministro, de acuerdo a la ley francesa.<\/span><\/p>\n<p><span style=\"font-weight: 400;\">En lo inmediato, el precario triunfo de Macron hace posible y necesaria la unidad para la lucha de los trabajadores, exigiendo a las centrales sindicales un plan de lucha por las demandas m\u00e1s urgentes, de aumento salarial, no al aumento de edad jubilatoria, defensa del empleo, contra despidos, impuestos a las grandes empresas. Las manifestaciones estudiantiles y obreras \u201cni Macron ni Le Pen\u201d muestran la necesidad de construir una alternativa revolucionaria ante la crisis capitalista y pol\u00edtica que vive Francia.<\/span><\/p>\n<p>&nbsp;<\/p>\n<p><a href=\"https:\/\/uit-ci.org\/index.php\/2022\/04\/28\/france-macron-wins-but-no-one-is-celebrating\/?lang=en\">Read in english<\/a><\/p>\n<p><a href=\"https:\/\/uit-ci.org\/index.php\/2022\/04\/28\/france-macron-gagne-et-personne-ne-le-fete\/?lang=fr\">Lire en fran\u00e7ais<\/a><\/p>\n","protected":false},"excerpt":{"rendered":"<p>Por Miguel Lamas, dirigente de la UIT-CI Emmanuel Macron fue reelecto presidente de Francia en segunda vuelta contra la ultraderechista Le Pen, con una fuerte abstenci\u00f3n del 28% (la mayor desde el \u201869, despu\u00e9s del mayo franc\u00e9s) y otro 6% de voto nulo. El triunfo de Macron no motiv\u00f3 ning\u00fan festejo popular. El domingo a [&hellip;]<\/p>\n","protected":false},"author":2,"featured_media":10126,"comment_status":"closed","ping_status":"closed","sticky":false,"template":"","format":"standard","meta":[],"categories":[308,35,62],"tags":[],"_links":{"self":[{"href":"https:\/\/uit-ci.org\/index.php\/wp-json\/wp\/v2\/posts\/10113"}],"collection":[{"href":"https:\/\/uit-ci.org\/index.php\/wp-json\/wp\/v2\/posts"}],"about":[{"href":"https:\/\/uit-ci.org\/index.php\/wp-json\/wp\/v2\/types\/post"}],"author":[{"embeddable":true,"href":"https:\/\/uit-ci.org\/index.php\/wp-json\/wp\/v2\/users\/2"}],"replies":[{"embeddable":true,"href":"https:\/\/uit-ci.org\/index.php\/wp-json\/wp\/v2\/comments?post=10113"}],"version-history":[{"count":3,"href":"https:\/\/uit-ci.org\/index.php\/wp-json\/wp\/v2\/posts\/10113\/revisions"}],"predecessor-version":[{"id":10159,"href":"https:\/\/uit-ci.org\/index.php\/wp-json\/wp\/v2\/posts\/10113\/revisions\/10159"}],"wp:featuredmedia":[{"embeddable":true,"href":"https:\/\/uit-ci.org\/index.php\/wp-json\/wp\/v2\/media\/10126"}],"wp:attachment":[{"href":"https:\/\/uit-ci.org\/index.php\/wp-json\/wp\/v2\/media?parent=10113"}],"wp:term":[{"taxonomy":"category","embeddable":true,"href":"https:\/\/uit-ci.org\/index.php\/wp-json\/wp\/v2\/categories?post=10113"},{"taxonomy":"post_tag","embeddable":true,"href":"https:\/\/uit-ci.org\/index.php\/wp-json\/wp\/v2\/tags?post=10113"}],"curies":[{"name":"wp","href":"https:\/\/api.w.org\/{rel}","templated":true}]}}