{"id":10706,"date":"2022-06-15T14:14:53","date_gmt":"2022-06-15T14:14:53","guid":{"rendered":"http:\/\/uit-ci.org\/?p=10706"},"modified":"2022-06-20T22:34:19","modified_gmt":"2022-06-20T22:34:19","slug":"votar-petro-seguir-luchando","status":"publish","type":"post","link":"https:\/\/uit-ci.org\/index.php\/2022\/06\/15\/votar-petro-seguir-luchando\/","title":{"rendered":"Colombia: Votar a Petro y seguir luchando por los reclamos de la rebeli\u00f3n del 2021"},"content":{"rendered":"<p><span style=\"font-weight: 400;\">Por <\/span><span style=\"font-weight: 400;\"><strong>Miguel \u00c1ngel Hern\u00e1ndez Arvelo<\/strong>, dirigente de Partido Socialismo y Libertad \/PSL-secci\u00f3n de la UIT-CI de Venezuela<\/span><\/p>\n<p><span style=\"font-weight: 400;\">El pr\u00f3ximo domingo 19 de junio se llevar\u00e1 a cabo la segunda vuelta de las elecciones presidenciales en Colombia. Las encuestas dan un empate t\u00e9cnico entre Gustavo Petro y Rodolfo Hern\u00e1ndez.<\/span><\/p>\n<p><span style=\"font-weight: 400;\">En la primera vuelta, celebrada el pasado 29 de mayo, Gustavo Petro, candidato de la alianza centroizquierdista Pacto Hist\u00f3rico, obtuvo el 40,32% de los votos (8.527.768) y Rodolfo Hern\u00e1ndez, empresario y exalcalde de Bucaramanga, el 28,15% (5.953.209).<\/span><\/p>\n<p><span style=\"font-weight: 400;\">La votaci\u00f3n de Petro es la m\u00e1s alta obtenida alguna vez en la historia de Colombia por un candidato que se reivindica de izquierda. En un pa\u00eds dominado hist\u00f3ricamente por la derecha proimperialista, antes por el Partido Conservador y el Liberal, y m\u00e1s recientemente por el uribismo, esto tiene una especial significaci\u00f3n.<\/span><\/p>\n<p><span style=\"font-weight: 400;\">El otro dato importante es que los grandes derrotados del proceso electoral colombiano fueron Alvaro Uribe, el actual presidente Iv\u00e1n Duque, y su partido Centro Democr\u00e1tico, que despu\u00e9s de ganar 4 de las \u00faltimas 5 elecciones presidenciales, ni siquiera present\u00f3 candidato propio en estas elecciones.<\/span><\/p>\n<p><span style=\"font-weight: 400;\">El precandidato del uribismo, Oscar Iv\u00e1n Zuluaga se retir\u00f3 de la consulta para la escogencia de los candidatos de las distintas alianzas electorales, del 13 de marzo pasado, la cual se realiz\u00f3 simult\u00e1neamente con las elecciones parlamentarias, en las que el uribismo pas\u00f3 de ser la principal fuerza en el congreso al cuarto lugar. De 19 senadores y 32 representantes que ten\u00edan, terminaron en las \u00faltimas parlamentarias con 14 y 16, respectivamente.<\/span><\/p>\n<p><span style=\"font-weight: 400;\">La segunda vuelta presidencial se realizar\u00e1 a dos meses de cumplirse un a\u00f1o de la heroica rebeli\u00f3n popular del pueblo colombiano contra el gobierno de Iv\u00e1n Duque, que comenz\u00f3 el 28 de abril del 2021. El m\u00e1s grande estallido social en Colombia desde el paro c\u00edvico de 1977.<\/span><\/p>\n<p><span style=\"font-weight: 400;\">El triunfo de Petro y la derrota del uribismo en la primera vuelta, son expresi\u00f3n distorsionada de aquella rebeli\u00f3n, y reflejan los anhelos de cambio que pusieron dram\u00e1ticamente en evidencia las movilizaciones del a\u00f1o pasado en Colombia, las cuales estuvieron determinadas por la incorporaci\u00f3n masiva del pueblo, los trabajadores y los j\u00f3venes de ese pa\u00eds contra la reforma tributaria y el paquetazo econ\u00f3mico antipopular; pero tambi\u00e9n contra la sistem\u00e1tica violaci\u00f3n de los derechos humanos, orquestada tanto por las fuerzas de seguridad del Estado como por grupos paramilitares aupados por el gobierno.<\/span><\/p>\n<p><span style=\"font-weight: 400;\">Las elecciones en Colombia se llevar\u00e1n a cabo con el tel\u00f3n de fondo de la rebeli\u00f3n popular del a\u00f1o pasado, mientras se mantienen latentes las causas que originaron aquel estallido social que por m\u00e1s de 2 meses recorri\u00f3 las ciudades y pueblos colombianos.<\/span><\/p>\n<p><span style=\"font-weight: 400;\">Creemos que en esta segunda vuelta es necesario terminar de derrotar al uribismo, as\u00ed como a la derecha representada por Rodolfo Hern\u00e1ndez. De hecho, ya Federico Guti\u00e9rrez \u201cFico\u201d, quien fuera respaldado por el uribismo y algunas figuras pol\u00edticas ligadas al Centro Democr\u00e1tico y a Uribe, comenzaron a manifestar su respaldo a Hern\u00e1ndez. Por ello es importante derrotar a los sectores m\u00e1s de derecha. Y creemos que esto solo es posible votando masivamente por Gustavo Petro.<\/span><\/p>\n<p><span style=\"font-weight: 400;\">Este llamado, lo hacemos desde una posici\u00f3n cr\u00edtica, y sin dar un cheque en blanco al candidato del Pacto Hist\u00f3rico. No podemos olvidar que Petro en el momento m\u00e1s \u00e1lgido de la rebeli\u00f3n popular del a\u00f1o pasado, cuestion\u00f3 p\u00fablicamente los bloqueos de calles. Dijo que no estaba detr\u00e1s de las movilizaciones que se estaban llevando a cabo, y en ning\u00fan momento asumi\u00f3 la consigna de \u201cAbajo Duque\u201d, que importantes sectores del pueblo movilizado estaban planteando. Y presenta un programa de gobierno bastante limitado, que no ataca los principales problemas del pueblo trabajador colombiano<\/span><b>.\u00a0<\/b><\/p>\n<p><span style=\"font-weight: 400;\">Acompa\u00f1amos el voto de millones de trabajadoras, trabajadores y j\u00f3venes colombianos. Respetamos que vean en Petro una posibilidad de cambio, sin embargo les decimos a todos ellos que lamentablemente el de Petro y el Pacto Hist\u00f3rico, ser\u00e1 un gobierno de conciliaci\u00f3n de clases, de doble discurso. Como Boric en Chile, Castillo en Per\u00fa o como un posible nuevo gobierno de Lula en Brasil. Gobiernos que mientras tienen un discurso aparentemente \u201cpopular\u201d y \u201cprogresista\u201d, pactan con la burgues\u00eda y las transnacionales, y contin\u00faan ajustando a los pueblos.<\/span><\/p>\n<p><span style=\"font-weight: 400;\">Petro ha sido claro al afirmar que no tocar\u00e1 la propiedad privada de los medios de producci\u00f3n, es decir, a los grandes grupos econ\u00f3micos, financieros y terratenientes, reproduciendo la explotaci\u00f3n capitalista. En un pa\u00eds donde hay una gran concentraci\u00f3n de la riqueza, y con el nivel m\u00e1s alto de pobreza y desigualdad en Am\u00e9rica Latina. <\/span><span style=\"font-weight: 400;\">\u00abJam\u00e1s he pronunciado la palabra expropiaci\u00f3n\u00bb, dijo en uno de los debates con los otros candidatos. Incluso, junto a la candidata a vicepresidenta Francia M\u00e1rquez, firm\u00f3 en una notar\u00eda un compromiso de no expropiar. Adem\u00e1s, plantea mantener los tratados de libre comercio suscritos por Colombia, renegoci\u00e1ndolos, perpetuando as\u00ed la dominaci\u00f3n imperialista.\u00a0\u00a0<\/span><\/p>\n<p><span style=\"font-weight: 400;\">Manteniendo la econom\u00eda en manos de los grandes grupos econ\u00f3micos, como propone Petro, no habr\u00e1 soluci\u00f3n para el pueblo, los trabajadores, trabajadoras, campesinos y j\u00f3venes colombianos, por eso hay que seguir luchando, tal como se hizo el a\u00f1o pasado desde abril. Seguir peleando contra la explotaci\u00f3n capitalista y por los principales reclamos obreros y populares.<\/span><\/p>\n<p><span style=\"font-weight: 400;\">Colombia es un pa\u00eds que durante d\u00e9cadas ha sido gobernado por partidos\u00a0 burgueses de derecha conservadora y liberal (Uribe, Santos, Duque, entre otros) totalmente entregados al imperialismo norteamericano. A\u00f1os de aplicaci\u00f3n de paquetazos de ajuste han sumido al pueblo en la pobreza y la m\u00e1s despiadada explotaci\u00f3n, amparada en la violaci\u00f3n sistem\u00e1tica de los derechos humanos, los falsos positivos, la violencia paramilitar y estatal.<\/span><\/p>\n<p><span style=\"font-weight: 400;\">Como ya hemos venido diciendo, este llamado a votar por Petro no significa que abriguemos expectativas en un eventual gobierno del candidato del Pacto Hist\u00f3rico, pero su triunfo, sin duda, abrir\u00eda un per\u00edodo de esperanza y altas expectativas en el nuevo gobierno. A los millones de personas que votar\u00e1n por Petro les decimos que hay que seguir movilizados, confiar en sus propias fuerzas, no esperar que del gobierno vengan las soluciones, continuar exigiendo las reivindicaciones que inspiraron la rebeli\u00f3n del pasado a\u00f1o, y cuya soluci\u00f3n sigue pendiente. El pueblo colombiano debe mantenerse movilizado por sus urgentes reclamos; construyendo una alternativa revolucionaria, y en la perspectiva de luchar por un Gobierno de las y los Trabajadores y el Pueblo.<\/span><\/p>\n","protected":false},"excerpt":{"rendered":"<p>Por Miguel \u00c1ngel Hern\u00e1ndez Arvelo, dirigente de Partido Socialismo y Libertad \/PSL-secci\u00f3n de la UIT-CI de Venezuela El pr\u00f3ximo domingo 19 de junio se llevar\u00e1 a cabo la segunda vuelta de las elecciones presidenciales en Colombia. Las encuestas dan un empate t\u00e9cnico entre Gustavo Petro y Rodolfo Hern\u00e1ndez. En la primera vuelta, celebrada el pasado [&hellip;]<\/p>\n","protected":false},"author":2,"featured_media":10713,"comment_status":"closed","ping_status":"closed","sticky":false,"template":"","format":"standard","meta":[],"categories":[70,27],"tags":[232,210,238,157,332,386,208,235,1066,1124,275,1125],"_links":{"self":[{"href":"https:\/\/uit-ci.org\/index.php\/wp-json\/wp\/v2\/posts\/10706"}],"collection":[{"href":"https:\/\/uit-ci.org\/index.php\/wp-json\/wp\/v2\/posts"}],"about":[{"href":"https:\/\/uit-ci.org\/index.php\/wp-json\/wp\/v2\/types\/post"}],"author":[{"embeddable":true,"href":"https:\/\/uit-ci.org\/index.php\/wp-json\/wp\/v2\/users\/2"}],"replies":[{"embeddable":true,"href":"https:\/\/uit-ci.org\/index.php\/wp-json\/wp\/v2\/comments?post=10706"}],"version-history":[{"count":1,"href":"https:\/\/uit-ci.org\/index.php\/wp-json\/wp\/v2\/posts\/10706\/revisions"}],"predecessor-version":[{"id":10712,"href":"https:\/\/uit-ci.org\/index.php\/wp-json\/wp\/v2\/posts\/10706\/revisions\/10712"}],"wp:featuredmedia":[{"embeddable":true,"href":"https:\/\/uit-ci.org\/index.php\/wp-json\/wp\/v2\/media\/10713"}],"wp:attachment":[{"href":"https:\/\/uit-ci.org\/index.php\/wp-json\/wp\/v2\/media?parent=10706"}],"wp:term":[{"taxonomy":"category","embeddable":true,"href":"https:\/\/uit-ci.org\/index.php\/wp-json\/wp\/v2\/categories?post=10706"},{"taxonomy":"post_tag","embeddable":true,"href":"https:\/\/uit-ci.org\/index.php\/wp-json\/wp\/v2\/tags?post=10706"}],"curies":[{"name":"wp","href":"https:\/\/api.w.org\/{rel}","templated":true}]}}