{"id":10726,"date":"2022-06-15T22:38:40","date_gmt":"2022-06-15T22:38:40","guid":{"rendered":"http:\/\/uit-ci.org\/?p=10726"},"modified":"2022-06-16T02:43:58","modified_gmt":"2022-06-16T02:43:58","slug":"silvia-santos-presente","status":"publish","type":"post","link":"https:\/\/uit-ci.org\/index.php\/2022\/06\/15\/silvia-santos-presente\/","title":{"rendered":"Silvia Santos, \u00a1Presente!"},"content":{"rendered":"<p><span style=\"font-weight: 400;\">15\/06\/2022. Acabamos de recibir la triste noticia del fallecimiento de nuestra compa\u00f1era Silvia Santos, dirigente de la UIT-CI y fundadora de la CST. Silvia fue durante mucho tiempo militante de la izquierda petista y fue fundadora y dirigente nacional del PSOL.<\/span><\/p>\n<p><span style=\"font-weight: 400;\">Hemos seguido su \u00faltima y larga batalla contra una enfermedad, desgraciadamente incurable. Hoy esa lucha llega a su fin. Es un d\u00eda triste para la CST y la UIT-CI, donde durante muchos, muchos a\u00f1os, la camarada Silvia estuvo a la cabeza como nuestra dirigente. Con ella vivimos momentos importantes en la lucha por la construcci\u00f3n del trotskismo en Brasil.<\/span><\/p>\n<p><span style=\"font-weight: 400;\">Su lucha y su trayectoria no fueron en vano. Seguiremos firmes y fuertes en la construcci\u00f3n del CST y en la lucha por la unidad de los revolucionarios y revolucionarias.<\/span><\/p>\n<p><span style=\"font-weight: 400;\">La CST env\u00eda sus condolencias al compa\u00f1ero Adolfo, tambi\u00e9n fundador de CST; a los compa\u00f1eros de Izquierda Socialista y la UIT-CI; y a todos los familiares y amigos de Silvia.<\/span><\/p>\n<p><span style=\"font-weight: 400;\">\u00a1Hasta el socialismo camarada Silvia! \u00a1Siempre!<\/span><\/p>\n<p><b>Corriente Socialista de los Trabajadores (CST) \/UIT-CI &#8211; Tendencia del PSOL<\/b><\/p>\n","protected":false},"excerpt":{"rendered":"<p>15\/06\/2022. Acabamos de recibir la triste noticia del fallecimiento de nuestra compa\u00f1era Silvia Santos, dirigente de la UIT-CI y fundadora de la CST. Silvia fue durante mucho tiempo militante de la izquierda petista y fue fundadora y dirigente nacional del PSOL. Hemos seguido su \u00faltima y larga batalla contra una enfermedad, desgraciadamente incurable. Hoy esa [&hellip;]<\/p>\n","protected":false},"author":2,"featured_media":10727,"comment_status":"closed","ping_status":"closed","sticky":false,"template":"","format":"standard","meta":[],"categories":[35],"tags":[119,304,494,1126,485,556,1127,491,999],"_links":{"self":[{"href":"https:\/\/uit-ci.org\/index.php\/wp-json\/wp\/v2\/posts\/10726"}],"collection":[{"href":"https:\/\/uit-ci.org\/index.php\/wp-json\/wp\/v2\/posts"}],"about":[{"href":"https:\/\/uit-ci.org\/index.php\/wp-json\/wp\/v2\/types\/post"}],"author":[{"embeddable":true,"href":"https:\/\/uit-ci.org\/index.php\/wp-json\/wp\/v2\/users\/2"}],"replies":[{"embeddable":true,"href":"https:\/\/uit-ci.org\/index.php\/wp-json\/wp\/v2\/comments?post=10726"}],"version-history":[{"count":1,"href":"https:\/\/uit-ci.org\/index.php\/wp-json\/wp\/v2\/posts\/10726\/revisions"}],"predecessor-version":[{"id":10732,"href":"https:\/\/uit-ci.org\/index.php\/wp-json\/wp\/v2\/posts\/10726\/revisions\/10732"}],"wp:featuredmedia":[{"embeddable":true,"href":"https:\/\/uit-ci.org\/index.php\/wp-json\/wp\/v2\/media\/10727"}],"wp:attachment":[{"href":"https:\/\/uit-ci.org\/index.php\/wp-json\/wp\/v2\/media?parent=10726"}],"wp:term":[{"taxonomy":"category","embeddable":true,"href":"https:\/\/uit-ci.org\/index.php\/wp-json\/wp\/v2\/categories?post=10726"},{"taxonomy":"post_tag","embeddable":true,"href":"https:\/\/uit-ci.org\/index.php\/wp-json\/wp\/v2\/tags?post=10726"}],"curies":[{"name":"wp","href":"https:\/\/api.w.org\/{rel}","templated":true}]}}