{"id":10840,"date":"2022-06-23T13:46:40","date_gmt":"2022-06-23T13:46:40","guid":{"rendered":"http:\/\/uit-ci.org\/?p=10840"},"modified":"2022-06-23T18:24:47","modified_gmt":"2022-06-23T18:24:47","slug":"chile-libertad-y-absolucion-para-estefano-ya","status":"publish","type":"post","link":"https:\/\/uit-ci.org\/index.php\/2022\/06\/23\/chile-libertad-y-absolucion-para-estefano-ya\/","title":{"rendered":"Chile: Libertad y Absoluci\u00f3n para Estefano YA!"},"content":{"rendered":"<p>Por <strong>Unidad Internacional de Trabajadoras y Trabajadores &#8211; Cuarta Internacional<\/strong><\/p>\n<p><span style=\"font-weight: 400;\">Estefano, un chico trans masculino de la comuna de Pudahuel, periferia norponiente de Santiago de Chile, se encontraba en una plaza en\u00a0 una tarde noche de\u00a0 abril, cuando unos sujetos se bajaron de un auto a increpar, apuntando a su identidad y desmoralizando su persona con insultos que aluden a una conversi\u00f3n como \u201c te vamos a hacer mujer\u201d.<\/span><\/p>\n<p><span style=\"font-weight: 400;\">Entre la discusi\u00f3n, uno de los agresores intent\u00f3 herir a Estefano con un arma blanca. \u00c9l se defendi\u00f3 y pudo arrebatar el arma para poder usarla en defensa propia, propinando una pu\u00f1alada en la sien que mat\u00f3 al instante al sujeto transodiante.<\/span><\/p>\n<p><span style=\"font-weight: 400;\">Los medios de comunicaciones hegem\u00f3nicos no tardaron en visibilizar lo sucedido, como Radio Cooperativa y Biob\u00edo, que instalaron a Estefano como un asesino, sin comentar el real suceso que conllevo a consumar este hecho.<\/span><\/p>\n<p><span style=\"font-weight: 400;\">Al d\u00eda de hoy, Estefano permanece en la c\u00e1rcel de mujeres de San Miguel, en el que permanece a la espera de ser procesado. Todo esto bajo el silencio que denunciamos por parte\u00a0 de las organizaciones hegem\u00f3nicas m\u00e1s grandes como el Movilh e Iguales, sin pronunciamiento y el poco auge que se le ha dado a esta situaci\u00f3n al igual a autoridades y congresistas de las disidencias sexogen\u00e9ricas.<\/span><\/p>\n<p><span style=\"font-weight: 400;\">Estefano hizo uso de su leg\u00edtimo derecho a la auto defensa, la posici\u00f3n de vulnerabilidad social al ser una persona trans y pobre, defendi\u00e9ndose de una persona transodiante cis heterosexual que pretend\u00eda quitarle la vida en este ataque, bajo palabras de odio y discriminaci\u00f3n, no podemos podemos permitir que el derecho a la existencia de una persona mediante la defensa propia pueda ser amagada por falsas acusaciones y especulaci\u00f3n que rondan ante el caso.<\/span><\/p>\n<p><span style=\"font-weight: 400;\">Denunciamos la tergiversaci\u00f3n de los hechos por parte de los medios de comunicaci\u00f3n masivos y exigimos a las autoridades que se pronuncien por la absoluci\u00f3n inmediata del compa\u00f1ero Estefano. No nos vale que en per\u00edodo electoral se laven la cara haciendo campa\u00f1a con el lobby gay, como lo hizo Boric y el Frente Amplio, y ahora nos dejan totalmente desprotegides ante situaciones como esta, sin pol\u00edticas p\u00fablicas ni presupuesto para erradicar la violencia de g\u00e9nero y disidencias; es urgente que se reforme la Ley Zamudio (ley antidiscriminaci\u00f3n), que pueda dejar libre de punibilidad casos como el de Estefano: la autodefensa no es un delito!<\/span><\/p>\n<p><span style=\"font-weight: 400;\">Desde la Unidad Internacional de Trabajadores y Trabajadores &#8211; Cuarta Internacional (UIT-CI), hacemos un llamado a la m\u00e1s amplia solidaridad internacional y a la acci\u00f3n conjunta con las organizaciones LGBTIQANB+ y personas autoconvocadas, partidos pol\u00edticos y organizaciones sociales territoriales. Salgamos a las calles para exigir la libertad de Estefano! Basta de transodio! Est\u00e9fano absoluci\u00f3n!<\/span><\/p>\n","protected":false},"excerpt":{"rendered":"<p>Por Unidad Internacional de Trabajadoras y Trabajadores &#8211; Cuarta Internacional Estefano, un chico trans masculino de la comuna de Pudahuel, periferia norponiente de Santiago de Chile, se encontraba en una plaza en\u00a0 una tarde noche de\u00a0 abril, cuando unos sujetos se bajaron de un auto a increpar, apuntando a su identidad y desmoralizando su persona [&hellip;]<\/p>\n","protected":false},"author":2,"featured_media":10841,"comment_status":"closed","ping_status":"closed","sticky":false,"template":"","format":"standard","meta":[],"categories":[76,26,60],"tags":[833,140,193,483,490,293,395,1141],"_links":{"self":[{"href":"https:\/\/uit-ci.org\/index.php\/wp-json\/wp\/v2\/posts\/10840"}],"collection":[{"href":"https:\/\/uit-ci.org\/index.php\/wp-json\/wp\/v2\/posts"}],"about":[{"href":"https:\/\/uit-ci.org\/index.php\/wp-json\/wp\/v2\/types\/post"}],"author":[{"embeddable":true,"href":"https:\/\/uit-ci.org\/index.php\/wp-json\/wp\/v2\/users\/2"}],"replies":[{"embeddable":true,"href":"https:\/\/uit-ci.org\/index.php\/wp-json\/wp\/v2\/comments?post=10840"}],"version-history":[{"count":2,"href":"https:\/\/uit-ci.org\/index.php\/wp-json\/wp\/v2\/posts\/10840\/revisions"}],"predecessor-version":[{"id":10888,"href":"https:\/\/uit-ci.org\/index.php\/wp-json\/wp\/v2\/posts\/10840\/revisions\/10888"}],"wp:featuredmedia":[{"embeddable":true,"href":"https:\/\/uit-ci.org\/index.php\/wp-json\/wp\/v2\/media\/10841"}],"wp:attachment":[{"href":"https:\/\/uit-ci.org\/index.php\/wp-json\/wp\/v2\/media?parent=10840"}],"wp:term":[{"taxonomy":"category","embeddable":true,"href":"https:\/\/uit-ci.org\/index.php\/wp-json\/wp\/v2\/categories?post=10840"},{"taxonomy":"post_tag","embeddable":true,"href":"https:\/\/uit-ci.org\/index.php\/wp-json\/wp\/v2\/tags?post=10840"}],"curies":[{"name":"wp","href":"https:\/\/api.w.org\/{rel}","templated":true}]}}