{"id":11,"date":"2012-04-19T03:02:41","date_gmt":"2012-04-19T03:02:41","guid":{"rendered":"http:\/\/uit-ci.org\/index.php\/2012\/04\/19\/bolivia-a-60-anos-de-la-revolucion-de-1952\/"},"modified":"2025-07-28T20:41:40","modified_gmt":"2025-07-28T20:41:40","slug":"bolivia-a-60-anos-de-la-revolucion-de-1952","status":"publish","type":"post","link":"https:\/\/uit-ci.org\/index.php\/2012\/04\/19\/bolivia-a-60-anos-de-la-revolucion-de-1952\/","title":{"rendered":"Bolivia y la revoluci\u00f3n obrera de 1952"},"content":{"rendered":"<p><strong> Hace 60 a\u00f1os, el 9 de abril de 1952, las milicias mineras, obreras y campesinas derrotaron al ej\u00e9rcito de la rosca (oligarqu\u00eda), dominaron La Paz e iniciaron la gran revoluci\u00f3n, cuyas ense\u00f1anzas siguen presentes.<\/strong><\/p>\n<p><img class=\" alignleft size-full wp-image-9\" style=\"margin-left: 0px; margin-right: 5px; float: left;\" src=\"http:\/\/uit-ci.org\/wp-content\/uploads\/2012\/04\/revolucion-boliviana-1.jpg\" alt=\"1952-2012 60 a\u00f1os de la Revoluci\u00f3n Boliviana\" width=\"240\" srcset=\"https:\/\/uit-ci.org\/wp-content\/uploads\/2012\/04\/revolucion-boliviana-1.jpg 500w, https:\/\/uit-ci.org\/wp-content\/uploads\/2012\/04\/revolucion-boliviana-1-300x110.jpg 300w\" sizes=\"(max-width: 500px) 100vw, 500px\" \/><\/p>\n<div>\n<p>En 1952, Bolivia ten\u00eda 3.100.000 habitantes, 23% urbanos. El 90% analfabeto, sin derecho a voto. La tierra estaba en manos de unos pocos oligarcas y la masa ind\u00edgena reducida al \u201cpongaje\u201d (servidumbre, trabajo gratuito para el terrateniente). Pero tambi\u00e9n ten\u00eda la miner\u00eda de esta\u00f1o m\u00e1s moderna, concentrada en tres grandes<\/p>\n<p><!--more--><\/p>\n<p>&nbsp;<\/p>\n<p>compa\u00f1\u00edas, las de Pati\u00f1o, Aramayo y Hoschild, asociados a empresas yanquis e inglesas, con 40.000 obreros mineros superexplotados. En junio de 1946, un golpe derroc\u00f3 y asesin\u00f3 a Gualberto Villarroel, un militar nacionalista como Per\u00f3n y de la misma \u00e9poca.<\/p>\n<p>En noviembre de ese a\u00f1o se realiz\u00f3 un Congreso Extraordinario de la Federaci\u00f3n de Trabajadores Mineros que vot\u00f3 las \u201cTesis de Pulacayo\u201d, en las que declaran su oposici\u00f3n al gobierno de la \u201crosca\u201d y proclaman la lucha por el socialismo y el gobierno de los trabajadores.<\/p>\n<p>En 1951, aunque solo votaba el 10 % que sab\u00eda leer, gan\u00f3 las elecciones presidenciales el MNR (Movimiento Nacionalista Revolucionario), un movimiento peque\u00f1o burgu\u00e9s con definiciones antiimperialistas, encabezado por V\u00edctor Paz Estenssoro. La \u201crosca\u201d de magnates mineros dio un golpe de estado militar, neg\u00e1ndose a entregarles el poder.<\/p>\n<p><strong> La insurrecci\u00f3n<\/strong><\/p>\n<p>Mientras V\u00edctor Paz Estenssoro, exiliado en Buenos Aires, intentaba negociar con los militares, Juan Lech\u00edn, dirigente minero perteneciente al MNR, llam\u00f3 a los trabajadores a levantarse.<\/p>\n<p>En abril de 1952 estalla la insurrecci\u00f3n. Los mineros llegaron a La Paz armados con dinamita, asaltaron el arsenal central y luego la base a\u00e9rea, consiguieron armas y resistieron el bombardeo de la ciudad por el ej\u00e9rcito. Un sector de la polic\u00eda se pleg\u00f3 a la insurrecci\u00f3n. A los tres d\u00edas, el ej\u00e9rcito se hab\u00eda desmoronado ante el poder de las milicias armadas, obreras y campesinas que dominaban La Paz, Oruro y el pa\u00eds.<\/p>\n<p><strong> Le regalan la presidencia a Paz Estenssoro<\/strong> <img class=\" alignright size-full wp-image-10\" style=\"float: right; margin-left: 20px; margin-right: 20px;\" src=\"http:\/\/uit-ci.org\/wp-content\/uploads\/2012\/04\/revolucion-boliviana-2.jpg\" alt=\"1952-2012 60 a\u00f1os de la Revoluci\u00f3n Boliviana\" width=\"200\" align=\"right\" border=\"0\" srcset=\"https:\/\/uit-ci.org\/wp-content\/uploads\/2012\/04\/revolucion-boliviana-2.jpg 400w, https:\/\/uit-ci.org\/wp-content\/uploads\/2012\/04\/revolucion-boliviana-2-300x260.jpg 300w\" sizes=\"(max-width: 400px) 100vw, 400px\" \/><\/p>\n<p>Los trabajadores ten\u00edan las armas, fuertes sindicatos, fundan la COB (Central Obrera Boliviana) y decid\u00edan sobre el abastecimiento de alimentos y el transporte. El principal dirigente de la COB era Juan Lech\u00edn, que compart\u00eda la direcci\u00f3n con el POR (Partido Obrero Revolucionario), el cual respond\u00eda entonces a las posiciones de Michel Pablo y Ernest Mandel, (corriente de la Cuarta Internacional que hoy se denomina Secretariado Unificado). Estaban dadas todas las condiciones para que la COB asumiera formalmente el poder. Pero su direcci\u00f3n convoc\u00f3 a Paz Estenssoro, que volvi\u00f3 del exilio el 14 de abril, a quien le regalaron la presidencia.<\/p>\n<p>La movilizaci\u00f3n obrera y campesina segu\u00eda presionando. Se logr\u00f3 la nacionalizaci\u00f3n de todas las minas. Los campesinos se alzaron, ocuparon las haciendas en el altiplano y los valles, echaron a los terratenientes y recuperaron las tierras. Se logr\u00f3 el voto universal, incluyendo a las mayor\u00edas ind\u00edgenas y mujeres.<\/p>\n<p>Pero el MNR en el poder muy pronto pact\u00f3 con la burgues\u00eda y el imperialismo. Nombr\u00f3 ministros a Lech\u00edn y a otros dirigentes de la COB, pero al servicio de mantener la propiedad y el r\u00e9gimen econ\u00f3mico burgu\u00e9s capitalista. Pact\u00f3 con el FMI y entreg\u00f3 el petr\u00f3leo, nacionalizado desde la d\u00e9cada del treinta, a los yanquis. En el Oriente del pa\u00eds el MNR reparti\u00f3 las tierras ind\u00edgenas entre sus dirigentes y amigos.<\/p>\n<p>Aunque tardaron diez a\u00f1os, lograron desarmar las milicias y, con asesoramiento y armas yanquis, recomponer el ej\u00e9rcito burgu\u00e9s. En 1964, un nuevo golpe militar impuso la dictadura del general Ren\u00e9 Barrientos, cerrando as\u00ed uno de los cap\u00edtulos revolucionarios m\u00e1s importantes de la historia latinoamericana.<\/p>\n<p><strong> Pod\u00edan gobernar los trabajadores y campesinos<\/strong><\/p>\n<p>La gran lecci\u00f3n de 1952 es que los trabajadores, campesinos e ind\u00edgenas, podr\u00edan haber asumido el poder pol\u00edtico con la COB y los sindicatos, y hacer el cambio de fondo definido en las tesis de Pulacayo: expropiar al conjunto de los grandes capitalistas y terratenientes e iniciar la construcci\u00f3n de una econom\u00eda socialista, convocando a los trabajadores latinoamericanos a hacer lo mismo. Tres a\u00f1os antes hab\u00eda triunfado una revoluci\u00f3n de los campesinos pobres en China que hab\u00eda expropiado a los capitalistas y terratenientes. El imperialismo estaba empantanado en la guerra de Corea intentando frenar la revoluci\u00f3n asi\u00e1tica. La conquista de todo el poder por la COB y una revoluci\u00f3n socialista en Bolivia hubiera desatado una revoluci\u00f3n latinoamericana. El camino de pactar con intereses capitalistas y transnacionales, llev\u00f3 a la derrota. Juan Lech\u00edn -y tambi\u00e9n la direcci\u00f3n del POR y del PC de entonces- son responsables de haber llamado a la clase obrera y a los campesinos a confiar en Paz Estenssoro en vez de asumir el poder con la COB.<\/p>\n<p>&nbsp;<\/p>\n<hr \/>\n<p><strong> Recuerdos de Domitila Chungara<\/strong><\/p>\n<p>&nbsp;<\/p>\n<p>\u201cMi pap\u00e1 me anunci\u00f3 que se iba lejos, de comisi\u00f3n. Hab\u00eda comprado v\u00edveres. Me pidi\u00f3 que cuidara a mis hermanas\u2026 Al d\u00eda siguiente vi a las mujeres sentadas en las calles, llorando. Dec\u00edan que los hombres hab\u00edan ido a luchar.<\/p>\n<p>Poco despu\u00e9s, una ma\u00f1ana, empezaron a tocar las campanas, las sirenas y la gente sal\u00eda y gritaba \u2018\u00a1Hemos ganado! \u00a1Hemos destruido al Ej\u00e9rcito!\u00b4 Y a la noche, lleg\u00f3 primero la banda con sus estandartes\u2026 todos en fila, con sus guardatojos (cascos) brillando, varias filas de mineros. Estaba mi pap\u00e1 con su fusil cruzado\u2026 \u2018Papi, papi\u2019. Me mir\u00f3 con mucha alegr\u00eda y me dijo: \u2018Hemos ganado, hijita, nunca m\u00e1s ahora los ni\u00f1os van a andar descalzos\u2019. Y empezaron las medidas econ\u00f3micas para los obreros: bonos de producci\u00f3n, subsidio familiar, cajas de seguro social. Ya todos pod\u00edamos ir al hospital&#8230;\u201d (Entrevista realizada en junio 2011, publicada en P\u00e1gina12. Domitila, c\u00e9lebre por haber encabezado una huelga de hambre de mujeres de mineros contra la dictadura de Banzer en 1978, falleci\u00f3 recientemente en Cochabamba).<\/p>\n<p><strong> En el 2003 se repiti\u00f3 la historia<\/strong><\/p>\n<p>En octubre de 2003 es derrocado el neoliberal S\u00e1nchez de Losada por la insurrecci\u00f3n popular exigiendo nacionalizar el gas. Dirigentes de la FEJUVE de El Alto plantearon la necesidad de conquistar el poder para el movimiento obrero, ind\u00edgena, popular y campesino, con la COB, la FEJUVE y otras organizaciones. Hab\u00eda enormes condiciones, por la divisi\u00f3n del ej\u00e9rcito y el poder popular en las calles.<\/p>\n<p>Sin embargo, Evo Morales y el MAS, junto a los operadores del imperialismo y la burgues\u00eda lograron reunir al Congreso para elegir a Carlos Mesa, que era vicepresidente. Antes la COB dio permiso para que pudieran entrar al Congreso los diputados y senadores.<\/p>\n<p>En el 2005 un nuevo levantamiento popular derrib\u00f3 a Carlos Mesa y debieron convocar a las elecciones en las que triunf\u00f3 el MAS con un 54%. Pero el MAS no conquista el poder para las organizaciones populares, siguiendo las huellas del MNR en 1952, pacta con los patrones y transnacionales y reprime al pueblo.<\/p>\n<p>La Protesta, adherente a la UIT-CI, se constituye como organizaci\u00f3n revolucionaria fundada por ex dirigentes de la FEJUVE de 2003 y 2005, para luchar para que las organizaciones obreras, populares, campesinas e ind\u00edgenas tomen el poder pol\u00edtico, organizadas en forma democr\u00e1tica desde sus bases, para conquistar una Bolivia socialista.<\/p>\n<hr \/>\n<p>&nbsp;<\/p>\n<p><strong> La pol\u00e9mica en el trotskismo<\/strong><\/p>\n<p>Nahuel Moreno fue siguiendo muy de cerca aquellos acontecimientos. Rechaz\u00f3 la pol\u00edtica del POR y del pablismo-mandelismo, de apoyo cr\u00edtico al gobierno de Paz Estenssoro. En mayo de 1952 el peri\u00f3dico que dirig\u00eda Moreno en Buenos Aires, llamaba a la vanguardia obrera boliviana a determinar si \u201cse gana avanzando por el camino revolucionario hacia el poder aut\u00e9nticamente obrero o se pierde por el camino de la conciliaci\u00f3n y de la esperanza pasiva en los cuadros dirigentes del MNR.\u201d (Frente Proletario N\u00ba 73).<\/p>\n<p>En enero de 1953 ya directamente se denunciaba en Frente Proletario el car\u00e1cter traidor de la direcci\u00f3n de la COB, planteando \u201cLech\u00edn sirve a la Rosca\u201d, y defin\u00eda con claridad la consigna \u201cTodo el poder a la COB\u201d.<\/p>\n<\/div>\n","protected":false},"excerpt":{"rendered":"<p>Hace 60 a\u00f1os, el 9 de abril de 1952, las milicias mineras, obreras y campesinas derrotaron al ej\u00e9rcito de la rosca (oligarqu\u00eda), dominaron La Paz e iniciaron la gran revoluci\u00f3n, cuyas ense\u00f1anzas siguen presentes. En 1952, Bolivia ten\u00eda 3.100.000 habitantes, 23% urbanos. El 90% analfabeto, sin derecho a voto. La tierra estaba en manos de [&hellip;]<\/p>\n","protected":false},"author":1,"featured_media":9,"comment_status":"open","ping_status":"open","sticky":false,"template":"","format":"standard","meta":[],"categories":[24,34],"tags":[],"_links":{"self":[{"href":"https:\/\/uit-ci.org\/index.php\/wp-json\/wp\/v2\/posts\/11"}],"collection":[{"href":"https:\/\/uit-ci.org\/index.php\/wp-json\/wp\/v2\/posts"}],"about":[{"href":"https:\/\/uit-ci.org\/index.php\/wp-json\/wp\/v2\/types\/post"}],"author":[{"embeddable":true,"href":"https:\/\/uit-ci.org\/index.php\/wp-json\/wp\/v2\/users\/1"}],"replies":[{"embeddable":true,"href":"https:\/\/uit-ci.org\/index.php\/wp-json\/wp\/v2\/comments?post=11"}],"version-history":[{"count":1,"href":"https:\/\/uit-ci.org\/index.php\/wp-json\/wp\/v2\/posts\/11\/revisions"}],"predecessor-version":[{"id":22988,"href":"https:\/\/uit-ci.org\/index.php\/wp-json\/wp\/v2\/posts\/11\/revisions\/22988"}],"wp:featuredmedia":[{"embeddable":true,"href":"https:\/\/uit-ci.org\/index.php\/wp-json\/wp\/v2\/media\/9"}],"wp:attachment":[{"href":"https:\/\/uit-ci.org\/index.php\/wp-json\/wp\/v2\/media?parent=11"}],"wp:term":[{"taxonomy":"category","embeddable":true,"href":"https:\/\/uit-ci.org\/index.php\/wp-json\/wp\/v2\/categories?post=11"},{"taxonomy":"post_tag","embeddable":true,"href":"https:\/\/uit-ci.org\/index.php\/wp-json\/wp\/v2\/tags?post=11"}],"curies":[{"name":"wp","href":"https:\/\/api.w.org\/{rel}","templated":true}]}}