{"id":11221,"date":"2022-07-15T15:46:44","date_gmt":"2022-07-15T15:46:44","guid":{"rendered":"http:\/\/uit-ci.org\/?p=11221"},"modified":"2022-07-23T16:23:45","modified_gmt":"2022-07-23T16:23:45","slug":"enfrenta-el-plan-de-hambre-del-gobierno","status":"publish","type":"post","link":"https:\/\/uit-ci.org\/index.php\/2022\/07\/15\/enfrenta-el-plan-de-hambre-del-gobierno\/","title":{"rendered":"Panam\u00e1: Siguen las protestas contra el ajuste"},"content":{"rendered":"<p>Por<b> Virgilio Ara\u00faz, dirigente de Propuesta Socialista, secci\u00f3n paname\u00f1a de la UIT-CI<\/b><\/p>\n<p><i>Con el t\u00edtulo :\u00bbApoyemos y sum\u00e9monos a quienes luchan\u00bb, se encabeza el \u00faltimo comunicado de Propuesta Socialista, secci\u00f3n oficial de la UIT-CI en Panam\u00e1, publicado el pasado 12 de julio.<\/i><\/p>\n<p>15\/7\/2022. Panam\u00e1 tiene 15 d\u00edas de paro de docentes a nivel nacional, y manifestaciones diarias de las principales fuerzas sindicales, agrupadas en \u00abLa alianza pueblo unido por la vida\u00bb y \u00abAlianza nacional por los derechos del pueblo\u00bb (Anadepo). En la primera se destaca el sindicato m\u00e1s fuerte del pa\u00eds, SUNTRACS, de la construcci\u00f3n, y la Asociaci\u00f3n de Profesores de la Rep\u00fablica de Panam\u00e1, centrales obreras como CONUSI, Convergencia Sindical, Central Nacional de Trabajadores, federaciones y sindicatos independientes. En Anadepo destaca la importante Asociaci\u00f3n de Educadores de Veraguas y otros gremios docentes, federaciones sindicales como FUCLAT, y otros grupos populares. Participan, adem\u00e1s de \u00e9stos agrupamientos los pueblos originarios, como los Gnobe Bugle, quienes han sido un factor importante en los cierres o cortes de calles hacia la provincia lim\u00edtrofe con Costa Rica, y por consiguiente conexi\u00f3n v\u00eda terrestre con el resto de Centroam\u00e9rica. Y tambi\u00e9n participan sectores sindicales independientes como la Asociaci\u00f3n de Empleados de la Caja de Seguro Social, pobladores agrupados en la Coordinadora Victoriano Lorenzo, e independientes, ya que se han integrado a las movilizaciones vastos sectores de la poblaci\u00f3n que no son parte de las organizaciones existentes.<\/p>\n<p>Todo ese conglomerado de organizaciones ha imposibilitado que el gobierno del partido PRD, que fund\u00f3 Omar Torrijos, haya podido contener las movilizaciones.<\/p>\n<p><span style=\"font-size: large;\"><b>El plan del Imperialismo yanqui, FMI y Banco Mundial, y la burgues\u00eda es lo que enfrenta la clase trabajadora y el pueblo<\/b><\/span><\/p>\n<p>El gobierno de Cortizo-PRD-torrijista, ha venido entregando cada vez m\u00e1s el pa\u00eds a las multinacionales. Casi todos los proyectos econ\u00f3micos tienen que ver con zonas especiales como la Panam\u00e1-Pacifico o la llamada \u00abCiudad del Saber\u00bb, ambas construidas en \u00e1reas recuperadas por la lucha antimperialista, junto al canal, y que eran bases militares yanquis acantonadas en lo que era la zona del canal (canal zone).<\/p>\n<p>Hasta en medio de la pandemia el gobierno de Cortizo-PRD-torrijista, impuso acuerdos con el imperialismo estableciendo bases militares disfrazadas de lucha contra el narcotr\u00e1fico y de atenci\u00f3n de migrantes, y tambi\u00e9n hizo otra ley para favorecer a multinacionales que realicen manufacturas en el pa\u00eds, con legislaci\u00f3n laboral y de migraci\u00f3n especial, y exonerada de impuestos.<\/p>\n<p>Todos estos proyectos de venta y alquiler del pa\u00eds se venden con el cuento de crear empleo. Otra farsa m\u00e1s no s\u00f3lo del gobierno, sino del r\u00e9gimen impuesto tras la invasi\u00f3n imperialista en 1989. A esa pol\u00edtica se sum\u00f3 toda la burgues\u00eda y todos sus partidos.<\/p>\n<p>Lo que han acentuado es la existencia de dos pa\u00edses. Uno de la opulencia que muestran como del crecimiento sobre el 8% en promedio de los 10 a\u00f1os previos a la pandemia, y el otro pa\u00eds, de un desempleo antes de pandemia de m\u00e1s del 10 % y de una informalidad de m\u00e1s de 40% seg\u00fan cifras oficiales (cifras no incluyen al campesinado pobre, con producci\u00f3n de subsistencia, cuyos ingresos est\u00e1n muy por debajo del salario m\u00ednimo y que consideran est\u00e1n trabajando). Desempleo que hoy, en la juventud, y peor en las mujeres, asciende al 30%.<\/p>\n<p>Es el pa\u00eds considerado por organismos internacionales como el sexto m\u00e1s desigual del mundo, y que le niegan donaciones por considerarlo de nivel medio, de acuerdo a su PIB o ingresos.<\/p>\n<p>El imperialismo yanqui y la burgues\u00eda insisten en el plan, para lo cual han aprovechado la pandemia, y ahora la invasi\u00f3n de Putin-Rusia a Ucrania para hacer el ajuste en la empresa privada, con legislaciones antiobreras del gobierno Cortizo-PRD-torrijista, que ha permitido a las empresas despidos con figuras de \u00abmutuo acuerdo\u00bb y otras, haciendo el ajuste que estaban deseando desde hace d\u00e9cadas. Se trata de la pol\u00edtica del capitalismo neoliberal de hacer pagar su crisis capitalista a la clase trabajadora y el pueblo.<\/p>\n<p>Toda la aplicaci\u00f3n del plan es acompa\u00f1ado de niveles de corrupci\u00f3n hist\u00f3ricos, que en los \u00faltimos 15 a\u00f1os sobrepasa los 15,000 millones de d\u00f3lares robados por gobiernos de todos los partidos al erario p\u00fablico.<\/p>\n<p>Esa pol\u00edtica es la que enfrenta hoy la clase trabajadora y sectores populares en lucha.<\/p>\n<p><span style=\"font-size: large;\"><b>El gobierno cede pero no lo suficiente o lo que exige el movimiento obrero y popular<\/b><\/span><\/p>\n<p>El gobierno de Cortizo-PRD-torrijista, ha venido cediendo en algunas cosas. Al inicio de la lucha hizo una rebaja al precio de la gasolina 0.25 y 0.28 de d\u00f3lar, del precio de casi 6 d\u00f3lares el gal\u00f3n. Ahora, al recrudecer las luchas y tener casi todo el pa\u00eds paralizado, la rebaja a 3.95 d\u00f3lares el gal\u00f3n y congela 10 productos m\u00e1s de la canasta b\u00e1sica de alimentos. A ello agrega un ajuste del 10% a la planilla estatal y contenci\u00f3n del gasto, sobretodo en viajes y vi\u00e1ticos.<\/p>\n<p>El comunicado de Propuesta Socialista UITCI, interpretando las necesidades de la clase trabajadora y el pueblo, antes citado, plantea las demandas:<\/p>\n<p>\u00abGasolina a 3.00 d\u00f3lares<\/p>\n<p>Rebaja y congelaci\u00f3n de toda la canasta b\u00e1sica.<\/p>\n<p>Alto a la mafia farmac\u00e9utica:<\/p>\n<p>Rebaja y congelaci\u00f3n de medicamentos y abastecimiento a 100% de las farmacias de la Caja de Seguro Social y de los centros de salud p\u00fablica.<\/p>\n<p>\u201cUna sola mesa una sola lucha\u201d. Que el gobierno no nos divida decidiendo con qui\u00e9n negocia: Un solo equipo negociador.\u00bb. Agrega el comunicado respondiendo al ajuste de la planilla estatal:<\/p>\n<p>\u00abNo aceptamos que trabajadores y trabajadoras estatales sean \u00abchivos expiatorios \u00bb como plantean los gremios empresariales, canales de TV y La Prensa, partidos tradicionales y falsos independientes, en campa\u00f1a electoral, auspiciados por MOVIN- Motta- empresarios y bufetes de abogados, ante la crisis de partidos tradicionales.\u00bb<\/p>\n<p>Propuesta Socialista UITCI, denuncia la intenci\u00f3n del gobierno:<\/p>\n<p>\u00abLo que pretende hacer el gobierno es aplicar el plan del FMI y Banco Mundial de despidos masivos de m\u00e1s de 20,000 trabajadores y trabajadoras estatales, como parte del plan de privatizaci\u00f3n de toda participaci\u00f3n del estado en la econom\u00eda. Eso incluye la Caja de Seguro Social y la salud y educaci\u00f3n. El discurso empresarial y de partidos y falsos independientes como Juan Diego V\u00e1squez, el sionista y proyanqui Edison Broce, Lombana y el cantante &#8211; compositor, ha sido contra la planilla estatal, disfrazando el discurso contra \u00abel clientelismo\u00bb que lo ponen como la causa de todos los males, cuando \u00e9ste forma parte del sistema que ellos llaman democr\u00e1tico ( con hambre y desempleo).\u00bb<\/p>\n<p>Concluye el comunicado de Propuesta Socialista UITCI:<\/p>\n<p>\u00abLa crisis capitalista es producto de la explotaci\u00f3n de empresas multinacionales y nacionales, la opresi\u00f3n imperialista a trav\u00e9s de planes del FMI y Banco Mundial, y que quieren mantener sus m\u00e1rgenes de ganancias\u00a0 y que le paguemos una deuda que pagamos y pagamos y sigue creciendo, y que ha financiado conscientemente la corrupci\u00f3n a gobiernos a SU servicio.<\/p>\n<p>La clase trabajadora y el pueblo no debemos pagar la crisis: que empresas multinacionales y nacionales paguen todos los impuestos, no a la evasi\u00f3n,\u00a0 impuesto de emergencia a empresas multinacionales y nacionales, no al pago de deuda que financi\u00f3 la corrupci\u00f3n\u00bb.<\/p>\n<p>En otros comunicados y en su peri\u00f3dico, Propuesta Socialista UIT-CI, ha planteado que ante la intransigencia gubernamental hay que seguir la lucha. Y tambi\u00e9n ha planteado, que la salida de fondo es la lucha por un gobierno de la clase trabajadora y el pueblo, que le de vuelta a la tortilla, acabando con la explotaci\u00f3n y opresi\u00f3n imperialista, su deuda externa y que impulse el pleno empleo digno, educaci\u00f3n, salud y seguridad gratuita y de calidad, etc.<\/p>\n","protected":false},"excerpt":{"rendered":"<p>Por Virgilio Ara\u00faz, dirigente de Propuesta Socialista, secci\u00f3n paname\u00f1a de la UIT-CI Con el t\u00edtulo :\u00bbApoyemos y sum\u00e9monos a quienes luchan\u00bb, se encabeza el \u00faltimo comunicado de Propuesta Socialista, secci\u00f3n oficial de la UIT-CI en Panam\u00e1, publicado el pasado 12 de julio. 15\/7\/2022. Panam\u00e1 tiene 15 d\u00edas de paro de docentes a nivel nacional, y [&hellip;]<\/p>\n","protected":false},"author":2,"featured_media":11222,"comment_status":"closed","ping_status":"closed","sticky":false,"template":"","format":"standard","meta":[],"categories":[29],"tags":[],"_links":{"self":[{"href":"https:\/\/uit-ci.org\/index.php\/wp-json\/wp\/v2\/posts\/11221"}],"collection":[{"href":"https:\/\/uit-ci.org\/index.php\/wp-json\/wp\/v2\/posts"}],"about":[{"href":"https:\/\/uit-ci.org\/index.php\/wp-json\/wp\/v2\/types\/post"}],"author":[{"embeddable":true,"href":"https:\/\/uit-ci.org\/index.php\/wp-json\/wp\/v2\/users\/2"}],"replies":[{"embeddable":true,"href":"https:\/\/uit-ci.org\/index.php\/wp-json\/wp\/v2\/comments?post=11221"}],"version-history":[{"count":2,"href":"https:\/\/uit-ci.org\/index.php\/wp-json\/wp\/v2\/posts\/11221\/revisions"}],"predecessor-version":[{"id":11233,"href":"https:\/\/uit-ci.org\/index.php\/wp-json\/wp\/v2\/posts\/11221\/revisions\/11233"}],"wp:featuredmedia":[{"embeddable":true,"href":"https:\/\/uit-ci.org\/index.php\/wp-json\/wp\/v2\/media\/11222"}],"wp:attachment":[{"href":"https:\/\/uit-ci.org\/index.php\/wp-json\/wp\/v2\/media?parent=11221"}],"wp:term":[{"taxonomy":"category","embeddable":true,"href":"https:\/\/uit-ci.org\/index.php\/wp-json\/wp\/v2\/categories?post=11221"},{"taxonomy":"post_tag","embeddable":true,"href":"https:\/\/uit-ci.org\/index.php\/wp-json\/wp\/v2\/tags?post=11221"}],"curies":[{"name":"wp","href":"https:\/\/api.w.org\/{rel}","templated":true}]}}