{"id":11971,"date":"2022-09-29T15:26:09","date_gmt":"2022-09-29T15:26:09","guid":{"rendered":"http:\/\/uit-ci.org\/?p=11971"},"modified":"2022-09-29T15:26:09","modified_gmt":"2022-09-29T15:26:09","slug":"peru-ningun-candidato-nos-representa-votemos-viciado-y-retomemos-la-lucha-por-una-salida-obrera-y-popular-a-la-crisis","status":"publish","type":"post","link":"https:\/\/uit-ci.org\/index.php\/2022\/09\/29\/peru-ningun-candidato-nos-representa-votemos-viciado-y-retomemos-la-lucha-por-una-salida-obrera-y-popular-a-la-crisis\/","title":{"rendered":"Per\u00fa: Ning\u00fan candidato nos representa. \u00a1Votemos viciado y retomemos la lucha por una salida obrera y popular a la crisis!"},"content":{"rendered":"<p>Por <strong>Partido de los y las Trabajadoras-UN\u00cdOS<\/strong>, secci\u00f3n peruana de la UIT-CI<\/p>\n<p>Este domingo 02 de octubre se llevar\u00e1n a cabo las elecciones Municipales y Regionales en todo el pa\u00eds. Se elegir\u00e1n a 25 gobernadores regionales, 196 alcaldes provinciales y 1694 alcaldes distritales por el periodo de cuatro a\u00f1os. <strong>Este proceso electoral se desarrolla en el marco de una profunda crisis del r\u00e9gimen de representaci\u00f3n<\/strong> de los pseudo partidos pol\u00edticos de alcance nacional que, una vez m\u00e1s, ser\u00e1n electoralmente rebasados por los diversos movimientos regionales y locales. Adem\u00e1s, las elecciones se dan en medio de una pelea en las alturas entre el gobierno de Pedro Castillo y el repudiado Congreso \u2014de mayor\u00eda neoliberal\u2014 ahora presidido por el exmilitar y derechista Jos\u00e9 Daniel Williams Zapata del Partido Avanza Pa\u00eds.<\/p>\n<p>En Lima, capital del pa\u00eds, no participan movimientos de alcance regional, pero s\u00ed participan ocho de los doce partidos pol\u00edticos de alcance nacional: Alianza para el Progreso (APP), Avanza Pa\u00eds (AP), Juntos por el Per\u00fa (JPP), Somos Per\u00fa (SP), Partido Frente de la Esperanza (PFE), Per\u00fa Libre (PL), Podemos Per\u00fa (PP) y Renovaci\u00f3n Popular (RP), motivo por el cual, <em>hay m\u00e1s del 50 % de indecisos y alrededor de un 15 % de electores que ha decidido viciar su voto. <\/em><\/p>\n<p>El fujimorismo, que busca meter un alcalde adicto a su pol\u00edtica de polarizaci\u00f3n parlamentaria contra el gobierno as\u00ed como la vacancia, no participa en este proceso, pero t\u00e1cticamente va en el coche del ultraderechista conservador: Rafael L\u00f3pez Aliaga (\u201cPorky\u201d), quien seg\u00fan las \u00faltimas encuestas ocupa el segundo lugar de votaci\u00f3n, muy cerca pero detr\u00e1s del exministro del Interior del gobierno humalista, Daniel Urresti, quien es investigado como autor mediato del asesinato del periodista Hugo Bust\u00edos y ahora postula por Podemos Per\u00fa, un partido cuyo due\u00f1o viene siendo investigado por corrupci\u00f3n.<\/p>\n<p>De los ocho partidos que compiten en la capital, dos de ellos \u2014Per\u00fa Libre y Juntos por el Per\u00fa\u2014 se declaran de izquierda, <strong>pero sus programas y pol\u00edticas continuistas no son alternativas<\/strong>. Es por eso que desde dentro del gobierno de Castillo \u2014como aliados externos\u2014 <strong>han sostenido el modelo sobre el hambre y la explotaci\u00f3n de las mayor\u00edas populares.<\/strong><\/p>\n<p>Por otra parte, el \u00faltimo debate electoral para la alcald\u00eda de Lima result\u00f3 m\u00e1s de lo mismo. Por un lado, los eternos problemas cada vez m\u00e1s grandes y, por el otro, candidatos sin ideas concretas ni solvencia t\u00e9cnica ni \u00e9tica para resolverlos. En general, todos presienten que los problemas locales est\u00e1n relacionados con los grandes problemas del pa\u00eds, <strong>pero ninguno de los candidatos cuestion\u00f3 la corrupta estructura subdesarrollada del pa\u00eds, incluidos los candidatos de izquierda.<\/strong> Todos los candidatos esconden, as\u00ed, que ellos son los responsables de la crisis que sufrimos y que sus falsas promesas no son m\u00e1s que espejitos de colores para robarle el voto al pueblo trabajador para luego gobernar contra ellos y a favor de los grandes capitalistas del campo y la ciudad. \u00a1Votemos viciado!<\/p>\n<p>En resumen, la necesidad que tiene el pa\u00eds para cambiar de rumbo a\u00fan sigue abierta. En la mayor\u00eda de las regiones, los pseudo partidos nacionales no tienen opciones por la existencia de movimientos regionales y locales, pero las grandes mayor\u00edas en Lima se encuentran obligadas a votar por cualquiera de estos pseudo partidos que no los representan, <strong>de all\u00ed su justificada indecisi\u00f3n a unos d\u00edas del proceso y su correcta postura por votar viciado. <\/strong><\/p>\n<p>Desde el Partido de los Trabajadores y Trabajadoras-Un\u00edos advertimos que todos los candidatos para la alcald\u00eda de Lima son m\u00e1s de lo mismo, que ninguno representa los intereses de las grandes mayor\u00edas trabajadoras y, en consecuencia, nos sumamos a ese segmento de electores que votar\u00e1 viciado, <strong>pero siempre comprendiendo que, independientemente de los resultados, la movilizaci\u00f3n por nuestros derechos laborales y mejores condiciones de vida continua.<\/strong><\/p>\n<p>En ese sentido denunciamos las falsas promesas como una trampa y que ninguno de los grandes problemas locales se resolver\u00e1 bajo este sistema podrido. <strong>Debemos retomar la movilizaci\u00f3n y organizaci\u00f3n por una salida obrera y popular a la crisis<\/strong>: por aumento de salarios y pensiones sin AFP; por un inmediato aumento del presupuesto para la salud y la educaci\u00f3n y\/o para la deuda externa y los enormes subsidios a los grandes capitalistas. Luchamos para terminar con la desocupaci\u00f3n y la informalidad poniendo en pie un gran plan nacional de obras p\u00fablicas y viviendas populares, as\u00ed como la prohibici\u00f3n de despidos y suspensiones. Para terminar con el modelo hay que nacionalizar el gas y la miner\u00eda, estatizar las empresas privatizadas por la dictadura fujimorista y as\u00ed poner los recursos del pa\u00eds al servicio del pueblo.<\/p>\n<p>&nbsp;<\/p>\n<p><strong>A votar viciado. A recuperar la movilizaci\u00f3n.<\/strong><\/p>\n","protected":false},"excerpt":{"rendered":"<p>Por Partido de los y las Trabajadoras-UN\u00cdOS, secci\u00f3n peruana de la UIT-CI Este domingo 02 de octubre se llevar\u00e1n a cabo las elecciones Municipales y Regionales en todo el pa\u00eds. Se elegir\u00e1n a 25 gobernadores regionales, 196 alcaldes provinciales y 1694 alcaldes distritales por el periodo de cuatro a\u00f1os. Este proceso electoral se desarrolla en [&hellip;]<\/p>\n","protected":false},"author":2,"featured_media":11972,"comment_status":"closed","ping_status":"closed","sticky":false,"template":"","format":"standard","meta":[],"categories":[60,30],"tags":[270,157,537,640,271,1037,1281,84,209,1282],"_links":{"self":[{"href":"https:\/\/uit-ci.org\/index.php\/wp-json\/wp\/v2\/posts\/11971"}],"collection":[{"href":"https:\/\/uit-ci.org\/index.php\/wp-json\/wp\/v2\/posts"}],"about":[{"href":"https:\/\/uit-ci.org\/index.php\/wp-json\/wp\/v2\/types\/post"}],"author":[{"embeddable":true,"href":"https:\/\/uit-ci.org\/index.php\/wp-json\/wp\/v2\/users\/2"}],"replies":[{"embeddable":true,"href":"https:\/\/uit-ci.org\/index.php\/wp-json\/wp\/v2\/comments?post=11971"}],"version-history":[{"count":1,"href":"https:\/\/uit-ci.org\/index.php\/wp-json\/wp\/v2\/posts\/11971\/revisions"}],"predecessor-version":[{"id":11977,"href":"https:\/\/uit-ci.org\/index.php\/wp-json\/wp\/v2\/posts\/11971\/revisions\/11977"}],"wp:featuredmedia":[{"embeddable":true,"href":"https:\/\/uit-ci.org\/index.php\/wp-json\/wp\/v2\/media\/11972"}],"wp:attachment":[{"href":"https:\/\/uit-ci.org\/index.php\/wp-json\/wp\/v2\/media?parent=11971"}],"wp:term":[{"taxonomy":"category","embeddable":true,"href":"https:\/\/uit-ci.org\/index.php\/wp-json\/wp\/v2\/categories?post=11971"},{"taxonomy":"post_tag","embeddable":true,"href":"https:\/\/uit-ci.org\/index.php\/wp-json\/wp\/v2\/tags?post=11971"}],"curies":[{"name":"wp","href":"https:\/\/api.w.org\/{rel}","templated":true}]}}