{"id":12241,"date":"2022-10-21T18:38:04","date_gmt":"2022-10-21T18:38:04","guid":{"rendered":"http:\/\/uit-ci.org\/?p=12241"},"modified":"2022-10-21T18:38:04","modified_gmt":"2022-10-21T18:38:04","slug":"video-solidaridad-con-orlando-barrantes","status":"publish","type":"post","link":"https:\/\/uit-ci.org\/index.php\/2022\/10\/21\/video-solidaridad-con-orlando-barrantes\/","title":{"rendered":"(v\u00eddeo) Solidaridad con Orlando Barrantes"},"content":{"rendered":"<p>Por <strong>Prensa UIT-CI<\/strong><\/p>\n<p>21\/10\/2022. La campa\u00f1a internacional por solidaridad con Orlando Barrantes, quien enfrenta un nuevo juicio, el octavo en su contra, en la continuidad de una fuerte persecuci\u00f3n pol\u00edtica que lleva ya 22 a\u00f1os. En este marco, el dirigente nacional de Propuesta Socialista, Virgilio Araoz, de la secci\u00f3n de la UIT-CI de Panam\u00e1, env\u00eda un saludo y mensaje en solidaridad con Orlando Barrantes y contra la persecuci\u00f3n que sufre.<\/p>\n<blockquote class=\"twitter-tweet\" data-width=\"500\" data-dnt=\"true\">\n<p lang=\"es\" dir=\"ltr\">Solidaridad con Orlando Barrantes<\/p>\n<p>En el marco de la campa\u00f1a internacional por solidaridad por Orlando Barrantes, Virgilio Araoz dirigente de <a href=\"https:\/\/twitter.com\/Propuestasocia2?ref_src=twsrc%5Etfw\">@Propuestasocia2<\/a>, secci\u00f3n de la UIT-CI de Panam\u00e1, deja un saludo y mensaje contra la persecuci\u00f3n pol\u00edtica que lleva ya 22 a\u00f1os.<\/p>\n<p>Ver <a href=\"https:\/\/t.co\/WuxUfXvlUI\">pic.twitter.com\/WuxUfXvlUI<\/a><\/p>\n<p>&mdash; UIT-CI (@UitCi) <a href=\"https:\/\/twitter.com\/UitCi\/status\/1583522442349203456?ref_src=twsrc%5Etfw\">October 21, 2022<\/a><\/p><\/blockquote>\n<p><script async src=\"https:\/\/platform.twitter.com\/widgets.js\" charset=\"utf-8\"><\/script><\/p>\n<p>&nbsp;<\/p>\n<hr \/>\n<p><a href=\"https:\/\/uit-ci.org\/index.php\/2022\/10\/04\/solidaridad-internacional-con-orlando-barrantes-abajo-los-juicios-politicos-en-su-contra\/\">Ver: Solidaridad internacional con Orlando Barrantes. Abajo los juicios pol\u00edticos en su contra<\/a><\/p>\n<hr \/>\n<p>&nbsp;<\/p>\n","protected":false},"excerpt":{"rendered":"<p>Por Prensa UIT-CI 21\/10\/2022. La campa\u00f1a internacional por solidaridad con Orlando Barrantes, quien enfrenta un nuevo juicio, el octavo en su contra, en la continuidad de una fuerte persecuci\u00f3n pol\u00edtica que lleva ya 22 a\u00f1os. En este marco, el dirigente nacional de Propuesta Socialista, Virgilio Araoz, de la secci\u00f3n de la UIT-CI de Panam\u00e1, env\u00eda [&hellip;]<\/p>\n","protected":false},"author":2,"featured_media":12247,"comment_status":"closed","ping_status":"closed","sticky":false,"template":"","format":"standard","meta":[],"categories":[76,29],"tags":[1268,1144,93,105,192,1312,788,219,150,293],"_links":{"self":[{"href":"https:\/\/uit-ci.org\/index.php\/wp-json\/wp\/v2\/posts\/12241"}],"collection":[{"href":"https:\/\/uit-ci.org\/index.php\/wp-json\/wp\/v2\/posts"}],"about":[{"href":"https:\/\/uit-ci.org\/index.php\/wp-json\/wp\/v2\/types\/post"}],"author":[{"embeddable":true,"href":"https:\/\/uit-ci.org\/index.php\/wp-json\/wp\/v2\/users\/2"}],"replies":[{"embeddable":true,"href":"https:\/\/uit-ci.org\/index.php\/wp-json\/wp\/v2\/comments?post=12241"}],"version-history":[{"count":1,"href":"https:\/\/uit-ci.org\/index.php\/wp-json\/wp\/v2\/posts\/12241\/revisions"}],"predecessor-version":[{"id":12252,"href":"https:\/\/uit-ci.org\/index.php\/wp-json\/wp\/v2\/posts\/12241\/revisions\/12252"}],"wp:featuredmedia":[{"embeddable":true,"href":"https:\/\/uit-ci.org\/index.php\/wp-json\/wp\/v2\/media\/12247"}],"wp:attachment":[{"href":"https:\/\/uit-ci.org\/index.php\/wp-json\/wp\/v2\/media?parent=12241"}],"wp:term":[{"taxonomy":"category","embeddable":true,"href":"https:\/\/uit-ci.org\/index.php\/wp-json\/wp\/v2\/categories?post=12241"},{"taxonomy":"post_tag","embeddable":true,"href":"https:\/\/uit-ci.org\/index.php\/wp-json\/wp\/v2\/tags?post=12241"}],"curies":[{"name":"wp","href":"https:\/\/api.w.org\/{rel}","templated":true}]}}