{"id":12288,"date":"2015-10-25T17:25:33","date_gmt":"2015-10-25T17:25:33","guid":{"rendered":"http:\/\/uit-ci.org\/?p=12288"},"modified":"2022-10-25T19:06:56","modified_gmt":"2022-10-25T19:06:56","slug":"correspondencia-internacional-n37-los-desastres-del-capitalismo","status":"publish","type":"post","link":"https:\/\/uit-ci.org\/index.php\/2015\/10\/25\/correspondencia-internacional-n37-los-desastres-del-capitalismo\/","title":{"rendered":"Correspondencia Internacional N\u00b037: Los desastres del capitalismo"},"content":{"rendered":"<h4 style=\"text-align: center;\">PRESENTACI\u00d3N<\/h4>\n<p><img loading=\"lazy\" class=\" wp-image-12290 alignleft\" src=\"http:\/\/uit-ci.org\/wp-content\/uploads\/2022\/10\/TAPACI37-220x300.jpg\" alt=\"\" width=\"250\" height=\"341\" srcset=\"https:\/\/uit-ci.org\/wp-content\/uploads\/2022\/10\/TAPACI37-220x300.jpg 220w, https:\/\/uit-ci.org\/wp-content\/uploads\/2022\/10\/TAPACI37.jpg 464w\" sizes=\"(max-width: 250px) 100vw, 250px\" \/>Las fotos del ni\u00f1o sirio-kurdo Aylan, hallado muerto en una playa turca, fueron un impacto en el mundo. Millones se indignaron. Esta tr\u00e1gica imagen puso al desnudo la realidad de centenares de miles de refugiados sirios y de otras nacionalidades que huyen de la miseria y de las guerras que provoca el sistema capitalista-imperialista. En especial la guerra contra el genocida sirio Al Assad. Puso en evidencia lo que el imperialismo quer\u00eda tapar. Esta edici\u00f3n de Correspondencia Internacional dedica varias p\u00e1ginas a la cuesti\u00f3n de los refugiados. Como tambi\u00e9n al an\u00e1lisis de la realidad de la guerra en Siria y al rol criminal de Al Assad, del ISIS, de la intervenci\u00f3n imperialista<br \/>\ny de Rusia-Ir\u00e1n.<\/p>\n<p>La crisis del Medio Oriente tambi\u00e9n se expande hacia Turqu\u00eda (ver p\u00e1ginas 11 y 12). Se reactiva la lucha del pueblo kurdo. Ante la crisis econ\u00f3mica y el desgaste pol\u00edtico del gobierno, la respuesta de Erdogan es una guerra sucia. El criminal atentado, de dudosa autor\u00eda, del 10 de octubre en Ankara, con cerca de 100 muertos y centenares de heridos, es una muestra de la gravedad de la situaci\u00f3n.<\/p>\n<p>Otro tema clave que trata esta edici\u00f3n es la traici\u00f3n en tiempo r\u00e9cord de Syriza en Grecia. Su dirigente Alexis Tsipras us\u00f3 las elecciones del 20 de setiembre para fortalecer el pacto con la Troika para aplicar el memorando que el pueblo hab\u00eda repudiado en el refrendo de julio. Es una nueva expresi\u00f3n del desbarranque del neoreformismo, de los gobiernos de centroizquierda del mundo, que siguen gobernando contra el pueblo trabajador. Lo sucedido en Grecia est\u00e1 emparentado con la crisis de los llamados \u201cgobiernos progresistas\u201d de Latinoam\u00e9rica (Dilma-Lula, Maduro, Evo Morales). Temas que tienen un amplio espacio con art\u00edculos sobre Argentina, Brasil, Venezuela y Bolivia.<\/p>\n<p>Mientras tanto la crisis econ\u00f3mica mundial del capitalismo llega a China (ver p\u00e1gina 27). Mostrando que la supuesta \u201cpotencia\u201d es parte de la misma crisis y que la restauraci\u00f3n del capitalismo, de la mano de la dictadura del Partido Comunista chino, reitera el camino de las devaluaciones y de los ajustes cl\u00e1sicos contra los trabajadores, los campesinos y la juventud.<\/p>\n<p>&nbsp;<\/p>\n<h4 style=\"text-align: center;\"><a href=\"https:\/\/drive.google.com\/file\/d\/1Nz5P50sjFS2xDI1059OsHo4ujea3zpLG\/view?usp=sharing\">VER PDF<\/a><\/h4>\n","protected":false},"excerpt":{"rendered":"<p>PRESENTACI\u00d3N Las fotos del ni\u00f1o sirio-kurdo Aylan, hallado muerto en una playa turca, fueron un impacto en el mundo. Millones se indignaron. Esta tr\u00e1gica imagen puso al desnudo la realidad de centenares de miles de refugiados sirios y de otras nacionalidades que huyen de la miseria y de las guerras que provoca el sistema capitalista-imperialista. [&hellip;]<\/p>\n","protected":false},"author":2,"featured_media":12296,"comment_status":"closed","ping_status":"closed","sticky":false,"template":"","format":"standard","meta":[],"categories":[32],"tags":[1316,1317,225,1319,98,226,578,1318,621,97],"_links":{"self":[{"href":"https:\/\/uit-ci.org\/index.php\/wp-json\/wp\/v2\/posts\/12288"}],"collection":[{"href":"https:\/\/uit-ci.org\/index.php\/wp-json\/wp\/v2\/posts"}],"about":[{"href":"https:\/\/uit-ci.org\/index.php\/wp-json\/wp\/v2\/types\/post"}],"author":[{"embeddable":true,"href":"https:\/\/uit-ci.org\/index.php\/wp-json\/wp\/v2\/users\/2"}],"replies":[{"embeddable":true,"href":"https:\/\/uit-ci.org\/index.php\/wp-json\/wp\/v2\/comments?post=12288"}],"version-history":[{"count":2,"href":"https:\/\/uit-ci.org\/index.php\/wp-json\/wp\/v2\/posts\/12288\/revisions"}],"predecessor-version":[{"id":12295,"href":"https:\/\/uit-ci.org\/index.php\/wp-json\/wp\/v2\/posts\/12288\/revisions\/12295"}],"wp:featuredmedia":[{"embeddable":true,"href":"https:\/\/uit-ci.org\/index.php\/wp-json\/wp\/v2\/media\/12296"}],"wp:attachment":[{"href":"https:\/\/uit-ci.org\/index.php\/wp-json\/wp\/v2\/media?parent=12288"}],"wp:term":[{"taxonomy":"category","embeddable":true,"href":"https:\/\/uit-ci.org\/index.php\/wp-json\/wp\/v2\/categories?post=12288"},{"taxonomy":"post_tag","embeddable":true,"href":"https:\/\/uit-ci.org\/index.php\/wp-json\/wp\/v2\/tags?post=12288"}],"curies":[{"name":"wp","href":"https:\/\/api.w.org\/{rel}","templated":true}]}}