{"id":1233,"date":"2015-10-19T12:09:34","date_gmt":"2015-10-19T12:09:34","guid":{"rendered":"http:\/\/uit-ci.org\/index.php\/2015\/10\/19\/exitosas-jornadas-internacionales-de-solidaridad-con-la-revolucion-siria-y-los-refugiados\/"},"modified":"2015-10-19T12:09:34","modified_gmt":"2015-10-19T12:09:34","slug":"exitosas-jornadas-internacionales-de-solidaridad-con-la-revolucion-siria-y-los-refugiados","status":"publish","type":"post","link":"https:\/\/uit-ci.org\/index.php\/2015\/10\/19\/exitosas-jornadas-internacionales-de-solidaridad-con-la-revolucion-siria-y-los-refugiados\/","title":{"rendered":"Exitosas jornadas internacionales de solidaridad con la Revoluci\u00f3n Siria y los refugiados"},"content":{"rendered":"<p style=\"text-align: center;\"><strong><img loading=\"lazy\" class=\" alignleft size-full wp-image-1215\" src=\"http:\/\/uit-ci.org\/wp-content\/uploads\/2015\/10\/siria-jornadas-solidaridad-2015.jpg\" width=\"240\" height=\"148\" alt=\"\u00a1Viva la lucha del pueblo sirio contra la dictadura, el ISIS y No a los bombardeos de EE.UU y Rusia!  Asilo ya a los refugiados. No a las restricciones de la UE  Apoyemos al pueblo en lucha sirio. Abajo Bashar Al Assad\" style=\"margin-right: 5px; float: left;\" srcset=\"https:\/\/uit-ci.org\/wp-content\/uploads\/2015\/10\/siria-jornadas-solidaridad-2015.jpg 600w, https:\/\/uit-ci.org\/wp-content\/uploads\/2015\/10\/siria-jornadas-solidaridad-2015-300x185.jpg 300w\" sizes=\"(max-width: 240px) 100vw, 240px\" \/><strong style=\"font-family: Verdana, Geneva, Arial, Helvetica, sans-serif; font-size: 12px; line-height: 15px; text-align: center;\">\u00a1Viva la lucha del pueblo sirio contra la dictadura, el ISIS y No a los bombardeos de EE.UU y Rusia!<\/strong><\/strong><\/p>\n<p style=\"text-align: center;\"><strong><strong style=\"font-family: Verdana, Geneva, Arial, Helvetica, sans-serif; font-size: 12px; line-height: 15px; text-align: center;\"><\/strong>Asilo ya a los refugiados. No a las restricciones de la UE<\/strong><\/p>\n<p style=\"text-align: center;\"><strong>Apoyemos al pueblo en lucha sirio. Abajo Bashar Al Assad<\/strong><\/p>\n<p>En julio se realiz\u00f3 en Estambul una reuni\u00f3n internacional de la izquierda revolucionaria siria y mundial, en apoyo a la revoluci\u00f3n siria. All\u00ed se resolvi\u00f3 lanzar una campa\u00f1a mundial de solidaridad con el pueblo sirio, bajo el lema \u00abRompamos el bloqueo de la revoluci\u00f3n Siria\u00bb. Justamente el lema buscaba abrir al mundo el conocimiento del ignorado proceso revolucionario sirio. Cosa que tr\u00e1gicamente logr\u00f3 la muerte del ni\u00f1o Aylan y los reclamos de los refugiados en Europa.<\/p>\n<p>En la declaraci\u00f3n del Encuentro de Estambul se advert\u00eda sobre el drama de los refugiados sirios: \u00abDenunciamos a la \u00abEuropa fortaleza\u00bb que condena a la muerte a miles de refugiados, incluyendo muchos sirios que huyen de la masacre y no tienen m\u00e1s remedio que arriesgar sus vidas en el Mediterr\u00e1neo, que se convirti\u00f3 en la mayor fosa com\u00fan en el mundo: los \u00abparias del mar\u00bb se ahogan o se convierten en los esclavos del siglo XXI en una Europa azotada por la crisis econ\u00f3mica\u00bb.<\/p>\n<p>  <!--more-->  <\/p>\n<p>Entre las acciones de la campa\u00f1a se resolvi\u00f3 organizar una jornada el 21 de agosto en repudio a la masacre con armas qu\u00edmicas de la localidad de Ghouta, realizada por Al Assad en 2013. La jornada se realiz\u00f3 en decenas de ciudades del mundo. Tambi\u00e9n se resolvi\u00f3 impulsar una semana de solidaridad internacional con la Revoluci\u00f3n Siria entre el 5 y el 11 de octubre de este a\u00f1o. Lo importante es que se difunda la lucha del pueblo sirio y la solidaridad con sus refugiados sirios y de otras partes del mundo. Por el pleno e inmediato asilo a los refugiados sirios y de otras nacionalidades, basta de vallas y muros, que se abran ya las fronteras y anulaci\u00f3n de las leyes de extranjer\u00eda. Solidaridad con los que se van de Siria y tambi\u00e9n con los que se quedan a luchar. En las \u00faltimas semanas la aviaci\u00f3n rusa est\u00e1 bombardeando en Siria, supuestamente contra ISIS (Estado Isl\u00e1mico), pero se ha denunciado que tambi\u00e9n contra sectores rebeldes enemigos de Al Assad. El verdadero objetivo ruso, aliado a Ir\u00e1n que estar\u00eda enviando tropas, es apoyar a la dictadura.<\/p>\n<p>La UIT-CI, como parte integrante del Comit\u00e9 de Coordinaci\u00f3n por la Revoluci\u00f3n Siria, convoc\u00f3 a la mayor unidad de acci\u00f3n por estos puntos a las organizaciones de los trabajadores, estudiantiles, por los derechos democr\u00e1ticos y de la izquierda y organiz\u00f3 varias acciones en distintos pa\u00edses en esta semana de solidaridad.<\/p>\n<p><img loading=\"lazy\" class=\" alignleft size-full wp-image-1216\" src=\"http:\/\/uit-ci.org\/wp-content\/uploads\/2015\/10\/argentina-siria-1.jpg\" width=\"240\" height=\"148\" alt=\"Actividad en la ciudad de C\u00f3rdoba, Argentina\" style=\"margin-right: 5px; float: left;\" srcset=\"https:\/\/uit-ci.org\/wp-content\/uploads\/2015\/10\/argentina-siria-1.jpg 600w, https:\/\/uit-ci.org\/wp-content\/uploads\/2015\/10\/argentina-siria-1-300x185.jpg 300w\" sizes=\"(max-width: 240px) 100vw, 240px\" \/><img loading=\"lazy\" class=\" alignleft size-full wp-image-1217\" src=\"http:\/\/uit-ci.org\/wp-content\/uploads\/2015\/10\/argentina-siria-2.jpg\" width=\"240\" height=\"148\" alt=\"Actividad en la ciudad de Rosario, Argentina\" style=\"margin-right: 5px; float: left;\" srcset=\"https:\/\/uit-ci.org\/wp-content\/uploads\/2015\/10\/argentina-siria-2.jpg 600w, https:\/\/uit-ci.org\/wp-content\/uploads\/2015\/10\/argentina-siria-2-300x185.jpg 300w\" sizes=\"(max-width: 240px) 100vw, 240px\" \/><img loading=\"lazy\" class=\" alignleft size-full wp-image-1218\" src=\"http:\/\/uit-ci.org\/wp-content\/uploads\/2015\/10\/argentina-siria-3.jpg\" width=\"240\" height=\"148\" alt=\"Actividad en la ciudad de Mar del Plata, Argentina en el marco del XXX Encuentro Nacional de Mujeres\" style=\"margin-right: 5px; float: left;\" srcset=\"https:\/\/uit-ci.org\/wp-content\/uploads\/2015\/10\/argentina-siria-3.jpg 600w, https:\/\/uit-ci.org\/wp-content\/uploads\/2015\/10\/argentina-siria-3-300x185.jpg 300w\" sizes=\"(max-width: 240px) 100vw, 240px\" \/><img loading=\"lazy\" class=\" alignleft size-full wp-image-1219\" src=\"http:\/\/uit-ci.org\/wp-content\/uploads\/2015\/10\/argentina-siria-4.jpg\" width=\"240\" height=\"148\" alt=\"Actividad en la ciudad de Mar del Plata, Argentina en el marco del XXX Encuentro Nacional de Mujeres\" style=\"margin-right: 5px; float: left;\" srcset=\"https:\/\/uit-ci.org\/wp-content\/uploads\/2015\/10\/argentina-siria-4.jpg 600w, https:\/\/uit-ci.org\/wp-content\/uploads\/2015\/10\/argentina-siria-4-300x185.jpg 300w\" sizes=\"(max-width: 240px) 100vw, 240px\" \/><img loading=\"lazy\" class=\" alignleft size-full wp-image-1220\" src=\"http:\/\/uit-ci.org\/wp-content\/uploads\/2015\/10\/argentina-siria-5.jpg\" width=\"240\" height=\"148\" alt=\"Actividad en la ciudad de Mar del Plata, Argentina en el marco del XXX Encuentro Nacional de Mujeres\" style=\"margin-right: 5px; float: left;\" srcset=\"https:\/\/uit-ci.org\/wp-content\/uploads\/2015\/10\/argentina-siria-5.jpg 600w, https:\/\/uit-ci.org\/wp-content\/uploads\/2015\/10\/argentina-siria-5-300x185.jpg 300w\" sizes=\"(max-width: 240px) 100vw, 240px\" \/><img loading=\"lazy\" class=\" alignleft size-full wp-image-1221\" src=\"http:\/\/uit-ci.org\/wp-content\/uploads\/2015\/10\/bolivia-siria-1.jpg\" width=\"240\" height=\"148\" alt=\"Actividad organizada en en La Paz por Fuerza Revolucionaria Socialista Antiimperialista que cont\u00f3 con una delegaci\u00f3n de ARPT - La Protesta \" style=\"margin-right: 5px; float: left;\" srcset=\"https:\/\/uit-ci.org\/wp-content\/uploads\/2015\/10\/bolivia-siria-1.jpg 600w, https:\/\/uit-ci.org\/wp-content\/uploads\/2015\/10\/bolivia-siria-1-300x185.jpg 300w\" sizes=\"(max-width: 240px) 100vw, 240px\" \/><img loading=\"lazy\" class=\" alignleft size-full wp-image-1222\" src=\"http:\/\/uit-ci.org\/wp-content\/uploads\/2015\/10\/bolivia-siria-2.jpg\" width=\"240\" height=\"148\" alt=\"Charla a cargo de Miguel Lamas organizada por ARPT - La Protesta en la Universidad de Cochabamba, Bolivia.\" style=\"margin-right: 5px; float: left;\" srcset=\"https:\/\/uit-ci.org\/wp-content\/uploads\/2015\/10\/bolivia-siria-2.jpg 600w, https:\/\/uit-ci.org\/wp-content\/uploads\/2015\/10\/bolivia-siria-2-300x185.jpg 300w\" sizes=\"(max-width: 240px) 100vw, 240px\" \/><img loading=\"lazy\" class=\" alignleft size-full wp-image-1223\" src=\"http:\/\/uit-ci.org\/wp-content\/uploads\/2015\/10\/barcelona-siria-2.jpg\" width=\"240\" height=\"148\" alt=\"Charla a cargo de Miguel Lamas organizada por ARPT - La Protesta en la Universidad de Cochabamba, Bolivia\" style=\"margin-right: 5px; float: left;\" srcset=\"https:\/\/uit-ci.org\/wp-content\/uploads\/2015\/10\/barcelona-siria-2.jpg 600w, https:\/\/uit-ci.org\/wp-content\/uploads\/2015\/10\/barcelona-siria-2-300x185.jpg 300w\" sizes=\"(max-width: 240px) 100vw, 240px\" \/><img loading=\"lazy\" class=\" alignleft size-full wp-image-1224\" src=\"http:\/\/uit-ci.org\/wp-content\/uploads\/2015\/10\/brasil-siria-1.jpg\" width=\"240\" height=\"148\" alt=\"Actividad en Porto Alegre, Brasil organizada por la organizaci\u00f3n juvenil Vamos a Luta y la CST-PSOL\" style=\"margin-right: 5px; float: left;\" srcset=\"https:\/\/uit-ci.org\/wp-content\/uploads\/2015\/10\/brasil-siria-1.jpg 600w, https:\/\/uit-ci.org\/wp-content\/uploads\/2015\/10\/brasil-siria-1-300x185.jpg 300w\" sizes=\"(max-width: 240px) 100vw, 240px\" \/><img loading=\"lazy\" class=\" alignleft size-full wp-image-1225\" src=\"http:\/\/uit-ci.org\/wp-content\/uploads\/2015\/10\/brasil-siria-4.jpg\" width=\"240\" height=\"148\" alt=\"Actividad en Belem, Brasil organizada por Luta Socialista-PSOL, simpatizante de la UIT-CI\" style=\"margin-right: 5px; float: left;\" srcset=\"https:\/\/uit-ci.org\/wp-content\/uploads\/2015\/10\/brasil-siria-4.jpg 600w, https:\/\/uit-ci.org\/wp-content\/uploads\/2015\/10\/brasil-siria-4-300x185.jpg 300w\" sizes=\"(max-width: 240px) 100vw, 240px\" \/><img loading=\"lazy\" class=\" alignleft size-full wp-image-1226\" src=\"http:\/\/uit-ci.org\/wp-content\/uploads\/2015\/10\/brasil-siria-2.jpg\" width=\"240\" height=\"148\" alt=\"Actividad en Porto Alegre, Brasil organizada por la organizaci\u00f3n juvenil Vamos a Luta y la CST-PSOL\" style=\"margin-right: 5px; float: left;\" srcset=\"https:\/\/uit-ci.org\/wp-content\/uploads\/2015\/10\/brasil-siria-2.jpg 600w, https:\/\/uit-ci.org\/wp-content\/uploads\/2015\/10\/brasil-siria-2-300x185.jpg 300w\" sizes=\"(max-width: 240px) 100vw, 240px\" \/><img loading=\"lazy\" class=\" alignleft size-full wp-image-1227\" src=\"http:\/\/uit-ci.org\/wp-content\/uploads\/2015\/10\/brasil-siria-3.jpg\" width=\"240\" height=\"148\" alt=\"Actividad en Belem, Brasil organizada por la organizaci\u00f3n juvenil Vamos a Luta y la CST-PSOL\" style=\"margin-right: 5px; float: left;\" srcset=\"https:\/\/uit-ci.org\/wp-content\/uploads\/2015\/10\/brasil-siria-3.jpg 600w, https:\/\/uit-ci.org\/wp-content\/uploads\/2015\/10\/brasil-siria-3-300x185.jpg 300w\" sizes=\"(max-width: 240px) 100vw, 240px\" \/><img loading=\"lazy\" class=\" alignleft size-full wp-image-1228\" src=\"http:\/\/uit-ci.org\/wp-content\/uploads\/2015\/10\/barcelona-siria-1.jpg\" width=\"240\" height=\"148\" alt=\"Actividad organizada en Barcelona por el Comit\u00e9 de Solidaridad con el Pueblo Sirio, Estado Espa\u00f1ol\" style=\"margin-right: 5px; float: left;\" srcset=\"https:\/\/uit-ci.org\/wp-content\/uploads\/2015\/10\/barcelona-siria-1.jpg 600w, https:\/\/uit-ci.org\/wp-content\/uploads\/2015\/10\/barcelona-siria-1-300x185.jpg 300w\" sizes=\"(max-width: 240px) 100vw, 240px\" \/><img loading=\"lazy\" class=\" alignleft size-full wp-image-1223\" src=\"http:\/\/uit-ci.org\/wp-content\/uploads\/2015\/10\/barcelona-siria-2.jpg\" width=\"240\" height=\"148\" alt=\"Actividad organizada en Barcelona por el Comit\u00e9 de Solidaridad con el Pueblo Sirio, Estado Espa\u00f1ol\" style=\"margin-right: 5px; float: left;\" srcset=\"https:\/\/uit-ci.org\/wp-content\/uploads\/2015\/10\/barcelona-siria-2.jpg 600w, https:\/\/uit-ci.org\/wp-content\/uploads\/2015\/10\/barcelona-siria-2-300x185.jpg 300w\" sizes=\"(max-width: 240px) 100vw, 240px\" \/><img loading=\"lazy\" class=\" alignleft size-full wp-image-1229\" src=\"http:\/\/uit-ci.org\/wp-content\/uploads\/2015\/10\/francia-siria-1.jpg\" width=\"240\" height=\"148\" alt=\"Volante repartido en Francia por el Groupe Socialiste Internationaliste, simpatizante del aUIT-CI\" style=\"margin-right: 5px; float: left;\" srcset=\"https:\/\/uit-ci.org\/wp-content\/uploads\/2015\/10\/francia-siria-1.jpg 600w, https:\/\/uit-ci.org\/wp-content\/uploads\/2015\/10\/francia-siria-1-300x185.jpg 300w\" sizes=\"(max-width: 240px) 100vw, 240px\" \/><img loading=\"lazy\" class=\" alignleft size-full wp-image-1230\" src=\"http:\/\/uit-ci.org\/wp-content\/uploads\/2015\/10\/mexico-siria-1.jpg\" width=\"240\" height=\"148\" alt=\"Charla sobre la revoluci\u00f3n siria y la crisis de los refugiados organizada en M\u00e9xico por el POS-MAS\" style=\"margin-right: 5px; float: left;\" srcset=\"https:\/\/uit-ci.org\/wp-content\/uploads\/2015\/10\/mexico-siria-1.jpg 600w, https:\/\/uit-ci.org\/wp-content\/uploads\/2015\/10\/mexico-siria-1-300x185.jpg 300w\" sizes=\"(max-width: 240px) 100vw, 240px\" \/><img loading=\"lazy\" class=\" alignleft size-full wp-image-1231\" src=\"http:\/\/uit-ci.org\/wp-content\/uploads\/2015\/10\/mexico-siria-2.jpg\" width=\"240\" height=\"148\" alt=\"Charla sobre la revoluci\u00f3n siria y la crisis de los refugiados organizada en M\u00e9xico por el POS-MAS\" style=\"margin-right: 5px; float: left;\" srcset=\"https:\/\/uit-ci.org\/wp-content\/uploads\/2015\/10\/mexico-siria-2.jpg 600w, https:\/\/uit-ci.org\/wp-content\/uploads\/2015\/10\/mexico-siria-2-300x185.jpg 300w\" sizes=\"(max-width: 240px) 100vw, 240px\" \/><img loading=\"lazy\" class=\" alignleft size-full wp-image-1232\" src=\"http:\/\/uit-ci.org\/wp-content\/uploads\/2015\/10\/venezuela-siria-1.jpg\" width=\"240\" height=\"148\" alt=\"Actividad en Venezuela organizada por el Partido Socialismo y Libertad\" style=\"margin-right: 5px; float: left;\" srcset=\"https:\/\/uit-ci.org\/wp-content\/uploads\/2015\/10\/venezuela-siria-1.jpg 600w, https:\/\/uit-ci.org\/wp-content\/uploads\/2015\/10\/venezuela-siria-1-300x185.jpg 300w\" sizes=\"(max-width: 240px) 100vw, 240px\" \/><\/p>\n","protected":false},"excerpt":{"rendered":"<p>\u00a1Viva la lucha del pueblo sirio contra la dictadura, el ISIS y No a los bombardeos de EE.UU y Rusia! Asilo ya a los refugiados. No a las restricciones de la UE Apoyemos al pueblo en lucha sirio. Abajo Bashar Al Assad En julio se realiz\u00f3 en Estambul una reuni\u00f3n internacional de la izquierda revolucionaria [&hellip;]<\/p>\n","protected":false},"author":1,"featured_media":1215,"comment_status":"open","ping_status":"open","sticky":false,"template":"","format":"standard","meta":[],"categories":[18],"tags":[],"_links":{"self":[{"href":"https:\/\/uit-ci.org\/index.php\/wp-json\/wp\/v2\/posts\/1233"}],"collection":[{"href":"https:\/\/uit-ci.org\/index.php\/wp-json\/wp\/v2\/posts"}],"about":[{"href":"https:\/\/uit-ci.org\/index.php\/wp-json\/wp\/v2\/types\/post"}],"author":[{"embeddable":true,"href":"https:\/\/uit-ci.org\/index.php\/wp-json\/wp\/v2\/users\/1"}],"replies":[{"embeddable":true,"href":"https:\/\/uit-ci.org\/index.php\/wp-json\/wp\/v2\/comments?post=1233"}],"version-history":[{"count":0,"href":"https:\/\/uit-ci.org\/index.php\/wp-json\/wp\/v2\/posts\/1233\/revisions"}],"wp:featuredmedia":[{"embeddable":true,"href":"https:\/\/uit-ci.org\/index.php\/wp-json\/wp\/v2\/media\/1215"}],"wp:attachment":[{"href":"https:\/\/uit-ci.org\/index.php\/wp-json\/wp\/v2\/media?parent=1233"}],"wp:term":[{"taxonomy":"category","embeddable":true,"href":"https:\/\/uit-ci.org\/index.php\/wp-json\/wp\/v2\/categories?post=1233"},{"taxonomy":"post_tag","embeddable":true,"href":"https:\/\/uit-ci.org\/index.php\/wp-json\/wp\/v2\/tags?post=1233"}],"curies":[{"name":"wp","href":"https:\/\/api.w.org\/{rel}","templated":true}]}}