{"id":12371,"date":"2022-11-25T10:16:14","date_gmt":"2022-11-25T10:16:14","guid":{"rendered":"http:\/\/uit-ci.org\/?p=12371"},"modified":"2022-11-25T14:57:52","modified_gmt":"2022-11-25T14:57:52","slug":"panama-alto-a-acusacion-penal-contra-companera-priscilla-vasquez-dirigenta-de-caja-de-seguro-social","status":"publish","type":"post","link":"https:\/\/uit-ci.org\/index.php\/2022\/11\/25\/panama-alto-a-acusacion-penal-contra-companera-priscilla-vasquez-dirigenta-de-caja-de-seguro-social\/","title":{"rendered":"Panam\u00e1: \u00a1Alto a acusaci\u00f3n penal contra Priscilla V\u00e1squez, dirigenta de Caja de Seguro Social!"},"content":{"rendered":"<p>Por <strong>Prensa UIT-CI<\/strong><\/p>\n<p>\u00a1Alto al intento de acusaci\u00f3n penal contra la compa\u00f1era Priscilla V\u00e1squez, presidenta de la Asociaci\u00f3n de Empleados de la Caja de Seguro Social (Aecss) de Panam\u00e1; Rodrigo Soto, secretario general de la Asociaci\u00f3n Nacional de Trabajadores Manuales de la Caja de Seguro Social (Anadetram), y a m\u00e1s de 50 activistas en huelga!<\/p>\n<p>\u00a1Exigimos reintegro inmediato de dirigentas, dirigentes y activistas en justa huelga de la Caja de Seguro Social de Panam\u00e1, y la anulaci\u00f3n de resoluciones para levantar falsas acusaciones, criminalizando el derecho a la protesta!<\/p>\n<p>Las trabajadoras y trabajadores de la Caja de Seguro Social de Panam\u00e1 vienen dando una importante lucha desde hace tres a\u00f1os para que la administraci\u00f3n cumpla con la ley y los acuerdos, que incluyen ajuste de salario, insumos m\u00e9dicos y sanitarios, medicamentos y atenci\u00f3n oportuna a asegurados y aseguradas, as\u00ed como contra los intentos de privatizar el servicio, imponer cuentas individuales, aumento de cuotas, a\u00f1os de cotizaci\u00f3n, y de la edad de jubilaci\u00f3n.<\/p>\n<p>Fue por estas razones que la Asociaci\u00f3n de Empleados de la Caja de Seguro Social (Aecss), Asociaci\u00f3n Nacional de Funcionarios Administrativos de la Caja de Seguro Social (Anfacss) y la Asociaci\u00f3n Nacional de Trabajadores Manuales de la Caja de Seguro Social (Anadetram), decidieron ir a una huelga para que la administraci\u00f3n respondiera a los reclamos de las trabajadoras y trabajadores.<\/p>\n<p>Gracias a la movilizaci\u00f3n se logr\u00f3 establecer el pasado viernes una mesa de di\u00e1logo con la administraci\u00f3n de la Caja del Seguro Social y los gremios en huelga, con la mediaci\u00f3n de la Defensor\u00eda del Pueblo. En dicha reuni\u00f3n se acord\u00f3 retomar las conversaciones el pr\u00f3ximo 9 de noviembre.<\/p>\n<p>No obstante, cuando apenas comenzaban las negociaciones entre los gremios y los patronos, los distintos gremios se han enterado que la administraci\u00f3n despidi\u00f3 ilegalmente a un numeroso grupo de trabajadoras y trabajadores, adem\u00e1s de amenazar con acusaciones penales a todos estos dirigentes gremiales y activistas en huelga. Estas acciones tienen como objetivo amedrentar y criminalizar la justa protesta que se viene desarrollando en la Caja del Seguro Social de Panam\u00e1.<\/p>\n<p>Desde la Unidad Internacional de Trabajadoras y Trabajadores\/Cuarta Internacional rechazamos estos despidos contra los dirigentes y activistas de la huelga, y reiteramos nuestro repudio a las amenazas penales contra Priscilla V\u00e1squez, Rodrigo Soto y dem\u00e1s trabajadoras y trabajadores.<\/p>\n<hr \/>\n<h4>Petitorio<\/h4>\n<p>Los abajo firmantes nos sumamos a la exigencia de eliminaci\u00f3n de causa penal contra Priscilla V\u00e1squez, presidenta de la Asociaci\u00f3n de Empleados de la Caja de Seguro Social (Aecss) de Panam\u00e1; Rodrigo Soto, secretario general de la Asociaci\u00f3n Nacional de Trabajadores Manuales de la Caja de Seguro Social (Anadetram), y a m\u00e1s de 50 activistas por ejercer el derecho de huelga. As\u00ed como el reintegro de las trabajadoras y trabajadores despedidos por reclamar sus derechos.<\/p>\n<h4 style=\"text-align: center;\"><a href=\"https:\/\/docs.google.com\/forms\/d\/e\/1FAIpQLSdjMnyeM8FfsTw1rEyQQVZrmkxs1n-I41OfgHltUmr8QRfyWg\/viewform?usp=pp_url\">FIRMAR AQU\u00cd<\/a><\/h4>\n<hr \/>\n<h4 style=\"text-align: left;\">Firmas:<\/h4>\n<p><b>Argentina:<\/b><span style=\"font-weight: 400;\"><br \/>\nJuan Carlos Giordano, Diputado Nacional electo por el Frente de Izquierda y los Trabajadores Unidad (FIT-U) por la Provincia de Buenos Aires, dirigente nacional de Izquierda Socialista (IS)<br \/>\nM\u00f3nica Schotthauer, delegada ferroviaria y Diputada Nacional electa de IS\/FIT;<br \/>\nRub\u00e9n \u201cPollo\u201d Sobrero, Secretario General del Uni\u00f3n Ferroviaria seccional Oeste<br \/>\nEdgardo Reynoso dirigente ferroviario del Cuerpo de Delegados de Ramal TBA-Sarmiento<br \/>\nAng\u00e9lica Lagunas,\u00a0 Secretar\u00eda Gral de ATEN Capital (Docentes)<br \/>\nLiliana Olivero, ex Diputada por C\u00f3rdoba de Izquierda Socialista\/FIT<br \/>\nMariana Scayola (Secretaria General comisi\u00f3n directiva Ademys-docentes de Ciudad de Buenos Aires)<br \/>\nJorge Adaro (Secretario Adjunto &#8211; Ademys)<br \/>\nLaura Marrone, dirigente docente de CABA y ex legisladora de IS-FIT en CABA<br \/>\nMercedes Trimarchi, dirigente de la agrupaci\u00f3n de mujeres Isadora y legisladora electa CABA<br \/>\nMercedes de Mendieta, legisladora porte\u00f1a por el FITU CABA, dirigente nacional de Isadora e Izquierda Socialista<br \/>\nPablo Almeida, dirigente de Izquierda Socialista, delegado de junta interna ATE Min. De Econom\u00eda y legislador electo CABA por el FITU.<br \/>\n<\/span><span style=\"font-weight: 400;\">Miguel Sorans, dirigente de Izquierda Socialista y la Unidad Internacional de Trabajadoras y Trabajadores &#8211; Cuarta Internacional (UIT-CI)<br \/>\n<span data-sheets-value=\"{&quot;1&quot;:2,&quot;2&quot;:&quot;Javier Leonforte&quot;}\" data-sheets-userformat=\"{&quot;2&quot;:513,&quot;3&quot;:{&quot;1&quot;:0},&quot;12&quot;:0}\">Javier Leonforte, Dirigente de Izquierda Socialista<br \/>\nLiliana Sanl\u00e9s, Trabajadora Social, Izquierda Socialista<br \/>\n\u00c1ngel Guerrero, Concejal del municipio de Moreno, provincia de Bs. As., zquierda Socialista\/FIT Unidad, UIT-CI<br \/>\nIvan Ponce, Concejal del municipio de Jos\u00e9 C. Paz, provincia de Bs. As., Izquierda Socialista\/FIT Unidad, UIT-CI<br \/>\nOlga Ortigoza, Concejala electa del municipio de La Matanza, provincia de Bs. As., Izquierda Socialista\/FIT Unidad, UIT-CI<br \/>\nRomina Ruocco, Concejala electa del municipio de Merlo, provincia de Bs. As., Izquierda Socialista\/FIT Unidad, UIT-CI<br \/>\nJos\u00e9 Castillo, Economista del EDI, Izquierda Socialista\/FIT Unidad, UIT-CI<br \/>\nAnisa Favoretti, diputada provincial \u2013mc- de Santiago del Estero, Izquierda Socialista\/FIT Unidad, UIT-CI<br \/>\nEdgardo Reynoso, Cuerpo de delegados y comisi\u00f3n de reclamos del ferrocarril Sarmiento, Izquierda Socialista\/FIT Unidad, UIT-CI<br \/>\nM\u00f3nica M\u00e9ndez, Secretaria de organizaci\u00f3n de la CICOP, sindicato de profesionales de la salud de Bs. As., Izquierda Socialista\/FIT Unidad, UIT-CI<br \/>\nAdriana Astolfo, directiva de Adosac Pico Truncado, sindicato docente, Izquierda Socialista\/FIT Unidad, UIT-CI<br \/>\nDaniela Vergara, secretaria de derechos humanos de Amsafe Rosario, Izquierda Socialista\/FIT Unidad, UIT-CI<br \/>\nSilvia Fern\u00e1ndez, secretaria gremial de SUTEBA Tigre, Izquierda Socialista\/FIT Unidad, UIT-CI<br \/>\nPaula Alfaro, congresal de SUTEBA Lomas de Zamora, Izquierda Socialista\/FIT Unidad, UIT-CI<br \/>\nIsabel Guzm\u00e1n, tribunal disciplina de CTERA y congresal de SUTEBA General Sarmiento, Izquierda Socialista\/FIT Unidad, UIT-CI<br \/>\nViviana Carranza, directiva por minor\u00eda de Telef\u00f3nicos Foetra-Buenos Aires, Izquierda Socialista\/FIT Unidad, UIT-CI<br \/>\nAdolfo Columbich, Presidente del Centro de Estudiantes Olga Cossettini, Rosario, Santa Fe, Izquierda Socialista\/FIT Unidad, UIT-CI<br \/>\nPaula Frontini, Consejera Directiva estudiantil, Izquierda Socialista\/FIT Unidad, UIT-CI<br \/>\nPilar BarbasDirigenta de la Juventud de Izquierda Socialista, Izquierda Socialista\/FIT Unidad, UIT-CI<br \/>\nIv\u00e1n Blacutt, congresal de Adiubju, docentes universitarios, Jujuy, Izquierda Socialista\/FIT Unidad, UIT-CI<br \/>\nAng\u00e9lica Lagunas, Docente, Secretaria General ATEN Capital &#8211; Asociaci\u00f3n Trabajadores de la Educaci\u00f3n de Neuqu\u00e9n<br \/>\nCristian Luna, secretario general de SITE, sindicato de enfermeros de Tucum\u00e1n, Izquierda Socialista\/FIT Unidad, UIT-CI<br \/>\nDaniel Heredia, Docente,\u00a0 <\/span><\/span>Comisi\u00f3n Directiva ATEN &#8211; Asociaci\u00f3n Trabajadores de la Educaci\u00f3n- provincia de Neuqu\u00e9n &#8211; Seccional Capital<br \/>\nAlejandro Lopez, Obrero Ceramista, Secretario General Sindicato de Trabajadores Ceramista- Seccional Provincia de Neuqu\u00e9n<br \/>\nRoger Ra\u00fal Obelar, Licenciado en Enfermer\u00eda, Cuerpo de delegadxs ATE Hospital Centenario y centros de salud<br \/>\nJulieta Ocampo, Vicepresidenta del Centro de Estudiantes de Humanidades de la Universidad Nacional del Comahue, Izquierda Socialista\/ FIT-Unidad<br \/>\n<span style=\"font-weight: 400;\"><span data-sheets-value=\"{&quot;1&quot;:2,&quot;2&quot;:&quot;Javier Leonforte&quot;}\" data-sheets-userformat=\"{&quot;2&quot;:513,&quot;3&quot;:{&quot;1&quot;:0},&quot;12&quot;:0}\">Alejandra Otero, Presidenta del Centro de Estudiantes de Trabajo Social &#8211; Universidad Nacional del Comahue, <\/span><\/span>Izquierda Socialista\/ FIT-Unidad<br \/>\nLaura Cubas, Lic en Filosof\u00eda, Docentes en Marcha<\/p>\n<p><span style=\"font-weight: 400;\"><br \/>\n<\/span><b>Bolivia<\/b><span style=\"font-weight: 400;\">:<br \/>\nHumberto Balderrama, miembro de la Direcci\u00f3n Nacional del Partido de los Trabajadores_<br \/>\nEliseo Mamani, ex ejecutivo Federaci\u00f3n de Maestros Rurales de La Paz<\/span><\/p>\n<p><b>Brasil:<br \/>\n<\/b><span style=\"font-weight: 400;\">Joao Batista Araujo \u201cBaba\u201d, Rio de Janeiro CST-PSOL<\/span><b><br \/>\n<\/b><b><br \/>\n<\/b><b>Canad\u00e1:<br \/>\n<\/b>Kettly Excellent, Activist, Parti F\u00e9d\u00e9raliste<b><\/b><\/p>\n<p><b>Costa Rica:<\/b><br \/>\nGiovanni Beluche V., Soci\u00f3logo<br \/>\n<span data-sheets-value=\"{&quot;1&quot;:2,&quot;2&quot;:&quot;Miguel Barrios Guti\u00e9rrez &quot;}\" data-sheets-userformat=\"{&quot;2&quot;:513,&quot;3&quot;:{&quot;1&quot;:0},&quot;12&quot;:0}\">Miguel Barrios Guti\u00e9rrez, pensionista, Partido Revolucionario de los Trabajadores<br \/>\n<\/span><span data-sheets-value=\"{&quot;1&quot;:2,&quot;2&quot;:&quot;Manuel Sandoval&quot;}\" data-sheets-userformat=\"{&quot;2&quot;:513,&quot;3&quot;:{&quot;1&quot;:0},&quot;12&quot;:0}\">Manuel Sandoval, educador, Dignificaci\u00f3n Docente<br \/>\nF\u00e9lix Antonio L\u00f3pez Zambrana, Campesino, Movimiento de Trabajadores y Campesinos (MTC)<br \/>\n<\/span><\/p>\n<p><span data-sheets-value=\"{&quot;1&quot;:2,&quot;2&quot;:&quot;Manuel Sandoval&quot;}\" data-sheets-userformat=\"{&quot;2&quot;:513,&quot;3&quot;:{&quot;1&quot;:0},&quot;12&quot;:0}\">\u00a0<\/span><\/p>\n<p><strong>Chile:<\/strong><span style=\"font-weight: 400;\"><br \/>\nRanier Rios Puebla, dirigente MST (Movimiento Socialista de los Trabajadores)<br \/>\nSergio Fuentes, presidente Sindicato Nacional Jumbo<br \/>\nCristina Arriagada, directora Sindicato Nacional Jumbo<br \/>\nMarieanela Silva, tesorera Sindicato Nacional Jumbo<br \/>\nFeddy Andersen, Sindicato Nacional Jumbo<br \/>\nRafael Correa, Sindicato Nacional Jumbo<br \/>\nJuliana Alvear, Sindicato Resto La Dehesa.<br \/>\nNicole Bravo, Sindicato SINTRAC democr\u00e1tico.<br \/>\nGerardo Foguett, FENASIPEC<br \/>\nRodrigo G\u00e1lvez, Uni\u00f3n Clasista de Trabajadores<br \/>\nMiguel M\u00e9ndez, tesorero sindicato ICB<br \/>\nSalvador Huesa, Sindicato Camb. Herrera<br \/>\nOsvaldo Azocar, Movimiento Lucha Baes<br \/>\nFrancisco D\u00edaz, Movimiento Lucha Baes<br \/>\nKamila Carrasco, Movimiento Lucha Baes<br \/>\nJudith \u00c1lvarez, Movimiento Lucha Baes<br \/>\nGerm\u00e1n D\u00edaz, Federaci\u00f3n Sindicatos Bata Chile<br \/>\nAgust\u00edn Co\u00f1a, Sindicato Persa Los Morros<br \/>\nJuan Mar\u00edn, Sindicato BATA n\u00b0 3<br \/>\nDavid Colina, Sindicato N\u00b0 1 Call South<br \/>\nRafael Montecinos, Lista del pueblo<br \/>\nEvelyn Godoy, Lista del Pueblo<br \/>\nJaime Alcamo, director Sindicato n\u00b0 1 Farmacias Ahumadas<br \/>\nSergio Rojas, presidente Sindicato n\u00b0 1 Farmacias Ahumadas<br \/>\nIv\u00e1n Navia, Uni\u00f3n Clasista Trabajadores.<br \/>\nJonathan R\u00edos, Unidad Sindical<br \/>\nJaviera Munita, Isadora Mujeres en Lucha<br \/>\nGustavo Gonzalez, Programa Radial en Movimiento La Voz de Paine<br \/>\n<\/span><\/p>\n<p><b>Estado espa\u00f1ol:<\/b><span style=\"font-weight: 400;\"><br \/>\nJosep Lluis del Alc\u00e1zar, delegado sindical de ense\u00f1anza p\u00fablica y dirigente Lucha Internacionalista (LI)<br \/>\nMarga Olalla, delegada sindical de trabajadores municipales de Barcelona, Militante de LI<br \/>\nMiquel Blanch, delegado sindical de profesorado de escuelas de adultos, miembro de la Corriente Sindical de CCOO de Girona, Militante de LI<br \/>\nM. Esther del Alc\u00e1zar, delegada sindical de ense\u00f1anza p\u00fablica y dirigente de LI<br \/>\n<span data-sheets-value=\"{&quot;1&quot;:2,&quot;2&quot;:&quot;Carlos Rodriguez Perez&quot;}\" data-sheets-userformat=\"{&quot;2&quot;:513,&quot;3&quot;:{&quot;1&quot;:0},&quot;12&quot;:0}\">Carlos Rodriguez Perez, pensionista, LI<br \/>\nJos\u00e9 Baranda, Economista y activista por la defensa del sistema p\u00fablico de pensiones, COESPE<br \/>\n<\/span><\/span><\/p>\n<p><span style=\"font-weight: 400;\">\u00a0<\/span><\/p>\n<p><b>Estados Unidos:<\/b><span style=\"font-weight: 400;\"><br \/>\nEmmanuel Santos, de Socialist Core<br \/>\nArgelis Wesley, Int\u00e9rprete, Hijas de Alkebulan<br \/>\nJohn Reimann, retired carpenter. oaklandsocialist.com<br \/>\n<\/span><\/p>\n<p>&nbsp;<\/p>\n<p><b>Hait\u00ed:<br \/>\n<\/b>Jean Clebert Eloius, periodista, Mundo Hait\u00ed<b><\/b><\/p>\n<p><strong>Panam\u00e1<\/strong><span style=\"font-weight: 400;\"><strong>:<\/strong><br \/>\nVirgilio Arauz, dirigente de Propuesta Socialista.<br \/>\nValeria Neumann G. &#8211; Centro de Estudios Latinoamericanos, (CELA) \u00abJusto Arosemena\u00bb<br \/>\n<\/span>Carlos Ernesto Guevara Villas, abogado, Defensor de los derechos de los servidores p\u00fablicos y asesor legal de la Asociaci\u00f3n de Empleados de la Caja de Seguro Social de Panam\u00e1.<br \/>\nGerardo Gonz\u00e1lez, dirigente de Liga de Trabajadores hacia el Socialismo LIT-CI<br \/>\n<span data-sheets-value=\"{&quot;1&quot;:2,&quot;2&quot;:&quot;Bernardo Ezurmend\u00eda &quot;}\" data-sheets-userformat=\"{&quot;2&quot;:513,&quot;3&quot;:{&quot;1&quot;:0},&quot;12&quot;:0}\">Bernardo Ezurmend\u00eda, jubilado, Movimiento Democr\u00e1tico Popular<br \/>\nSharon Pringle F\u00e9lix, Periodista, \u00c9pica<br \/>\nJos\u00e9 \u00c1ngel Garrido P\u00e9rez, Ling\u00fcista, Movimiento Revolucionario Socialista (MRS)<br \/>\nPedro Rivera Ramos, Ingeniero agr\u00f3nomo, AGALAT<br \/>\nH\u00e9ctor Endara Hill, Activista<br \/>\nH\u00e9ctor A Ch\u00e1vez G., docente universitario e internacionalista, Universidad de Panam\u00e1<br \/>\nAbel Santamaria, Directivo SINTUP CURUNDU. .UP., Sindicato Nacional de Trabajadores de la Universidad de Panam\u00e1<br \/>\nAriel Jos\u00e9 Garc\u00eda Aguilar, Profesor del Centro Regional de Cocl\u00e9. APUDEP<br \/>\nAlex Morales, Investigador de Ingresos, Caja de Seguro Social<br \/>\nEylyn Caballero, Secretaria, Anfacss<br \/>\nRosario Arias Pe\u00f1a, Docente Universidad de Panam\u00e1<br \/>\nJos\u00e9 Requena Corella, Analista de Calculo, ANFACSS<br \/>\nYASIRETH AGUILAR, Programadora, Caja de seguro social<br \/>\nLarissa Arrieta Bernal, Especialista en Salud Ocupacional<br \/>\nGilma Gloria Camargo, Abogada defensora de Derechos Humanos, Frente Salas Antiimperialista<br \/>\nIraida Cano, Jubilada, Docente Universitaria, Ex-Dirigente de la Asociaci\u00f3n de Empleados de la Caja de Seguro Social (AECSS), <\/span>Ex-Miembra de la Junta Directiva de la Asociaci\u00f3n de Empleados de la Caja de Seguro Social (AECSS)<br \/>\nAngelique Cumberbatch, Jubilada, Independiente<br \/>\nMercedes Cumberbatch, Pensionada, Independiente<br \/>\nLydia Cumberbatch, Maestra Pensionada, Independiente<\/p>\n<p><span data-sheets-value=\"{&quot;1&quot;:2,&quot;2&quot;:&quot;Bernardo Ezurmend\u00eda &quot;}\" data-sheets-userformat=\"{&quot;2&quot;:513,&quot;3&quot;:{&quot;1&quot;:0},&quot;12&quot;:0}\">\u00a0<\/span><\/p>\n<p><b>Per\u00fa:<br \/>\n<\/b><span style=\"font-weight: 400;\">Jorge Corzo, dirigente del Partido de los Trabajadores Un\u00edos<br \/>\nEnrique Fern\u00e1ndez Chac\u00f3n, ex diputado nacional de Un\u00edos en Per\u00fa<br \/>\n<\/span>\u00c1ngela Mayhuasca Secretaria Nacional, CONATPTAAS-PERU<br \/>\nVictoria Sotelo, sub-secretaria nacional, CONATPTAAS-PERU<br \/>\nBelisa Carri\u00f3n, Secretaria Nacional de Organizaci\u00f3n, CONATPTAAS-PERU<br \/>\nGleny Tito, Secretaria Nacional de Defensa CONATPTAAS-PERU<br \/>\nConfederaci\u00f3n Nacional Trabajadores Profesionales de T\u00e9cnicos y Auxiliares Asistenciales CONATPTAAS-PERU<br \/>\nRonny Alvaro Mendoza Garc\u00eda, Ex Secretario General del Sindicato Nacional Cogorno<br \/>\nJusto Mendoza, Ex Secretario general de cocacola en base cusco<\/p>\n<p><strong>Portugal: <\/strong><br \/>\nNuno Geraldes, Sindicato de Trabajadores de Call Center<br \/>\nRenata Cambra, Gil Garc\u00eda, Joao Paoscal, de la direcci\u00f3n Nacional del Movimiento Alternativa Socialista (MAS)<\/p>\n<p><b>M\u00e9xico:<\/b><span style=\"font-weight: 400;\"><br \/>\nEnrique G\u00f3mez, Francisco Retama, dirigentes del Movimiento al Socialismo (MAS)<br \/>\nJes\u00fas Torres Nu\u00f1o, ex presidente del Consejo de Administraci\u00f3n de Trabajadores Democr\u00e1ticos de Occidente (Tradoc)<br \/>\n<\/span><span style=\"font-weight: 400;\">Adriana Urrea Torres, Secretaria General del SUTNOTIMEX (en huelga)<br \/>\n<\/span><span style=\"font-weight: 400;\">Jorge Wimber ex vocal tesorero del Consejo de Administraci\u00f3n de la cooperativa TRADOC<br \/>\n<\/span><span style=\"font-weight: 400;\">Marisol Adaya Bautista, Coordinadora del Colectivo de Cooperativas de la Nueva Central de Trabajadoras y Trabajadores.<br \/>\n<\/span><span style=\"font-weight: 400;\">Canek Garc\u00eda Ramos, Secretario General D-III- 20 de Bibliotecas P\u00fablicas, Secci\u00f3n XI del SNTE.<br \/>\n<\/span><span style=\"font-weight: 400;\">Epifanio Garc\u00eda Carrillo, ex secretario de trabajo y conflictos, del Sindicato \u00danico de Trabajadores de Calzado Sandak.<br \/>\n<\/span><span style=\"font-weight: 400;\">Leda Silva Victoria, dirigenta del Movimiento al Socialismo (MAS\/UIT-CI)<br \/>\nGabriela Victoria Alvarado, MAS Mujeres e independientes (MAS)<br \/>\n<\/span><\/p>\n<p><b>Rep\u00fablica Dominicana<\/b><span style=\"font-weight: 400;\">:<br \/>\nHenry Morel, periodista y militante del MST (Movimiento Socialista de los Trabajadores)<br \/>\n<span data-sheets-value=\"{&quot;1&quot;:2,&quot;2&quot;:&quot;Roberto Espinal &quot;}\" data-sheets-userformat=\"{&quot;2&quot;:513,&quot;3&quot;:{&quot;1&quot;:0},&quot;12&quot;:0}\">Roberto Espinal, M\u00e9dico, Colegio M\u00e9dico Dominicano<br \/>\nElvys Hernandez, activista, Marcha Verde<br \/>\nIngrid Luciano. Docente y teatrista, Movimiento Socialista de Trabajadoras y Trabajadores<br \/>\n<\/span><\/span><\/p>\n<p><b>Turqu\u00eda:<\/b><span style=\"font-weight: 400;\"><br \/>\nSedat Durel, Secretario General del Sindicato de los trabajadores revolucionarios de la telecomunicaci\u00f3n y de centro de llamados<br \/>\nAtakan \u00c7ift\u00e7i, delegado del Sindicato de los trabajadores de educaci\u00f3n y de ciencia<br \/>\nOktay \u00c7elik, presidente Partido por la democracia Obrera (IDP)<br \/>\nGorkem Duru, dirigente de IDP.<\/span><\/p>\n<p><b>Venezuela<\/b><span style=\"font-weight: 400;\">:<br \/>\nJos\u00e9 Bodas, secretario general de la Federaci\u00f3n Unitaria de Trabajadores Petroleros de Venezuela (Futpv)<br \/>\nOrlando Chirino, dirigente nacional de la Corriente Clasista, Unitaria, Revolucionaria y Aut\u00f3noma (C-cura)<br \/>\nArmando Guerra, ex dirigente sindical de Hidrocapital<br \/>\nMiguel \u00c1ngel Hern\u00e1ndez, secretario general Partido Socialismo y Libertad (PSL)<br \/>\nSim\u00f3n Rodr\u00edguez Porras (PSL).<br \/>\n<\/span>Luis Giovanni Fern\u00e1ndez, secretario general de la Asociaci\u00f3n de Empleados de la Universidad de Carabobo<br \/>\nRoberto Carpio, miembro de la Asociaci\u00f3n de Jubilados del Instituto de Previsi\u00f3n Social del Ministerio de Educaci\u00f3n (Ipasme)<br \/>\nDick Guanique, miembro del Frente Aut\u00f3nomo en Defensa del Salario y el Sindicato (Fadess)<br \/>\nPedro Eusse, secretario general de la Central Unitaria de Trabajadores de Venezuela (Cutv)<br \/>\n\u00c1ngel Arias, trabajador del sector p\u00fablico, militante de la Liga de Trabajadores por el Socialismo (LTS)<br \/>\nSuhey Ochoa, estudiante universitaria, militante de Pan y Rosas<br \/>\nMariela Alcal\u00e1, docente, vocera del sindicato Suma, Fetramagisterio<br \/>\nLeonardo Arantes, dirigente de la Unidad Socialista de Trabajadores (UST)<br \/>\nEdgar P\u00e9rez, Comisi\u00f3n Pol\u00edtica de la Coordinaci\u00f3n Aut\u00f3noma e Independiente de Trabajador@s ( CAIT )<br \/>\nClaudia Rodr\u00edguez Gilly, Partido Socialismo y Libertad (PSL)<br \/>\nAntonio Espinoza, Prof. Universitario (Upta) y miembro de la corriente sindical C-cura<br \/>\nJos\u00e9 Rafael Ruiz, Partido Socialismo y Libertad (PSL)<br \/>\nSixto Hern\u00e1ndez, obrero jubilado de la Universidad Central Venezuela, PSL CCURA EDO ARAGUA<br \/>\nOswaldo Pacheco Guzm\u00e1n, Economista, Partido Socialismo y Libertad<br \/>\n<span data-sheets-value=\"{&quot;1&quot;:2,&quot;2&quot;:&quot;Lu\u00eds Villafa\u00f1e &quot;}\" data-sheets-userformat=\"{&quot;2&quot;:513,&quot;3&quot;:{&quot;1&quot;:0},&quot;12&quot;:0}\">Lu\u00eds Villafa\u00f1e, Lic. en Comercio Internacional, PSL (Partido Socialismo y Libertad)<br \/>\nBogar P\u00e9rez, T\u00e9cnico en equipos de electromedicina, Central de Trabajadores Alianza sindical independiente As\u00ed Venezuela<br \/>\nOtto Malpica Rodr\u00edguez, Abogado, PSL<br \/>\n<\/span>Jairo Colmenares, miembro del Sindicato de Trabajadores del Metro de Caracas (Sitrameca)<\/p>\n<p><span data-sheets-value=\"{&quot;1&quot;:2,&quot;2&quot;:&quot;Lu\u00eds Villafa\u00f1e &quot;}\" data-sheets-userformat=\"{&quot;2&quot;:513,&quot;3&quot;:{&quot;1&quot;:0},&quot;12&quot;:0}\">\u00a0<\/span><\/p>\n<p>&nbsp;<\/p>\n<p>&nbsp;<\/p>\n<p><span data-sheets-value=\"{&quot;1&quot;:2,&quot;2&quot;:&quot;Lu\u00eds Villafa\u00f1e &quot;}\" data-sheets-userformat=\"{&quot;2&quot;:513,&quot;3&quot;:{&quot;1&quot;:0},&quot;12&quot;:0}\">\u00a0<\/span><\/p>\n","protected":false},"excerpt":{"rendered":"<p>Por Prensa UIT-CI \u00a1Alto al intento de acusaci\u00f3n penal contra la compa\u00f1era Priscilla V\u00e1squez, presidenta de la Asociaci\u00f3n de Empleados de la Caja de Seguro Social (Aecss) de Panam\u00e1; Rodrigo Soto, secretario general de la Asociaci\u00f3n Nacional de Trabajadores Manuales de la Caja de Seguro Social (Anadetram), y a m\u00e1s de 50 activistas en huelga! [&hellip;]<\/p>\n","protected":false},"author":2,"featured_media":12372,"comment_status":"closed","ping_status":"closed","sticky":false,"template":"","format":"standard","meta":[],"categories":[29],"tags":[1332,1331,727,1333,455,638,1329,1330,219,999],"_links":{"self":[{"href":"https:\/\/uit-ci.org\/index.php\/wp-json\/wp\/v2\/posts\/12371"}],"collection":[{"href":"https:\/\/uit-ci.org\/index.php\/wp-json\/wp\/v2\/posts"}],"about":[{"href":"https:\/\/uit-ci.org\/index.php\/wp-json\/wp\/v2\/types\/post"}],"author":[{"embeddable":true,"href":"https:\/\/uit-ci.org\/index.php\/wp-json\/wp\/v2\/users\/2"}],"replies":[{"embeddable":true,"href":"https:\/\/uit-ci.org\/index.php\/wp-json\/wp\/v2\/comments?post=12371"}],"version-history":[{"count":14,"href":"https:\/\/uit-ci.org\/index.php\/wp-json\/wp\/v2\/posts\/12371\/revisions"}],"predecessor-version":[{"id":12540,"href":"https:\/\/uit-ci.org\/index.php\/wp-json\/wp\/v2\/posts\/12371\/revisions\/12540"}],"wp:featuredmedia":[{"embeddable":true,"href":"https:\/\/uit-ci.org\/index.php\/wp-json\/wp\/v2\/media\/12372"}],"wp:attachment":[{"href":"https:\/\/uit-ci.org\/index.php\/wp-json\/wp\/v2\/media?parent=12371"}],"wp:term":[{"taxonomy":"category","embeddable":true,"href":"https:\/\/uit-ci.org\/index.php\/wp-json\/wp\/v2\/categories?post=12371"},{"taxonomy":"post_tag","embeddable":true,"href":"https:\/\/uit-ci.org\/index.php\/wp-json\/wp\/v2\/tags?post=12371"}],"curies":[{"name":"wp","href":"https:\/\/api.w.org\/{rel}","templated":true}]}}