{"id":12483,"date":"2022-11-15T16:59:10","date_gmt":"2022-11-15T16:59:10","guid":{"rendered":"http:\/\/uit-ci.org\/?p=12483"},"modified":"2022-11-29T17:22:59","modified_gmt":"2022-11-29T17:22:59","slug":"iran-repudio-a-la-condena-de-muerte-de-un-activista-irani","status":"publish","type":"post","link":"https:\/\/uit-ci.org\/index.php\/2022\/11\/15\/iran-repudio-a-la-condena-de-muerte-de-un-activista-irani\/","title":{"rendered":"Ir\u00e1n: Repudio a la condena de muerte de un activista iran\u00ed"},"content":{"rendered":"<p>Por <strong>Unidad Internacional de Trabajadoras y Trabajadores &#8211; Cuarta Internacional<\/strong><\/p>\n<p><span style=\"font-weight: 400;\">15\/11\/2022. En el marco de la continuidad de las manifestaciones que tomaron las calles de las principales ciudades iran\u00eds, tras el asesinato de Mahasa Amini por la polic\u00eda del r\u00e9gimen, el Tribunal Revolucionario de Teher\u00e1n conden\u00f3 a muerte a un manifestante.<\/span><\/p>\n<p><span style=\"font-weight: 400;\">Los tribunales revolucionarios son organismos paralelos del r\u00e9gimen dictatorial y teocr\u00e1tico de Ir\u00e1n que resuelven sobre los cr\u00edmenes pol\u00edticos. Fueron creados para \u201cproteger la rep\u00fablica isl\u00e1mica\u201d ante ataques al r\u00e9gimen y la religi\u00f3n que gobierna el pa\u00eds. Son conocidos en el mundo como organismos corruptos que crean juicios con acusaciones falsas, montando pruebas, torturando a los acusados para que declaren, y as\u00ed poder aleccionar al pueblo.<\/span><\/p>\n<p><span style=\"font-weight: 400;\">Uno de los m\u00e1s de 15000 detenidos desde que comenzaron las protestas, fue condenado a muerte tras ser acusado de quemar oficinas gubernamentales. El r\u00e9gimen lo denuncia por el delito contra la \u201cseguridad nacional, y ser enemigo de Dios y de corrupci\u00f3n en la tierra\u201d, por lo que la condena es la horca. El mismo destino se espera para otros cinco manifestantes, de los cuales de ninguno se conoce la identidad.<\/span><\/p>\n<p><span style=\"font-weight: 400;\">Esta condena atroz se suma a la terrible pol\u00edtica represiva que encara el r\u00e9gimen, con m\u00e1s de 15000 detenidas y detenidos, cientos de muertos en las protestas tras la represi\u00f3n policial, y diversas formas de atentar contra los derechos humanos.<\/span><\/p>\n<p><span style=\"font-weight: 400;\">Desde la Unidad Internacional de Trabajadoras y Trabajadores &#8211; Cuarta Internacional, repudiamos la condena sobre el manifestante iran\u00ed, alertamos sobre las posibles condenas sobre los dem\u00e1s detenidos y detenidas. Exigimos la liberaci\u00f3n de todas las personas presas pol\u00edticas. Llamamos a todas las organizaciones que se reclaman democr\u00e1ticas, de izquierda, a los sindicatos, organizaciones de mujeres y LGBTI+ a pronunciarse contra esta condena y elevar el repudio a la escalada criminal de violencia del r\u00e9gimen iran\u00ed y solidarizarse con los pueblos de Ir\u00e1n movilizados.<\/span><\/p>\n","protected":false},"excerpt":{"rendered":"<p>Por Unidad Internacional de Trabajadoras y Trabajadores &#8211; Cuarta Internacional 15\/11\/2022. En el marco de la continuidad de las manifestaciones que tomaron las calles de las principales ciudades iran\u00eds, tras el asesinato de Mahasa Amini por la polic\u00eda del r\u00e9gimen, el Tribunal Revolucionario de Teher\u00e1n conden\u00f3 a muerte a un manifestante. Los tribunales revolucionarios son [&hellip;]<\/p>\n","protected":false},"author":2,"featured_media":12484,"comment_status":"closed","ping_status":"closed","sticky":false,"template":"","format":"standard","meta":[],"categories":[60],"tags":[191,187,480,1349,451,1271,1347,333,361,338,923,1348],"_links":{"self":[{"href":"https:\/\/uit-ci.org\/index.php\/wp-json\/wp\/v2\/posts\/12483"}],"collection":[{"href":"https:\/\/uit-ci.org\/index.php\/wp-json\/wp\/v2\/posts"}],"about":[{"href":"https:\/\/uit-ci.org\/index.php\/wp-json\/wp\/v2\/types\/post"}],"author":[{"embeddable":true,"href":"https:\/\/uit-ci.org\/index.php\/wp-json\/wp\/v2\/users\/2"}],"replies":[{"embeddable":true,"href":"https:\/\/uit-ci.org\/index.php\/wp-json\/wp\/v2\/comments?post=12483"}],"version-history":[{"count":1,"href":"https:\/\/uit-ci.org\/index.php\/wp-json\/wp\/v2\/posts\/12483\/revisions"}],"predecessor-version":[{"id":12489,"href":"https:\/\/uit-ci.org\/index.php\/wp-json\/wp\/v2\/posts\/12483\/revisions\/12489"}],"wp:featuredmedia":[{"embeddable":true,"href":"https:\/\/uit-ci.org\/index.php\/wp-json\/wp\/v2\/media\/12484"}],"wp:attachment":[{"href":"https:\/\/uit-ci.org\/index.php\/wp-json\/wp\/v2\/media?parent=12483"}],"wp:term":[{"taxonomy":"category","embeddable":true,"href":"https:\/\/uit-ci.org\/index.php\/wp-json\/wp\/v2\/categories?post=12483"},{"taxonomy":"post_tag","embeddable":true,"href":"https:\/\/uit-ci.org\/index.php\/wp-json\/wp\/v2\/tags?post=12483"}],"curies":[{"name":"wp","href":"https:\/\/api.w.org\/{rel}","templated":true}]}}