{"id":12515,"date":"2022-11-21T17:20:11","date_gmt":"2022-11-21T17:20:11","guid":{"rendered":"http:\/\/uit-ci.org\/?p=12515"},"modified":"2022-11-22T14:26:09","modified_gmt":"2022-11-22T14:26:09","slug":"argentina-lamentamos-el-fallecimiento-de-hebe-de-bonafini","status":"publish","type":"post","link":"https:\/\/uit-ci.org\/index.php\/2022\/11\/21\/argentina-lamentamos-el-fallecimiento-de-hebe-de-bonafini\/","title":{"rendered":"Argentina: Lamentamos el fallecimiento de Hebe de Bonafini"},"content":{"rendered":"<p>Por <strong>Izquierda Socialista<\/strong>, secci\u00f3n argentina de la UIT-CI<\/p>\n<p>21\/11\/2022. Falleci\u00f3 la titular de Madres de Plaza de Mayo, incansable luchadora y referente de los Derechos Humanos, en Argentina y en el mundo, Hebe de Bonafini. Desde Izquierda Socialista enviamos nuestras condolencias a sus familiares y compa\u00f1eras y compa\u00f1eros de lucha. Con su muerte nos revive la memoria de esa lucha de varias generaciones contra la brutal dictadura militar, el plan de exterminio mediante un genocidio para eliminar a los 30.000 e imponer un plan econ\u00f3mico al servicio del imperialismo y los pagos de una deuda externa usurera y fraudulenta.<\/p>\n<p>Luego vino la impunidad de las leyes de Obediencia Debida y Punto final de Alfons\u00edn y los indultos del peronismo menemista de los a\u00f1os 90. Y cuando se anularon aquellas leyes aberrantes dijimos que fue fruto de la lucha popular de varias d\u00e9cadas, no por el gobierno de N\u00e9stor Kirchner.<\/p>\n<p>Impunidad de ayer y de hoy, y sometimiento al FMI, que se vino dando bajo todos los gobiernos capitalistas. Por eso ning\u00fan gobierno \u201cdefendi\u00f3 los derechos humanos\u201d, sino que cada conquista se logr\u00f3 con lucha y movilizaci\u00f3n.<\/p>\n<p>Lamentablemente Hebe apoy\u00f3 a los gobiernos kirchneristas, abandonando la independencia pol\u00edtica de un organismo de lucha como lo fue la Asociaci\u00f3n Madres de Plaza de Mayo. Hebe dijo que \u201cel enemigo ya no estaba en la Casa Rosada\u201d y llam\u00f3 a votar por \u00e9l. El gobierno donde desapareci\u00f3 Julio L\u00f3pez, se implement\u00f3 el Proyecto X contra los luchadores, se puso al represor C\u00e9sar Milani como Jefe del Ej\u00e9rcito y se pag\u00f3 puntualmente la deuda externa, entre otros hechos.<\/p>\n<p>Fue el Encuentro Memoria Verdad y Justicia quien de manera independiente de todos los gobiernos moviliz\u00f3 cada 24 de marzo haciendo esa diferenciaci\u00f3n, sin apoyar al gobierno de turno. Ese es el camino que debemos seguir impulsando.<\/p>\n<p>Desde Izquierda Socialista en el FIT Unidad decimos que hay que seguir adelante en esta lucha contra la impunidad, ajuste y saqueo de todos los gobiernos capitalistas. Contra los represores de ayer y de hoy. Que lograremos definitivamente con un gobierno de las y de los trabajadores y una Argentina Socialista.<\/p>\n","protected":false},"excerpt":{"rendered":"<p>Por Izquierda Socialista, secci\u00f3n argentina de la UIT-CI 21\/11\/2022. Falleci\u00f3 la titular de Madres de Plaza de Mayo, incansable luchadora y referente de los Derechos Humanos, en Argentina y en el mundo, Hebe de Bonafini. Desde Izquierda Socialista enviamos nuestras condolencias a sus familiares y compa\u00f1eras y compa\u00f1eros de lucha. Con su muerte nos revive [&hellip;]<\/p>\n","protected":false},"author":2,"featured_media":12516,"comment_status":"closed","ping_status":"closed","sticky":false,"template":"","format":"standard","meta":[],"categories":[23,35],"tags":[1359,120,902,1356,910,1357,1361,129,1360,1358],"_links":{"self":[{"href":"https:\/\/uit-ci.org\/index.php\/wp-json\/wp\/v2\/posts\/12515"}],"collection":[{"href":"https:\/\/uit-ci.org\/index.php\/wp-json\/wp\/v2\/posts"}],"about":[{"href":"https:\/\/uit-ci.org\/index.php\/wp-json\/wp\/v2\/types\/post"}],"author":[{"embeddable":true,"href":"https:\/\/uit-ci.org\/index.php\/wp-json\/wp\/v2\/users\/2"}],"replies":[{"embeddable":true,"href":"https:\/\/uit-ci.org\/index.php\/wp-json\/wp\/v2\/comments?post=12515"}],"version-history":[{"count":1,"href":"https:\/\/uit-ci.org\/index.php\/wp-json\/wp\/v2\/posts\/12515\/revisions"}],"predecessor-version":[{"id":12521,"href":"https:\/\/uit-ci.org\/index.php\/wp-json\/wp\/v2\/posts\/12515\/revisions\/12521"}],"wp:featuredmedia":[{"embeddable":true,"href":"https:\/\/uit-ci.org\/index.php\/wp-json\/wp\/v2\/media\/12516"}],"wp:attachment":[{"href":"https:\/\/uit-ci.org\/index.php\/wp-json\/wp\/v2\/media?parent=12515"}],"wp:term":[{"taxonomy":"category","embeddable":true,"href":"https:\/\/uit-ci.org\/index.php\/wp-json\/wp\/v2\/categories?post=12515"},{"taxonomy":"post_tag","embeddable":true,"href":"https:\/\/uit-ci.org\/index.php\/wp-json\/wp\/v2\/tags?post=12515"}],"curies":[{"name":"wp","href":"https:\/\/api.w.org\/{rel}","templated":true}]}}