{"id":1287,"date":"2016-02-11T19:54:36","date_gmt":"2016-02-11T19:54:36","guid":{"rendered":"http:\/\/uit-ci.org\/index.php\/2016\/02\/11\/solidarite-avec-le-peuple-tunisien\/"},"modified":"2016-02-11T19:54:36","modified_gmt":"2016-02-11T19:54:36","slug":"solidarite-avec-le-peuple-tunisien","status":"publish","type":"post","link":"https:\/\/uit-ci.org\/index.php\/2016\/02\/11\/solidarite-avec-le-peuple-tunisien\/","title":{"rendered":"Solidarit\u00e9 avec le peuple tunisien"},"content":{"rendered":"<p><img loading=\"lazy\" class=\" alignleft size-full wp-image-1285\" style=\"float: left;\" src=\"http:\/\/uit-ci.org\/wp-content\/uploads\/2016\/02\/tunez-protestas-solidaridad.jpg\" alt=\"Nosotros, desde distintos lugares del mundo expresamos nuestra solidaridad incondicional con la lucha de los trabajadores y el pueblo tunecino, en especial de la juventud y los desocupados. Apoyamos sus reclamos por trabajo, libertad y una vida digna. Reclamamos que cese el estado de excepci\u00f3n y toda forma de represi\u00f3n y de criminalizaci\u00f3n de la protesta.\" width=\"240\" height=\"148\" srcset=\"https:\/\/uit-ci.org\/wp-content\/uploads\/2016\/02\/tunez-protestas-solidaridad.jpg 600w, https:\/\/uit-ci.org\/wp-content\/uploads\/2016\/02\/tunez-protestas-solidaridad-300x185.jpg 300w\" sizes=\"(max-width: 240px) 100vw, 240px\" \/>Nous, des diff\u00e9rentes parties du monde, \u00e9noncons notre solidarit\u00e9 inconditionnelle avec la lutte des travailleurs et le peuple tunisien, en particulier les jeunes et les ch\u00f4meurs. Nous soutenons leurs revendications pour le travail, la libert\u00e9 et la dignit\u00e9. Nous appelons \u00e0 la fin de l&#8217;\u00e9tat d&#8217;urgence et toutes les formes de r\u00e9pressions et de la criminalisation des protestations.<\/p>\n<p>  <!--more-->  <\/p>\n<p><strong>Argentine:<\/strong> Rub\u00e9n \u00abPollo\u00bb Sobrero, Secr\u00e9taire G\u00e9n\u00e9ral de la section Ouest de l&#8217;Union des Chemins de Fer; Edgardo Reynoso et M\u00f3nica Schotthauer,dirigeants ferroviaires del Cuerpo de Delegados de Ramal TBA-Sarmiento; Juan Carlos Giordano, d\u00e9put\u00e9 national \u00e9lu du Front de Gauche (FIT) dans la province de Buenos Aires et dirigeant national de la Gauche Socialiste (IS), Laura Marrone, dirigeante du syndicat des professeurs et professeures de Buenos Aires et l\u00e9gislateur \u00e9lu de IS-FIT \u00e1 Buenos Aires ; Ang\u00e9lica Lagunas, ancienne d\u00e9put\u00e9r de Neuqu\u00e9n de IS-FIT ; Jos\u00e9 Castillo, professeur de l&#8217;Universit\u00e9 de Buenos Aires, dirigeant de AGD et la Gauche Socialiste, <strong>Alemania:<\/strong> Kosaro, Comit\u00e9 pour la Democrati\u00e9 Ouvriere (KRD); <strong>Bolivie:<\/strong> Gonzalo San Jin\u00e9s, Alternative R\u00e9volutionnaire du Peuple Travailleur, <strong>Br\u00e9sil:<\/strong> Joao Batista Araujo \u00abBaba\u00bb, conseiller municipal de Rio de Janeiro CST-PSOL (Le Courant Socialiste des Travailleurs-Parti du Socialisme et Libert\u00e9) ; Pedro Rosa, dirigeant del Sintuff (Niteroi-Rio) et la Fasubra (Federation de Travailleurs des Universit\u00e9s), <strong>Chili:<\/strong> Ranier Rios, dirigeant du MST (Mouvement Socialiste des Travailleurs) ; Mario Mendoza, le pr\u00e9sident de la Federation des Employ\u00e9s Municipal de Rural Costa ;<strong> L&#8217;Etat espagnol:<\/strong> Josep Lluis del Alc\u00e1zar, d\u00e9l\u00e9gu\u00e9 syndical de l&#8217;\u00e9ducation public et militant de la Lutte Internationaliste (LI); Toni Granados,conseiller municipal de LI \u00e1 Girona ; Marga Olalla, d\u00e9l\u00e9gu\u00e9e syndicale des travailleurs municipaux de Barcelona; Miquel Blanch, d\u00e9l\u00e9gu\u00e9 syndicaldes professeurs d&#8217;\u00e9cole pour adultes, membre du Courant Syndical de CCOO (Les Commissions Ouvri\u00e8res) de Girona ; M. Esther del Alc\u00e1zar,d\u00e9l\u00e9gu\u00e9e syndicale de l&#8217;\u00e9ducation public et militante de LI ; <strong>France:<\/strong> Raoul Guzman, Groupe Socialiste Internationaliste (GSI);<strong> Mexique:<\/strong> Enrique G\u00f3mez, Parti Ouvrier Socialiste (POS); <strong>Panama:<\/strong> Priscilla V\u00e1squez, dirigeante nationale des travailleurs de la Securit\u00e9 Sociale; Virgilio Arauz, dirigeant de la Proposition Socialiste; <strong>Per\u00fa:<\/strong> Enrique Fern\u00e1ndez Chac\u00f3n, ancien d\u00e9put\u00e9 national, dirigeant de Unies dans la Lutte; <strong>Turquia :<\/strong> Sedat Durel, Secr\u00e9taire G\u00e9n\u00e9ral du Syndicat R\u00e9volutionnaire des Travailleurs de la Communication et du Centre d&#8217;Appel; Atakan \u00c7ift\u00e7i,Parti de la Democrati\u00e9 Ouvrier (IDP); <strong>Venezuela:<\/strong> Jos\u00e9 Bodas, Secr\u00e9taire G\u00e9n\u00e9ral de la Federation Unitaire de Travailleurs Oilers de Venezuela (FUTPV); Orlando Chirino, dirigeant national du Courant Classiste, Unitaire, R\u00e9volutionnaire et Autonome (C-CURA) ancien candidat au presidentielle pour PSL; Miguel \u00c1ngel Hern\u00e1ndez, Secr\u00e9taire G\u00e9n\u00e9ral du Parti de Socialisme et Libert\u00e9 (PSL); <strong>Unit\u00e9 International des Travailleurs-Quatri\u00e8me International<\/strong> (UIT-CI): Miguel Sorans.<\/p>\n","protected":false},"excerpt":{"rendered":"<p>Nous, des diff\u00e9rentes parties du monde, \u00e9noncons notre solidarit\u00e9 inconditionnelle avec la lutte des travailleurs et le peuple tunisien, en particulier les jeunes et les ch\u00f4meurs. Nous soutenons leurs revendications pour le travail, la libert\u00e9 et la dignit\u00e9. Nous appelons \u00e0 la fin de l&#8217;\u00e9tat d&#8217;urgence et toutes les formes de r\u00e9pressions et de la [&hellip;]<\/p>\n","protected":false},"author":1,"featured_media":1285,"comment_status":"open","ping_status":"open","sticky":false,"template":"","format":"standard","meta":[],"categories":[53],"tags":[],"_links":{"self":[{"href":"https:\/\/uit-ci.org\/index.php\/wp-json\/wp\/v2\/posts\/1287"}],"collection":[{"href":"https:\/\/uit-ci.org\/index.php\/wp-json\/wp\/v2\/posts"}],"about":[{"href":"https:\/\/uit-ci.org\/index.php\/wp-json\/wp\/v2\/types\/post"}],"author":[{"embeddable":true,"href":"https:\/\/uit-ci.org\/index.php\/wp-json\/wp\/v2\/users\/1"}],"replies":[{"embeddable":true,"href":"https:\/\/uit-ci.org\/index.php\/wp-json\/wp\/v2\/comments?post=1287"}],"version-history":[{"count":0,"href":"https:\/\/uit-ci.org\/index.php\/wp-json\/wp\/v2\/posts\/1287\/revisions"}],"wp:featuredmedia":[{"embeddable":true,"href":"https:\/\/uit-ci.org\/index.php\/wp-json\/wp\/v2\/media\/1285"}],"wp:attachment":[{"href":"https:\/\/uit-ci.org\/index.php\/wp-json\/wp\/v2\/media?parent=1287"}],"wp:term":[{"taxonomy":"category","embeddable":true,"href":"https:\/\/uit-ci.org\/index.php\/wp-json\/wp\/v2\/categories?post=1287"},{"taxonomy":"post_tag","embeddable":true,"href":"https:\/\/uit-ci.org\/index.php\/wp-json\/wp\/v2\/tags?post=1287"}],"curies":[{"name":"wp","href":"https:\/\/api.w.org\/{rel}","templated":true}]}}