{"id":13065,"date":"2023-01-19T18:30:40","date_gmt":"2023-01-19T18:30:40","guid":{"rendered":"http:\/\/uit-ci.org\/?p=13065"},"modified":"2025-07-15T18:31:33","modified_gmt":"2025-07-15T18:31:33","slug":"llamamiento-a-acciones-de-solidaridad-con-los-activistas-anti-guerra-en-rusia-recordar-es-luchar-contra-la-agresion-imperial-en-ucrania-y-el-terror-politico-en-rusia","status":"publish","type":"post","link":"https:\/\/uit-ci.org\/index.php\/2023\/01\/19\/llamamiento-a-acciones-de-solidaridad-con-los-activistas-anti-guerra-en-rusia-recordar-es-luchar-contra-la-agresion-imperial-en-ucrania-y-el-terror-politico-en-rusia\/","title":{"rendered":"Llamamiento a acciones de solidaridad con los activistas anti-guerra en Rusia: \u00a1Recordar es luchar! \u00a1Contra la agresi\u00f3n imperial en Ucrania y el terror pol\u00edtico en Rusia!"},"content":{"rendered":"<p class=\"notion-header__title\">Por <strong>Prensa UIT-CI<\/strong><\/p>\n<h4 class=\"notion-header__title\">\n*Reproducimos declaraci\u00f3n del RSD (Movimiento Socialista Ruso)<\/h4>\n<p>&nbsp;<\/p>\n<hr \/>\n<h4 class=\"notion-header__title\"><em style=\"color: #333333; font-size: 15px;\"><strong>Desde hace m\u00e1s de una d\u00e9cada, las antifascistas rusas conmemoran el 19 de enero como su d\u00eda de solidaridad. Es la fecha en que en 2009, en el centro de Mosc\u00fa, el activista de derechos humanos e izquierdista Stanislav Markelov y la periodista y anarquista Anastasia Baburova fueron abatidos a tiros por neonazis.<\/strong><\/em><\/h4>\n<div id=\"block-0aa1ddc3f193410c949ea3cee311b017\" class=\"notion-text\">\n<p class=\"notion-text__content\"><span class=\"notion-semantic-string\">El asesinato de Markelov y Baburova fue la culminaci\u00f3n del terror ultraderechista de la d\u00e9cada de 2000, que acab\u00f3 con la vida de cientos de inmigrantes y decenas de antifascistas. Durante muchos a\u00f1os, mientras a\u00fan era posible, los activistas rusos celebraron manifestaciones y concentraciones antifascistas el 19 de enero bajo el lema \u00ab\u00a1Recordar es luchar!\u00bb.<\/span><\/p>\n<\/div>\n<div id=\"block-d4f818d488b841afb8018395b859ce95\" class=\"notion-text\">\n<p class=\"notion-text__content\"><span class=\"notion-semantic-string\">Hoy, cuando el r\u00e9gimen de Putin ha invadido Ucrania y desatado una represi\u00f3n sin precedentes contra sus propios ciudadanos que se oponen a la guerra, la fecha del 19 de enero adquiere un nuevo significado. Antes el peligro lo representaban los grupos neonazis, que a menudo actuaban con la connivencia de las autoridades.<\/span><\/p>\n<\/div>\n<div id=\"block-e2f2a86f03cc4e0994e987a3dd7f1ef9\" class=\"notion-text\">\n<p class=\"notion-text__content\"><span class=\"notion-semantic-string\">Hoy, la ideolog\u00eda y la pr\u00e1ctica de los radicales de derechas se han convertido en la ideolog\u00eda y la pr\u00e1ctica del propio r\u00e9gimen ruso, que se est\u00e1 volviendo r\u00e1pidamente fascista en el curso de su invasi\u00f3n de Ucrania.<\/span><\/p>\n<\/div>\n<div id=\"block-3cef3d88e26e421cb83ebfad4c6db408\" class=\"notion-text\">\n<p class=\"notion-text__content\"><span class=\"notion-semantic-string\">Vladimir Putin est\u00e1 librando una guerra no s\u00f3lo contra el pueblo ucraniano, sino tambi\u00e9n contra la sociedad civil rusa que se resiste a la agresi\u00f3n. Las brutal represi\u00f3n golpea, entre otros, al movimiento de izquierda: socialistas, anarquistas, feministas, sindicalistas.<\/span><\/p>\n<\/div>\n<div id=\"block-bb6602c5ee994108846cbce31686bb2c\" class=\"notion-text\">\n<p class=\"notion-text__content\"><span class=\"notion-semantic-string\">Antes de A\u00f1o Nuevo, el pol\u00edtico de izquierdas m\u00e1s famoso de Rusia, el socialista democr\u00e1tico Mija\u00edl Lobanov, fue detenido y golpeado. La plataforma \u00abNominaci\u00f3n\u00bb, creada por \u00e9l, hab\u00eda unido a la oposici\u00f3n anti-guerra en las elecciones municipales de Mosc\u00fa de septiembre de 2022.<\/span><\/p>\n<\/div>\n<div id=\"block-30ee15a7bb5e483e9d46b7ff78a7fa77\" class=\"notion-text\">\n<p class=\"notion-text__content\"><span class=\"notion-semantic-string\">Kirill Ukraintsev, l\u00edder del sindicato de mensajeros y conocido videobloguero de izquierdas, lleva detenido desde abril. El motivo de la detenci\u00f3n fueron las protestas y huelgas que los mensajeros organizaron para mejorar sus condiciones de trabajo.<\/span><\/p>\n<\/div>\n<div id=\"block-9fa5267906974cdfb512478cdb6b1183\" class=\"notion-text\">\n<p class=\"notion-text__content\"><span class=\"notion-semantic-string\">La feminista, artista y activista antiguerra Alexandra Skochilenko, que distribuy\u00f3 emblemas contra la guerra, se enfrenta a una larga pena de prisi\u00f3n.<\/span><\/p>\n<\/div>\n<div id=\"block-b359ac5afd144cb38fb1fc7a3b033115\" class=\"notion-text\">\n<p class=\"notion-text__content\"><span class=\"notion-semantic-string\">Seis anarquistas -Kirill Brik, Deniz Aydin, Yuri Neznamov, Nikita Oleinik, Roman Paklin, Daniil Chertykov- fueron detenidos en el llamado \u00abcaso Tyumen\u00bb. Fueron brutalmente torturados, tratando de que confesaran la preparaci\u00f3n de sabotajes.<\/span><\/p>\n<\/div>\n<div id=\"block-5d88da6a4c394c27ab4127c819c1c5f5\" class=\"notion-text\">\n<p class=\"notion-text__content\"><span class=\"notion-semantic-string\">Daria Polyudova, activista del grupo Resistencia de Izquierda, ha sido condenada recientemente a nueve (\u00a1!) a\u00f1os de c\u00e1rcel por \u00abllamamientos al extremismo\u00bb. El periodista de izquierdas Igor Kuznetsov lleva un a\u00f1o en prisi\u00f3n, acusado de \u00abextremismo\u00bb por sus opiniones contrarias a la guerra y a Putin.<\/span><\/p>\n<\/div>\n<div id=\"block-edf22d35eafe4b29ad81f4755c230d24\" class=\"notion-text\">\n<p class=\"notion-text__content\"><span class=\"notion-semantic-string\">Esta no es ni mucho menos una lista exhaustiva de izquierdistas rusos recientemente encarcelados o perseguidos por sus creencias. Como activistas rusos obligados a abandonar Rusia por razones pol\u00edticas, pedimos a nuestras camaradas extranjeras y a todas las que se sientan concernidas que apoyen la acci\u00f3n antifascista del 19 de enero bajo los lemas:<\/span><\/p>\n<\/div>\n<div id=\"block-c5dbee9228f14251b3df941d9acda4b5\" class=\"notion-text\">\n<p class=\"notion-text__content\"><span class=\"notion-semantic-string\"><strong>\u00a1No a la guerra, el fascismo y la dictadura de Putin!<\/strong><\/span><\/p>\n<\/div>\n<div id=\"block-acf8a3d155eb420cac445ff362d758cc\" class=\"notion-text\">\n<p class=\"notion-text__content\"><span class=\"notion-semantic-string\"><strong>\u00a1Libertad para todos los presos pol\u00edticos rusos!<\/strong><\/span><\/p>\n<\/div>\n<div id=\"block-2942d4981c5e4b3889fd99ea38fc3402\" class=\"notion-text\">\n<p class=\"notion-text__content\"><span class=\"notion-semantic-string\"><strong>\u00a1Solidaridad con los antifascistas rusos!<\/strong><\/span><\/p>\n<\/div>\n<div id=\"block-879a0dc992104cdda813af776b2cbb90\" class=\"notion-text\">\n<p class=\"notion-text__content\"><span class=\"notion-semantic-string\"><strong>\u00a1Recordar es luchar!<\/strong><\/span><\/p>\n<\/div>\n","protected":false},"excerpt":{"rendered":"<p>Por Prensa UIT-CI *Reproducimos declaraci\u00f3n del RSD (Movimiento Socialista Ruso) &nbsp; Desde hace m\u00e1s de una d\u00e9cada, las antifascistas rusas conmemoran el 19 de enero como su d\u00eda de solidaridad. Es la fecha en que en 2009, en el centro de Mosc\u00fa, el activista de derechos humanos e izquierdista Stanislav Markelov y la periodista y [&hellip;]<\/p>\n","protected":false},"author":2,"featured_media":13066,"comment_status":"closed","ping_status":"closed","sticky":false,"template":"","format":"standard","meta":[],"categories":[1,2522],"tags":[987,991,1016,905,770,293,904],"_links":{"self":[{"href":"https:\/\/uit-ci.org\/index.php\/wp-json\/wp\/v2\/posts\/13065"}],"collection":[{"href":"https:\/\/uit-ci.org\/index.php\/wp-json\/wp\/v2\/posts"}],"about":[{"href":"https:\/\/uit-ci.org\/index.php\/wp-json\/wp\/v2\/types\/post"}],"author":[{"embeddable":true,"href":"https:\/\/uit-ci.org\/index.php\/wp-json\/wp\/v2\/users\/2"}],"replies":[{"embeddable":true,"href":"https:\/\/uit-ci.org\/index.php\/wp-json\/wp\/v2\/comments?post=13065"}],"version-history":[{"count":1,"href":"https:\/\/uit-ci.org\/index.php\/wp-json\/wp\/v2\/posts\/13065\/revisions"}],"predecessor-version":[{"id":13071,"href":"https:\/\/uit-ci.org\/index.php\/wp-json\/wp\/v2\/posts\/13065\/revisions\/13071"}],"wp:featuredmedia":[{"embeddable":true,"href":"https:\/\/uit-ci.org\/index.php\/wp-json\/wp\/v2\/media\/13066"}],"wp:attachment":[{"href":"https:\/\/uit-ci.org\/index.php\/wp-json\/wp\/v2\/media?parent=13065"}],"wp:term":[{"taxonomy":"category","embeddable":true,"href":"https:\/\/uit-ci.org\/index.php\/wp-json\/wp\/v2\/categories?post=13065"},{"taxonomy":"post_tag","embeddable":true,"href":"https:\/\/uit-ci.org\/index.php\/wp-json\/wp\/v2\/tags?post=13065"}],"curies":[{"name":"wp","href":"https:\/\/api.w.org\/{rel}","templated":true}]}}