{"id":13092,"date":"2023-01-20T15:46:24","date_gmt":"2023-01-20T15:46:24","guid":{"rendered":"http:\/\/uit-ci.org\/?p=13092"},"modified":"2023-02-11T15:17:25","modified_gmt":"2023-02-11T15:17:25","slug":"venezuela-masivas-protestas-docentes-todo-el-pais","status":"publish","type":"post","link":"https:\/\/uit-ci.org\/index.php\/2023\/01\/20\/venezuela-masivas-protestas-docentes-todo-el-pais\/","title":{"rendered":"(v\u00eddeo) Venezuela: Masivas protestas docentes en todo el pa\u00eds"},"content":{"rendered":"<p>Por<strong> PSL\/C-cura<br \/>\n<\/strong><\/p>\n<p><strong>Convocan a nueva jornada de protestas el 23 de enero<\/strong><\/p>\n<p><em>A profundizar la movilizaci\u00f3n del 16 de enero<\/em><\/p>\n<p>El pasado 16 de enero se produjeron masivas marchas de docentes en todo el pa\u00eds. En Caracas se movilizaron unos 5000 maestros y maestras. Ciudades y pueblos del interior profundo del pa\u00eds fueron testigos de una enorme movilizaci\u00f3n. Los docentes acompa\u00f1ados por otros trabajadores del sector p\u00fablico, junto a padres y representantes, y pobladores de las comunidades, salieron a las calles. Los motivos centrales de la protesta fueron los miserables salarios y la suspensi\u00f3n en diciembre de la discusi\u00f3n del contrato colectivo, despu\u00e9s de m\u00e1s de un a\u00f1o de negociaciones infructuosas.<\/p>\n<p>La protesta que se llev\u00f3 a cabo un d\u00eda despu\u00e9s del D\u00eda del Maestro, fue continuidad de una gran jornada realizada el lunes 9 de enero.<\/p>\n<p>Las maestras y maestros est\u00e1n hartos de depender de las bolsas de comida y los bonos con los cuales el gobierno pretende reemplazar el contrato colectivo y un aumento salarial. Los salarios de hambre han obligado a los docentes a procurarse ingresos adicionales realizando tareas alternativas, en horas en que podr\u00edan descansar o formarse. El malestar tambi\u00e9n est\u00e1 determinado por las p\u00e9simas condiciones de trabajo, originadas en la falta de inversi\u00f3n en el sistema educativo, lo cual es parte del ajuste que aplica el gobierno, reduciendo el gasto social, obligando a los docentes a usar su dinero o depender de la colaboraci\u00f3n de padres y representantes para medio mantener los planteles.<\/p>\n<p><b>Miles de docentes en las calles del pa\u00eds<\/b><\/p>\n<p>Venciendo el miedo los maestros y maestras se movilizaron por miles en todo el pa\u00eds. Ni las presiones de directores, supervisores y autoridades gubernamentales, ni la negativa de la burocracia sindical del magisterio a movilizar fueron obst\u00e1culos para que los maestros y maestras se sumaran a las acciones de lucha. En Maracay los colectivos de motorizados amenazaron a los docentes. En Caracas, el gobierno tom\u00f3 policialmente todo el centro de la capital, mont\u00f3 una tarima frente al ministerio de Educaci\u00f3n, donde estaba previsto que se concentraran los docentes. Incluso, organizaron una provocaci\u00f3n convocando una marcha a dicho ministerio. Y Maduro y su ministra Yelitze Santaella hablan hip\u00f3critamente del derecho a la educaci\u00f3n, para desestimular la protesta, pero son incapaces de garantizar hasta el agua en las escuelas. Todos estos mecanismos son una violaci\u00f3n al derecho a la protesta consagrado en el art. 68 de la constituci\u00f3n. Por su parte, la burocracia sindical del magisterio, encabezada por la FVM, ahora quiere presentarse como los convocantes de las acciones de movilizaci\u00f3n, aunque en rigor no movieron un dedo. Mientras que los partidos de la derecha patronal y proimperialista, oportunistamente tratan de pescar en r\u00edo revuelto.<\/p>\n<figure id=\"attachment_13100\" aria-describedby=\"caption-attachment-13100\" style=\"width: 225px\" class=\"wp-caption aligncenter\"><img loading=\"lazy\" class=\"wp-image-13100 size-medium\" src=\"http:\/\/uit-ci.org\/wp-content\/uploads\/2023\/01\/WhatsApp-Image-2023-01-19-at-17.54.15-225x300.jpeg\" alt=\"\" width=\"225\" height=\"300\" srcset=\"https:\/\/uit-ci.org\/wp-content\/uploads\/2023\/01\/WhatsApp-Image-2023-01-19-at-17.54.15-225x300.jpeg 225w, https:\/\/uit-ci.org\/wp-content\/uploads\/2023\/01\/WhatsApp-Image-2023-01-19-at-17.54.15-768x1024.jpeg 768w, https:\/\/uit-ci.org\/wp-content\/uploads\/2023\/01\/WhatsApp-Image-2023-01-19-at-17.54.15-600x800.jpeg 600w, https:\/\/uit-ci.org\/wp-content\/uploads\/2023\/01\/WhatsApp-Image-2023-01-19-at-17.54.15-750x1000.jpeg 750w, https:\/\/uit-ci.org\/wp-content\/uploads\/2023\/01\/WhatsApp-Image-2023-01-19-at-17.54.15.jpeg 780w\" sizes=\"(max-width: 225px) 100vw, 225px\" \/><figcaption id=\"caption-attachment-13100\" class=\"wp-caption-text\">Ccura en Maracay, estado Aragua<\/figcaption><\/figure>\n<figure id=\"attachment_13105\" aria-describedby=\"caption-attachment-13105\" style=\"width: 300px\" class=\"wp-caption aligncenter\"><img loading=\"lazy\" class=\"wp-image-13105 size-medium\" src=\"http:\/\/uit-ci.org\/wp-content\/uploads\/2023\/01\/WhatsApp-Image-2023-01-19-at-17.53.19-300x300.jpeg\" alt=\"\" width=\"300\" height=\"300\" srcset=\"https:\/\/uit-ci.org\/wp-content\/uploads\/2023\/01\/WhatsApp-Image-2023-01-19-at-17.53.19-300x300.jpeg 300w, https:\/\/uit-ci.org\/wp-content\/uploads\/2023\/01\/WhatsApp-Image-2023-01-19-at-17.53.19-150x150.jpeg 150w, https:\/\/uit-ci.org\/wp-content\/uploads\/2023\/01\/WhatsApp-Image-2023-01-19-at-17.53.19-100x100.jpeg 100w, https:\/\/uit-ci.org\/wp-content\/uploads\/2023\/01\/WhatsApp-Image-2023-01-19-at-17.53.19-75x75.jpeg 75w, https:\/\/uit-ci.org\/wp-content\/uploads\/2023\/01\/WhatsApp-Image-2023-01-19-at-17.53.19.jpeg 541w\" sizes=\"(max-width: 300px) 100vw, 300px\" \/><figcaption id=\"caption-attachment-13105\" class=\"wp-caption-text\">Armando Guerra, profesor universitario y dirigente del PSL y Ccura. Los Teques, estado Miranda<\/figcaption><\/figure>\n<figure id=\"attachment_13110\" aria-describedby=\"caption-attachment-13110\" style=\"width: 300px\" class=\"wp-caption aligncenter\"><img loading=\"lazy\" class=\"wp-image-13110 size-medium\" src=\"http:\/\/uit-ci.org\/wp-content\/uploads\/2023\/01\/WhatsApp-Image-2023-01-19-at-17.52.11-300x225.jpeg\" alt=\"\" width=\"300\" height=\"225\" srcset=\"https:\/\/uit-ci.org\/wp-content\/uploads\/2023\/01\/WhatsApp-Image-2023-01-19-at-17.52.11-300x225.jpeg 300w, https:\/\/uit-ci.org\/wp-content\/uploads\/2023\/01\/WhatsApp-Image-2023-01-19-at-17.52.11-768x576.jpeg 768w, https:\/\/uit-ci.org\/wp-content\/uploads\/2023\/01\/WhatsApp-Image-2023-01-19-at-17.52.11-600x450.jpeg 600w, https:\/\/uit-ci.org\/wp-content\/uploads\/2023\/01\/WhatsApp-Image-2023-01-19-at-17.52.11-750x563.jpeg 750w, https:\/\/uit-ci.org\/wp-content\/uploads\/2023\/01\/WhatsApp-Image-2023-01-19-at-17.52.11.jpeg 1024w\" sizes=\"(max-width: 300px) 100vw, 300px\" \/><figcaption id=\"caption-attachment-13110\" class=\"wp-caption-text\">Cuman\u00e1, estado Sucre<\/figcaption><\/figure>\n<figure id=\"attachment_13115\" aria-describedby=\"caption-attachment-13115\" style=\"width: 300px\" class=\"wp-caption aligncenter\"><img loading=\"lazy\" class=\"wp-image-13115 size-medium\" src=\"http:\/\/uit-ci.org\/wp-content\/uploads\/2023\/01\/WhatsApp-Image-2023-01-19-at-17.51.07-300x300.jpeg\" alt=\"\" width=\"300\" height=\"300\" srcset=\"https:\/\/uit-ci.org\/wp-content\/uploads\/2023\/01\/WhatsApp-Image-2023-01-19-at-17.51.07-300x300.jpeg 300w, https:\/\/uit-ci.org\/wp-content\/uploads\/2023\/01\/WhatsApp-Image-2023-01-19-at-17.51.07-150x150.jpeg 150w, https:\/\/uit-ci.org\/wp-content\/uploads\/2023\/01\/WhatsApp-Image-2023-01-19-at-17.51.07-768x768.jpeg 768w, https:\/\/uit-ci.org\/wp-content\/uploads\/2023\/01\/WhatsApp-Image-2023-01-19-at-17.51.07-600x600.jpeg 600w, https:\/\/uit-ci.org\/wp-content\/uploads\/2023\/01\/WhatsApp-Image-2023-01-19-at-17.51.07-100x100.jpeg 100w, https:\/\/uit-ci.org\/wp-content\/uploads\/2023\/01\/WhatsApp-Image-2023-01-19-at-17.51.07-75x75.jpeg 75w, https:\/\/uit-ci.org\/wp-content\/uploads\/2023\/01\/WhatsApp-Image-2023-01-19-at-17.51.07-750x750.jpeg 750w, https:\/\/uit-ci.org\/wp-content\/uploads\/2023\/01\/WhatsApp-Image-2023-01-19-at-17.51.07.jpeg 780w\" sizes=\"(max-width: 300px) 100vw, 300px\" \/><figcaption id=\"caption-attachment-13115\" class=\"wp-caption-text\">En barcelona, estado Azo\u00e1tegui<\/figcaption><\/figure>\n<figure id=\"attachment_13120\" aria-describedby=\"caption-attachment-13120\" style=\"width: 300px\" class=\"wp-caption aligncenter\"><img loading=\"lazy\" class=\"size-medium wp-image-13120\" src=\"http:\/\/uit-ci.org\/wp-content\/uploads\/2023\/01\/WhatsApp-Image-2023-01-19-at-17.50.07-300x300.jpeg\" alt=\"\" width=\"300\" height=\"300\" srcset=\"https:\/\/uit-ci.org\/wp-content\/uploads\/2023\/01\/WhatsApp-Image-2023-01-19-at-17.50.07-300x300.jpeg 300w, https:\/\/uit-ci.org\/wp-content\/uploads\/2023\/01\/WhatsApp-Image-2023-01-19-at-17.50.07-1024x1024.jpeg 1024w, https:\/\/uit-ci.org\/wp-content\/uploads\/2023\/01\/WhatsApp-Image-2023-01-19-at-17.50.07-150x150.jpeg 150w, https:\/\/uit-ci.org\/wp-content\/uploads\/2023\/01\/WhatsApp-Image-2023-01-19-at-17.50.07-768x768.jpeg 768w, https:\/\/uit-ci.org\/wp-content\/uploads\/2023\/01\/WhatsApp-Image-2023-01-19-at-17.50.07-600x600.jpeg 600w, https:\/\/uit-ci.org\/wp-content\/uploads\/2023\/01\/WhatsApp-Image-2023-01-19-at-17.50.07-100x100.jpeg 100w, https:\/\/uit-ci.org\/wp-content\/uploads\/2023\/01\/WhatsApp-Image-2023-01-19-at-17.50.07-75x75.jpeg 75w, https:\/\/uit-ci.org\/wp-content\/uploads\/2023\/01\/WhatsApp-Image-2023-01-19-at-17.50.07-750x750.jpeg 750w, https:\/\/uit-ci.org\/wp-content\/uploads\/2023\/01\/WhatsApp-Image-2023-01-19-at-17.50.07.jpeg 1080w\" sizes=\"(max-width: 300px) 100vw, 300px\" \/><figcaption id=\"caption-attachment-13120\" class=\"wp-caption-text\">Marcha en Caracas<\/figcaption><\/figure>\n<p>Claudia Rodriguez, militante del PSL y Ccura. Caracas<\/p>\n<div style=\"width: 352px;\" class=\"wp-video\"><!--[if lt IE 9]><script>document.createElement('video');<\/script><![endif]-->\n<video class=\"wp-video-shortcode\" id=\"video-13092-1\" width=\"352\" height=\"640\" preload=\"metadata\" controls=\"controls\"><source type=\"video\/mp4\" src=\"http:\/\/uit-ci.org\/wp-content\/uploads\/2023\/01\/WhatsApp-Video-2023-01-20-at-12.40.47.mp4?_=1\" \/><a href=\"http:\/\/uit-ci.org\/wp-content\/uploads\/2023\/01\/WhatsApp-Video-2023-01-20-at-12.40.47.mp4\">http:\/\/uit-ci.org\/wp-content\/uploads\/2023\/01\/WhatsApp-Video-2023-01-20-at-12.40.47.mp4<\/a><\/video><\/div>\n<p>Movilizaci\u00f3n en Cuman\u00e1<\/p>\n<div style=\"width: 640px;\" class=\"wp-video\"><video class=\"wp-video-shortcode\" id=\"video-13092-2\" width=\"640\" height=\"352\" preload=\"metadata\" controls=\"controls\"><source type=\"video\/mp4\" src=\"http:\/\/uit-ci.org\/wp-content\/uploads\/2023\/01\/WhatsApp-Video-2023-01-20-at-12.41.12.mp4?_=2\" \/><a href=\"http:\/\/uit-ci.org\/wp-content\/uploads\/2023\/01\/WhatsApp-Video-2023-01-20-at-12.41.12.mp4\">http:\/\/uit-ci.org\/wp-content\/uploads\/2023\/01\/WhatsApp-Video-2023-01-20-at-12.41.12.mp4<\/a><\/video><\/div>\n<p><b>\u00bfQu\u00e9 proponemos?<\/b><\/p>\n<p>Hay que darle continuidad a la tremenda voluntad de lucha mostrada por los docentes en todo el pa\u00eds, tanto el 9 como el 16 de enero. Est\u00e1 convocada una nueva jornada de protesta para el pr\u00f3ximo lunes 23. Los docentes deben aprovechar para autorganizarse en sus escuelas y liceos. En muchos no hay delegados ni voceros, por ello es necesario conformar comit\u00e9s de conflicto en todos los planteles para preparar la jornada de protesta del 23, y mantenerse en pie de lucha. No se puede confiar en los bur\u00f3cratas de las federaciones y sindicatos, debemos confiar en nuestras propias fuerzas.<\/p>\n<p>El clamor de la mayor\u00eda de los docentes es convocar a un paro nacional de toda la docencia, pero esta medida no cuenta con el respaldo de la burocracia sindical del magisterio, por ello hay que exigirle a las federaciones y sindicatos del magisterio que en lugar de desmovilizar y tratar de negociar con el patrono, se pongan a la cabeza de la lucha. Que vayan a los planteles, que pr\u00e1cticamente abandonaron, prefiriendo mandar \u201cmensajitos\u201d por whapsap y las redes. Que convoquen asambleas en todos los centros educativos, para que democr\u00e1ticamente se discuta un plan nacional de lucha que parta de convocar un paro nacional de 36 horas, que sea seguido de otro de 48 horas, con movilizaci\u00f3n en todas las localidades, para ir preparando el paro nacional docente, hasta doblarle el brazo al gobierno, y derrotar la pol\u00edtica antiobrera del gobierno, que es parte de su paquetazo de ajuste capitalista con el cual busca descargar la crisis sobre los hombros del pueblo trabajador. A la dirigencia sindical hay que exigirle que le ponga fecha a los paros.<\/p>\n<p>La lucha de los docentes es parte de la lucha de los sidoristas y todas las trabajadoras y trabajadores del pa\u00eds, tanto del sector p\u00fablico como privado, activos, jubilados y pensionados. Es necesario lograr la mayor articulaci\u00f3n y coordinaci\u00f3n posible entre todos los sindicatos, corrientes sindicales, agrupaciones y frentes de trabajadores (Faitec, Asta, Espacio Sindical Unitario, Coordinadora Metropolitana etc.) que se han conformado en el pa\u00eds para potenciar la movilizaci\u00f3n de todas y todos los trabajadores p\u00fablicos y privados, y potenciar la lucha de los docentes.<\/p>\n<p>La gran movilizaci\u00f3n del 16 fue posible gracias a la unidad de todos los sectores laborales y sindicales.<\/p>\n<p>\u00a1Por salario igual a la canasta b\u00e1sica indexado mensualmente!<\/p>\n<p>\u00a1Que los bonos sean salario! \u00a1Eliminaci\u00f3n del IVA!<\/p>\n<p>\u00a1Reinicio inmediato de la discusi\u00f3n del contrato docente!<\/p>\n<p>\u00a1Eliminaci\u00f3n del memo 2792 y el instructivo Onapre!<\/p>\n<p>\u00a1Libertad para lxs trabajadorxs presxs!<\/p>\n<p>\u00a1Por petr\u00f3leo 100% estatal sin transnacionales ni empresas mixtas!<\/p>\n<p>\u00a1Por un Plan Obrero y Popular de emergencia!<\/p>\n<p>\u00a1Hacia el paro nacional docente!<\/p>\n<p>\u00a1Por un gobierno de los trabajadores, trabajadoras y el pueblo!<\/p>\n<p>\u00a1Todos a la jornada de lucha del 23 de enero!<\/p>\n<p>&nbsp;<\/p>\n<p>18 de enero de 2022<\/p>\n","protected":false},"excerpt":{"rendered":"<p>Por PSL\/C-cura Convocan a nueva jornada de protestas el 23 de enero A profundizar la movilizaci\u00f3n del 16 de enero El pasado 16 de enero se produjeron masivas marchas de docentes en todo el pa\u00eds. En Caracas se movilizaron unos 5000 maestros y maestras. Ciudades y pueblos del interior profundo del pa\u00eds fueron testigos de [&hellip;]<\/p>\n","protected":false},"author":2,"featured_media":13095,"comment_status":"closed","ping_status":"closed","sticky":false,"template":"","format":"standard","meta":[],"categories":[60,31],"tags":[881,965,455,208,324,1450,1449,1451,968,361,959,708,221],"_links":{"self":[{"href":"https:\/\/uit-ci.org\/index.php\/wp-json\/wp\/v2\/posts\/13092"}],"collection":[{"href":"https:\/\/uit-ci.org\/index.php\/wp-json\/wp\/v2\/posts"}],"about":[{"href":"https:\/\/uit-ci.org\/index.php\/wp-json\/wp\/v2\/types\/post"}],"author":[{"embeddable":true,"href":"https:\/\/uit-ci.org\/index.php\/wp-json\/wp\/v2\/users\/2"}],"replies":[{"embeddable":true,"href":"https:\/\/uit-ci.org\/index.php\/wp-json\/wp\/v2\/comments?post=13092"}],"version-history":[{"count":4,"href":"https:\/\/uit-ci.org\/index.php\/wp-json\/wp\/v2\/posts\/13092\/revisions"}],"predecessor-version":[{"id":13139,"href":"https:\/\/uit-ci.org\/index.php\/wp-json\/wp\/v2\/posts\/13092\/revisions\/13139"}],"wp:featuredmedia":[{"embeddable":true,"href":"https:\/\/uit-ci.org\/index.php\/wp-json\/wp\/v2\/media\/13095"}],"wp:attachment":[{"href":"https:\/\/uit-ci.org\/index.php\/wp-json\/wp\/v2\/media?parent=13092"}],"wp:term":[{"taxonomy":"category","embeddable":true,"href":"https:\/\/uit-ci.org\/index.php\/wp-json\/wp\/v2\/categories?post=13092"},{"taxonomy":"post_tag","embeddable":true,"href":"https:\/\/uit-ci.org\/index.php\/wp-json\/wp\/v2\/tags?post=13092"}],"curies":[{"name":"wp","href":"https:\/\/api.w.org\/{rel}","templated":true}]}}