{"id":13184,"date":"2023-01-26T17:49:49","date_gmt":"2023-01-26T17:49:49","guid":{"rendered":"http:\/\/uit-ci.org\/?p=13184"},"modified":"2023-02-01T18:44:23","modified_gmt":"2023-02-01T18:44:23","slug":"video-la-situacion-en-peru","status":"publish","type":"post","link":"https:\/\/uit-ci.org\/index.php\/2023\/01\/26\/video-la-situacion-en-peru\/","title":{"rendered":"(v\u00eddeo) La situaci\u00f3n en Per\u00fa: Entrevista a Miguel Sorans"},"content":{"rendered":"<p>Por <strong>Prensa UIT-CI<\/strong><\/p>\n<p>26\/1\/2023. Desde la Unidad Internacional de Trabajadoras y Trabajadores &#8211; Cuarta Internacional (UIT-CI), queremos profundizar sobre la situaci\u00f3n de la lucha del pueblo peruano. Lo hacemos como parte de nuestra solidaridad incondicional con su lucha.<\/p>\n<p>Dialogamos con Miguel Sorans, dirigente de Izquierda Socialista y de la UIT-CI sobre la situaci\u00f3n en ese pa\u00eds, sus perspectivas, y otros aspectos.<\/p>\n<p style=\"text-align: center;\"><a href=\"https:\/\/www.facebook.com\/unidadinternacional\/videos\/856025225686117\"><strong>VER VIDEO AQU\u00cd<\/strong><\/a><\/p>\n<p>&nbsp;<\/p>\n","protected":false},"excerpt":{"rendered":"<p>Por Prensa UIT-CI 26\/1\/2023. Desde la Unidad Internacional de Trabajadoras y Trabajadores &#8211; Cuarta Internacional (UIT-CI), queremos profundizar sobre la situaci\u00f3n de la lucha del pueblo peruano. Lo hacemos como parte de nuestra solidaridad incondicional con su lucha. Dialogamos con Miguel Sorans, dirigente de Izquierda Socialista y de la UIT-CI sobre la situaci\u00f3n en ese [&hellip;]<\/p>\n","protected":false},"author":2,"featured_media":13185,"comment_status":"closed","ping_status":"closed","sticky":false,"template":"","format":"standard","meta":[],"categories":[35,30],"tags":[1456,309,1426,93,455,208,1047,84,361,275,150,999],"_links":{"self":[{"href":"https:\/\/uit-ci.org\/index.php\/wp-json\/wp\/v2\/posts\/13184"}],"collection":[{"href":"https:\/\/uit-ci.org\/index.php\/wp-json\/wp\/v2\/posts"}],"about":[{"href":"https:\/\/uit-ci.org\/index.php\/wp-json\/wp\/v2\/types\/post"}],"author":[{"embeddable":true,"href":"https:\/\/uit-ci.org\/index.php\/wp-json\/wp\/v2\/users\/2"}],"replies":[{"embeddable":true,"href":"https:\/\/uit-ci.org\/index.php\/wp-json\/wp\/v2\/comments?post=13184"}],"version-history":[{"count":5,"href":"https:\/\/uit-ci.org\/index.php\/wp-json\/wp\/v2\/posts\/13184\/revisions"}],"predecessor-version":[{"id":13339,"href":"https:\/\/uit-ci.org\/index.php\/wp-json\/wp\/v2\/posts\/13184\/revisions\/13339"}],"wp:featuredmedia":[{"embeddable":true,"href":"https:\/\/uit-ci.org\/index.php\/wp-json\/wp\/v2\/media\/13185"}],"wp:attachment":[{"href":"https:\/\/uit-ci.org\/index.php\/wp-json\/wp\/v2\/media?parent=13184"}],"wp:term":[{"taxonomy":"category","embeddable":true,"href":"https:\/\/uit-ci.org\/index.php\/wp-json\/wp\/v2\/categories?post=13184"},{"taxonomy":"post_tag","embeddable":true,"href":"https:\/\/uit-ci.org\/index.php\/wp-json\/wp\/v2\/tags?post=13184"}],"curies":[{"name":"wp","href":"https:\/\/api.w.org\/{rel}","templated":true}]}}