{"id":13532,"date":"2023-02-11T14:43:07","date_gmt":"2023-02-11T14:43:07","guid":{"rendered":"http:\/\/uit-ci.org\/?p=13532"},"modified":"2023-02-22T20:36:47","modified_gmt":"2023-02-22T20:36:47","slug":"ruptura-del-hermanamiento-de-barcelona-con-tel-aviv","status":"publish","type":"post","link":"https:\/\/uit-ci.org\/index.php\/2023\/02\/11\/ruptura-del-hermanamiento-de-barcelona-con-tel-aviv\/","title":{"rendered":"Ruptura del hermanamiento de Barcelona con Tel-Aviv"},"content":{"rendered":"<p><span style=\"font-weight: 400;\">Por <strong>Lucha Internacionalista<\/strong>, secci\u00f3n del Estado espa\u00f1ol de la UIT-CI<\/span><\/p>\n<p>\u00a1\u00a1Victoria!!<\/p>\n<p><span style=\"font-weight: 400;\">El pasado 8\/2 Ada Colau, como alcalde de Barcelona, hac\u00eda p\u00fablica la ruptura de relaciones con el estado de Israel incluido el hermanamiento con Tel Aviv. El hermanamiento con Tel Aviv-Jaffo, junto al de Gaza, se formaliz\u00f3 el 24\/9\/1998, bajo la alcald\u00eda de Joan Clos, del PSC, en el marco de los Acuerdos de Oslo. Pero fue necesaria una dura y larga campa\u00f1a, iniciada en 2008, despu\u00e9s de que Israel bombardeara Gaza y asesinara a m\u00e1s de 1.000 palestinos.<\/span><\/p>\n<p><span style=\"font-weight: 400;\">Han sido muchos a\u00f1os de manifestaciones, actos&#8230; hasta que, en torno a la campa\u00f1a <\/span><i><span style=\"font-weight: 400;\">\u201cBarcelona con el apartheid no\u201d<\/span><\/i><span style=\"font-weight: 400;\"> conseguimos, junto a la Comunidad Palestina, reunir a 112 entidades desde sindicatos a partidos y todo tipo de movimientos desde los israel\u00edes antisionistas, feministas, antirracistas, anticolonialistas, por la liberaci\u00f3n sexual y de g\u00e9nero, por la vivienda&#8230; hasta el \u00faltimo empuje: conseguir firmas suficientes para forzar a que la alcald\u00eda rompiera el hermanamiento: y s\u00ed, \u00a1\u00a1fueron casi 5000!!<\/span><\/p>\n<p><span style=\"font-weight: 400;\">Lucha Internacionalista, hemos estado presentes desde el primer momento, participando y haciendo propuestas a las asambleas que organizaban las acciones, impuls\u00e1ndolas en la calle, fuera de cientos o s\u00f3lo unos pocos, recogiendo firmas en toda movilizaci\u00f3n que hab\u00eda y poniendo tenderetes para recogerlas. De hecho, era la continuidad de la solidaridad hist\u00f3rica que tenemos con Palestina desde las relaciones con el movimiento feminista en Cisjordania, la visita a detenidos en la c\u00e1rcel de Jeric\u00f3, el 1\u00ba de mayo en que organizamos a 20 sindicalistas para <\/span><i><span style=\"font-weight: 400;\">\u201cromper el bloqueo de Gaza\u201d<\/span><\/i><span style=\"font-weight: 400;\"> reci\u00e9n decretado, o permanentemente con los Comit\u00e9s de Trabajadores Independientes de Gaza. Por eso, no sorprende, que Fayez Elemare, representante de estos \u00faltimos, nos hiciera llegar el mismo d\u00eda un mensaje grabado de agradecimiento a la campa\u00f1a.<\/span><\/p>\n<p><span style=\"font-weight: 400;\">Por eso, esta victoria de hoy es un reconocimiento, en primer lugar, a la resistencia del pueblo palestino, que resiste al cruel r\u00e9gimen del apartheid colonialista del estado de Israel desde hace 75 a\u00f1os. Resistencia reconocida hasta en el dictamen de la <\/span><i><span style=\"font-weight: 400;\">Sindicatura de Greuges<\/span><\/i><span style=\"font-weight: 400;\"> de Barcelona que, a petici\u00f3n de la campa\u00f1a, recomend\u00f3 la revocaci\u00f3n del Hermanamiento con Tel-Aviv <\/span><i><span style=\"font-weight: 400;\">\u201cporque mantenerlo conlleva una complicidad en la configuraci\u00f3n de un crimen de apartheid \u201d<\/span><\/i><span style=\"font-weight: 400;\">. Pero la situaci\u00f3n tanto en Gaza como en Palestina se ha agravado con la deriva a\u00fan m\u00e1s supremacista, radicalmente violenta y represiva del estado de Israel impulsada por el nuevo gobierno: asesinatos, bombardeos, ilegalizaci\u00f3n de organizaciones, detenciones, demoliciones de hogares e incautaci\u00f3n de tierras. La \u00faltima concentraci\u00f3n, ya la hicimos en homenaje a los 231 palestinos asesinados en 2022, y s\u00f3lo en enero 2023, ya hab\u00eda 35 m\u00e1s.<\/span><\/p>\n<p><span style=\"font-weight: 400;\">Seguiremos luchando por ellos y ellas, contra el cruel r\u00e9gimen del apartheid de Israel, que s\u00f3lo puede sustentarse gracias a la complicidad internacional. Por eso, quisi\u00e9ramos, como ha dicho la compa\u00f1era en nombre de la campa\u00f1a respondiendo a Ada Colau, que <\/span><i><span style=\"font-weight: 400;\">\u201cel paso que ha dado la alcald\u00eda del Ayuntamiento de Barcelona hoy, inspire y anime a m\u00e1s instituciones de aqu\u00ed y de fuera a romper su complicidad con el apartheid israel\u00ed.\u201d<\/span><\/i><span style=\"font-weight: 400;\"> No ser\u00e1 f\u00e1cil. El sionismo golpea por doquier con la fuerza que le da un aparato de estado detr\u00e1s y el PSC ya ha amenazado con llevarlo al pleno para echar atr\u00e1s la decisi\u00f3n de hoy. Mientras, Almeida, del PP, ofrece Madrid para hermanarse&#8230;<\/span><\/p>\n<p><span style=\"font-weight: 400;\">\u00a1Viva Palestina libre!<\/span><\/p>\n","protected":false},"excerpt":{"rendered":"<p>Por Lucha Internacionalista, secci\u00f3n del Estado espa\u00f1ol de la UIT-CI \u00a1\u00a1Victoria!! El pasado 8\/2 Ada Colau, como alcalde de Barcelona, hac\u00eda p\u00fablica la ruptura de relaciones con el estado de Israel incluido el hermanamiento con Tel Aviv. El hermanamiento con Tel Aviv-Jaffo, junto al de Gaza, se formaliz\u00f3 el 24\/9\/1998, bajo la alcald\u00eda de Joan [&hellip;]<\/p>\n","protected":false},"author":2,"featured_media":13533,"comment_status":"closed","ping_status":"closed","sticky":false,"template":"","format":"standard","meta":[],"categories":[47,39],"tags":[1025,1478,380,255,1479,366,278,254,1477,279],"_links":{"self":[{"href":"https:\/\/uit-ci.org\/index.php\/wp-json\/wp\/v2\/posts\/13532"}],"collection":[{"href":"https:\/\/uit-ci.org\/index.php\/wp-json\/wp\/v2\/posts"}],"about":[{"href":"https:\/\/uit-ci.org\/index.php\/wp-json\/wp\/v2\/types\/post"}],"author":[{"embeddable":true,"href":"https:\/\/uit-ci.org\/index.php\/wp-json\/wp\/v2\/users\/2"}],"replies":[{"embeddable":true,"href":"https:\/\/uit-ci.org\/index.php\/wp-json\/wp\/v2\/comments?post=13532"}],"version-history":[{"count":3,"href":"https:\/\/uit-ci.org\/index.php\/wp-json\/wp\/v2\/posts\/13532\/revisions"}],"predecessor-version":[{"id":13541,"href":"https:\/\/uit-ci.org\/index.php\/wp-json\/wp\/v2\/posts\/13532\/revisions\/13541"}],"wp:featuredmedia":[{"embeddable":true,"href":"https:\/\/uit-ci.org\/index.php\/wp-json\/wp\/v2\/media\/13533"}],"wp:attachment":[{"href":"https:\/\/uit-ci.org\/index.php\/wp-json\/wp\/v2\/media?parent=13532"}],"wp:term":[{"taxonomy":"category","embeddable":true,"href":"https:\/\/uit-ci.org\/index.php\/wp-json\/wp\/v2\/categories?post=13532"},{"taxonomy":"post_tag","embeddable":true,"href":"https:\/\/uit-ci.org\/index.php\/wp-json\/wp\/v2\/tags?post=13532"}],"curies":[{"name":"wp","href":"https:\/\/api.w.org\/{rel}","templated":true}]}}