{"id":13585,"date":"2023-02-13T17:47:23","date_gmt":"2023-02-13T17:47:23","guid":{"rendered":"http:\/\/uit-ci.org\/?p=13585"},"modified":"2023-02-13T17:48:54","modified_gmt":"2023-02-13T17:48:54","slug":"entrevista-a-maria-dora-tellez-no-he-defraudado-a-la-joven-guerrillera-que-fui","status":"publish","type":"post","link":"https:\/\/uit-ci.org\/index.php\/2023\/02\/13\/entrevista-a-maria-dora-tellez-no-he-defraudado-a-la-joven-guerrillera-que-fui\/","title":{"rendered":"Entrevista a Mar\u00eda Dora T\u00e9llez: \u00abNo he defraudado a la joven guerrillera que fui\u201d"},"content":{"rendered":"<p>Por Prensa UIT-CI<\/p>\n<p><em>Compartimos entrevista realizada por <\/em><strong>Atahualpa Amerise<\/strong> para BBC News Mundo.<\/p>\n<hr \/>\n<div class=\"bbc-19j92fr ebmt73l0\" dir=\"ltr\">\n<p dir=\"ltr\">\n<p class=\"bbc-hhl7in e17g058b0\" dir=\"ltr\"><b>Si hay una opositora especialmente inc\u00f3moda para el gobierno de Daniel Ortega en Nicaragua es Dora Mar\u00eda T\u00e9llez.<\/b><\/p>\n<\/div>\n<div class=\"bbc-19j92fr ebmt73l0\" dir=\"ltr\">\n<p class=\"bbc-hhl7in e17g058b0\" dir=\"ltr\">Bajo el seud\u00f3nimo de la \u00abComandante Dos\u00bb, T\u00e9llez (Matagalpa, 1955) luch\u00f3 mano a mano con Ortega en la revoluci\u00f3n sandinista que en 1979 puso fin a m\u00e1s de cuatro d\u00e9cadas de dictadura de la familia Somoza.<\/p>\n<\/div>\n<div class=\"bbc-19j92fr ebmt73l0\" dir=\"ltr\">\n<p class=\"bbc-hhl7in e17g058b0\" dir=\"ltr\">Tras participar en los primeros gobiernos sandinistas como ministra de Salud, la exguerrillera e historiadora se desencant\u00f3 y pas\u00f3 a la oposici\u00f3n para reivindicar los ideales de democracia y justicia social que consideraba olvidados.<\/p>\n<\/div>\n<div class=\"bbc-19j92fr ebmt73l0\" dir=\"ltr\">\n<p class=\"bbc-hhl7in e17g058b0\" dir=\"ltr\">Su antiguo compa\u00f1ero de guerrilla, que ocupa el poder desde 2007, nunca se lo perdon\u00f3.<\/p>\n<\/div>\n<div class=\"bbc-19j92fr ebmt73l0\" dir=\"ltr\">\n<p class=\"bbc-hhl7in e17g058b0\" dir=\"ltr\">En junio de 2021 T\u00e9llez fue encerrada en la temida c\u00e1rcel de El Chipote en Managua por \u00abtraici\u00f3n a la patria\u00bb y m\u00e1s tarde se le imput\u00f3 el cargo de \u00abconspiraci\u00f3n\u00bb.<\/p>\n<\/div>\n<div class=\"bbc-19j92fr ebmt73l0\" dir=\"ltr\">\n<p class=\"bbc-hhl7in e17g058b0\" dir=\"ltr\">Tras m\u00e1s de un a\u00f1o y medio en prisi\u00f3n, lleg\u00f3 el jueves a Washington DC en un vuelo desde Managua junto a otros 221 disidentes que permanec\u00edan encerrados en varios penales del pa\u00eds o -los menos- bajo arresto domiciliario.<\/p>\n<\/div>\n<div class=\"bbc-19j92fr ebmt73l0\" dir=\"ltr\">\n<p class=\"bbc-hhl7in e17g058b0\" dir=\"ltr\">El gobierno de Ortega y su esposa, la vicepresidenta Rosario Murillo, deport\u00f3 a Estados Unidos a los opositores, desde estudiantes hasta sacerdotes y pol\u00edticos, a quienes consider\u00f3 \u00abtraidores a la patria\u00bb y les revoc\u00f3 la nacionalidad nicarag\u00fcense.<\/p>\n<\/div>\n<div class=\"bbc-19j92fr ebmt73l0\" dir=\"ltr\">\n<p class=\"bbc-hhl7in e17g058b0\" dir=\"ltr\">Entre ellos destaca la figura legendaria de Dora Mar\u00eda T\u00e9llez, a quien BBC Mundo entrevist\u00f3 en la capital estadounidense 24 horas despu\u00e9s de su llegada.<\/p>\n<\/div>\n<div class=\"bbc-19j92fr ebmt73l0\" dir=\"ltr\">\n<p class=\"bbc-hhl7in e17g058b0\" dir=\"ltr\"><b>\u00bfPor qu\u00e9 cree que los han liberado?<\/b><\/p>\n<\/div>\n<div class=\"bbc-19j92fr ebmt73l0\" dir=\"ltr\">\n<p class=\"bbc-hhl7in e17g058b0\" dir=\"ltr\">Porque resistimos m\u00e1s que el r\u00e9gimen.<\/p>\n<\/div>\n<div class=\"bbc-19j92fr ebmt73l0\" dir=\"ltr\">\n<p class=\"bbc-hhl7in e17g058b0\" dir=\"ltr\">Esta es una lucha de resistencia. El r\u00e9gimen no aguant\u00f3 la solidaridad internacional, las oraciones, los ruegos que las personas hac\u00edan por nosotros en las iglesias o en sus casas, la presi\u00f3n de los nicarag\u00fcenses, de los gobiernos y organizaciones internacionales para nuestra liberaci\u00f3n.<\/p>\n<\/div>\n<div class=\"bbc-19j92fr ebmt73l0\" dir=\"ltr\">\n<p class=\"bbc-hhl7in e17g058b0\" dir=\"ltr\">Nosotros resistimos y no hubo un solo preso que pidiera perd\u00f3n a Daniel Ortega y Rosario Murillo, que les dijera &#8216;s\u00e1quenme de la c\u00e1rcel y hablo bien de ustedes&#8217;. Ni uno.<\/p>\n<\/div>\n<div class=\"bbc-19j92fr ebmt73l0\" dir=\"ltr\">\n<p class=\"bbc-hhl7in e17g058b0\" dir=\"ltr\"><b>\u00bfQu\u00e9 sinti\u00f3 cuando se vio libre?<\/b><\/p>\n<\/div>\n<div class=\"bbc-19j92fr ebmt73l0\" dir=\"ltr\">\n<p class=\"bbc-hhl7in e17g058b0\" dir=\"ltr\">Ya montada en el avi\u00f3n, sent\u00ed una emoci\u00f3n contradictoria. Es un enorme desgarramiento por salir de Nicaragua, pero a la vez la alegr\u00eda de ser libre. Estamos en libertad aqu\u00ed en Estados Unidos, pero tenemos derecho a estar en libertad en Nicaragua. Es nuestro derecho como personas y ciudadanos.<\/p>\n<\/div>\n<div class=\"bbc-19j92fr ebmt73l0\" dir=\"ltr\">\n<p class=\"bbc-hhl7in e17g058b0\" dir=\"ltr\"><b>Dicen que se vivieron momentos emocionantes en el avi\u00f3n.<\/b><\/p>\n<\/div>\n<div class=\"bbc-19j92fr ebmt73l0\" dir=\"ltr\">\n<p class=\"bbc-hhl7in e17g058b0\" dir=\"ltr\">S\u00ed. Vi a mi pareja despu\u00e9s de un a\u00f1o y 8 meses de no hablar con ella, porque estaba presa en otra galer\u00eda.<\/p>\n<\/div>\n<div class=\"bbc-19j92fr ebmt73l0\" dir=\"ltr\">\n<p class=\"bbc-hhl7in e17g058b0\" dir=\"ltr\">Era el encuentro con las personas a quienes no hab\u00edamos visto, que no hab\u00edamos tocado, no hab\u00edamos abrazado, conversado, por mucho tiempo; los presos que estaban en la (c\u00e1rcel La) Modelo, las mujeres\u2026 es una cosa muy fuerte.<\/p>\n<\/div>\n<div class=\"bbc-19j92fr ebmt73l0\" dir=\"ltr\">\n<p class=\"bbc-hhl7in e17g058b0\" dir=\"ltr\"><b>\u00bfC\u00f3mo\u00a0<\/b><b>lleva<\/b><b>\u00a0que le hayan quitado<\/b><b>\u00a0su nacionalidad<\/b><b>\u00a0nicarag\u00fcense<\/b><b>?<\/b><\/p>\n<\/div>\n<div class=\"bbc-19j92fr ebmt73l0\" dir=\"ltr\">\n<p class=\"bbc-hhl7in e17g058b0\" dir=\"ltr\">Francamente a m\u00ed nadie me puede quitar la nacionalidad nicarag\u00fcense. Ni Daniel Ortega ni nadie.<\/p>\n<div class=\"bbc-19j92fr ebmt73l0\" dir=\"ltr\">\n<p class=\"bbc-hhl7in e17g058b0\" dir=\"ltr\">Yo nac\u00ed en Nicaragua, soy hija de nicarag\u00fcenses y tengo derecho por territorio, por sangre, esas son mis ra\u00edces y nadie me puede quitar mi nacionalidad.<\/p>\n<\/div>\n<div class=\"bbc-19j92fr ebmt73l0\" dir=\"ltr\">\n<p class=\"bbc-hhl7in e17g058b0\" dir=\"ltr\">Y el derecho a acreditar mi nacionalidad lo vamos a recuperar junto con todos los derechos de los nicarag\u00fcenses, porque no es solo con nosotros. Los Ortega-Murillo les han quitado la nacionalidad a todos los nicarag\u00fcenses: no tenemos derecho al voto, a la libertad de expresi\u00f3n, de movilizaci\u00f3n, de nada.<\/p>\n<\/div>\n<div class=\"bbc-19j92fr ebmt73l0\" dir=\"ltr\">\n<p class=\"bbc-hhl7in e17g058b0\" dir=\"ltr\"><b>\u00bfC\u00f3mo eran las condiciones de la prisi\u00f3n donde pas\u00f3 20 meses?<\/b><\/p>\n<\/div>\n<div class=\"bbc-19j92fr ebmt73l0\" dir=\"ltr\">\n<p class=\"bbc-hhl7in e17g058b0\" dir=\"ltr\">El Chipote es una c\u00e1rcel de m\u00e1xima seguridad donde cuatro mujeres est\u00e1bamos en condiciones de aislamiento, en celdas separadas individuales, sin nadie con quien conversar y con prohibici\u00f3n de hablar con cualquier persona. Pas\u00e9 20 meses pr\u00e1cticamente en total silencio.<\/p>\n<\/div>\n<div class=\"bbc-19j92fr ebmt73l0\" dir=\"ltr\">\n<p class=\"bbc-hhl7in e17g058b0\" dir=\"ltr\">Y yo estaba en una celda totalmente oscura. Estaba sellada con una losa de concreto arriba, y si entrabas desde el pasillo simplemente no ve\u00edas. Cuando regresaba del \u00e1rea de sol ten\u00eda que esperar 20 minutos para ver las cosas de la celda.<\/p>\n<\/div>\n<div class=\"bbc-19j92fr ebmt73l0\" dir=\"ltr\">\n<p class=\"bbc-hhl7in e17g058b0\" dir=\"ltr\"><b>\u00bfQu\u00e9 fue lo m\u00e1s duro?<\/b><\/p>\n<\/div>\n<div class=\"bbc-19j92fr ebmt73l0\" dir=\"ltr\">\n<p class=\"bbc-hhl7in e17g058b0\" dir=\"ltr\">Las privaciones totales. El r\u00e9gimen de esa c\u00e1rcel est\u00e1 dise\u00f1ado para que est\u00e9s privado de todo: de las visitas familiares, de la conexi\u00f3n con tu familia, de tu capacidad para defenderte conversando con un abogado, de libros o actividad social. La socializaci\u00f3n se reduce a cero y esa es una forma de tortura emocional y psicol\u00f3gica.<\/p>\n<\/div>\n<div class=\"bbc-19j92fr ebmt73l0\" dir=\"ltr\">\n<p class=\"bbc-hhl7in e17g058b0\" dir=\"ltr\">He tenido dos veces hambre en mi vida: una fue f\u00edsica, de alimentos, extrema, y esta vez fue hambre de la vida, de no tener nada para leer. Le\u00eda las etiquetas de las bebidas que me llegaban; me sab\u00eda de memoria cu\u00e1ntas calor\u00edas ten\u00edan, cu\u00e1ntos gramos de az\u00facar, cuanta prote\u00edna, qui\u00e9n las fabricaba y d\u00f3nde, la fecha de vencimiento, el n\u00famero de lote, todo.<\/p>\n<\/div>\n<div class=\"bbc-19j92fr ebmt73l0\" dir=\"ltr\">\n<p class=\"bbc-hhl7in e17g058b0\" dir=\"ltr\"><b>\u00bfQu\u00e9 secuelas le han quedado?<\/b><\/p>\n<\/div>\n<div class=\"bbc-19j92fr ebmt73l0\" dir=\"ltr\">\n<p class=\"bbc-hhl7in e17g058b0\" dir=\"ltr\">Yo he salido con despigmentaci\u00f3n en la piel, problemas en la vista, de equilibrio, problemas en los dientes, y tambi\u00e9n ciertas lagunas de memoria que una tiene que ir recuperando a medida que va contactando con la realidad.<\/p>\n<\/div>\n<div class=\"bbc-19j92fr ebmt73l0\" dir=\"ltr\">\n<p class=\"bbc-hhl7in e17g058b0\" dir=\"ltr\">Cada vez que salgo a la luz me voy balanceando, porque tengo una p\u00e9rdida de equilibrio por los cambios de luz, de estar siempre en la oscuridad.<\/p>\n<\/div>\n<div class=\"bbc-19j92fr ebmt73l0\" dir=\"ltr\">\n<p class=\"bbc-hhl7in e17g058b0\" dir=\"ltr\">Hay otras personas que perdieron dientes y sufrieron trastornos de ansiedad, del sue\u00f1o y problemas en la piel.<\/p>\n<div class=\"bbc-19j92fr ebmt73l0\" dir=\"ltr\">\n<p class=\"bbc-hhl7in e17g058b0\" dir=\"ltr\"><b>Lleva toda la vida luchando en Nicaragua. \u00bfVa a seguir la pelea desde fuera? \u00bfQu\u00e9 planes tiene?<\/b><\/p>\n<\/div>\n<div class=\"bbc-19j92fr ebmt73l0\" dir=\"ltr\">\n<p class=\"bbc-hhl7in e17g058b0\" dir=\"ltr\">Los mismos. Los nicarag\u00fcenses tenemos derecho a recuperar la totalidad de nuestras libertades. Vamos a seguir peleando por ello hasta que lo logremos, y lo vamos a lograr. Estoy convencida de que estamos muy cerca de recuperar nuestros derechos como ciudadanas y ciudadanos.<\/p>\n<\/div>\n<div class=\"bbc-19j92fr ebmt73l0\" dir=\"ltr\">\n<p class=\"bbc-hhl7in e17g058b0\" dir=\"ltr\"><b>\u00bfQu\u00e9 le hace verlo cerca?<\/b><\/p>\n<\/div>\n<div class=\"bbc-19j92fr ebmt73l0\" dir=\"ltr\">\n<p class=\"bbc-hhl7in e17g058b0\" dir=\"ltr\">Creo que el r\u00e9gimen est\u00e1 en un proceso de descomposici\u00f3n que se est\u00e1 acelerando, y la evidencia es el exceso de control. Adem\u00e1s, recurrir a una acci\u00f3n sin precedentes de expatriar forzosamente a m\u00e1s de 200 nicarag\u00fcenses es una muestra de su incapacidad de enfrentar la resistencia del pueblo nicarag\u00fcense y la solidaridad internacional.<\/p>\n<\/div>\n<div class=\"bbc-19j92fr ebmt73l0\" dir=\"ltr\">\n<p class=\"bbc-hhl7in e17g058b0\" dir=\"ltr\"><b>\u00bfC\u00f3mo se van a organizar?<\/b><\/p>\n<\/div>\n<div class=\"bbc-19j92fr ebmt73l0\" dir=\"ltr\">\n<p class=\"bbc-hhl7in e17g058b0\" dir=\"ltr\">No sabemos todav\u00eda porque es muy pronto. La c\u00e1rcel es como un mareo, tienes que ajustar un poco, estabilizar, y pensar. Los compa\u00f1eros est\u00e1n de momento hablando con sus familias y viendo qu\u00e9 hacer.<\/p>\n<\/div>\n<div class=\"bbc-19j92fr ebmt73l0\" dir=\"ltr\">\n<p class=\"bbc-hhl7in e17g058b0\" dir=\"ltr\"><b>\u00bfQu\u00e9 queda de la Dora guerrillera?<\/b><\/p>\n<\/div>\n<div class=\"bbc-19j92fr ebmt73l0\" dir=\"ltr\">\n<p class=\"bbc-hhl7in e17g058b0\" dir=\"ltr\">Yo misma. Es mi pasado y yo soy mi pasado. Estoy aqu\u00ed porque estuve all\u00e1.<\/p>\n<\/div>\n<div class=\"bbc-19j92fr ebmt73l0\" dir=\"ltr\">\n<p class=\"bbc-hhl7in e17g058b0\" dir=\"ltr\">En la c\u00e1rcel uno de los interrogadores me hizo una pregunta y yo me negu\u00e9 a responderle sin ver a mi abogado ni a mi familia. Y \u00e9l me dijo: &#8216;Sos una rebelde&#8217;. Y pens\u00e9, qu\u00e9 alegre, ser rebelde a los 14, 16 o 22 a\u00f1os es una maravilla, y serlo a los 65 que ten\u00eda entonces es otra maravilla.<\/p>\n<\/div>\n<div class=\"bbc-19j92fr ebmt73l0\" dir=\"ltr\">\n<p class=\"bbc-hhl7in e17g058b0\" dir=\"ltr\">Los seres humanos siempre queremos estar mejor, as\u00ed que tenemos que rebelarnos contra lo que est\u00e1 mal. Si no hay rebeld\u00eda no hay progreso.<\/p>\n<\/div>\n<div class=\"bbc-19j92fr ebmt73l0\" dir=\"ltr\">\n<p class=\"bbc-hhl7in e17g058b0\" dir=\"ltr\"><b>Si le hubi\u00e9ramos dicho a la Dora guerrillera lo que iba a ocurrir en Nicaragua, \u00bfqu\u00e9 habr\u00eda pensado?<\/b><\/p>\n<\/div>\n<div class=\"bbc-19j92fr ebmt73l0\" dir=\"ltr\">\n<p class=\"bbc-hhl7in e17g058b0\" dir=\"ltr\">Que alguien me estaba haciendo un mal cuento. Francamente, cre\u00eda que la revoluci\u00f3n abr\u00eda puertas a una Nicaragua distinta. Siento que la convicci\u00f3n democr\u00e1tica de la revoluci\u00f3n sandinista no era tan profunda como la de justicia social, pero no me hubiera imaginado que evolucionaba a una dictadura del estilo de la de los Somoza.<\/p>\n<\/div>\n<div class=\"bbc-19j92fr ebmt73l0\" dir=\"ltr\">\n<p class=\"bbc-hhl7in e17g058b0\" dir=\"ltr\">Siento que soy consecuente conmigo misma y con la joven que yo era. Me coloco frente a aquella joven guerrillera y siento que no la he defraudado.<\/p>\n<\/div>\n<div class=\"bbc-19j92fr ebmt73l0\" dir=\"ltr\">\n<p class=\"bbc-hhl7in e17g058b0\" dir=\"ltr\"><b>\u00bfY c\u00f3mo se posiciona hoy ideol\u00f3gicamente?<\/b><\/p>\n<\/div>\n<div class=\"bbc-19j92fr ebmt73l0\" dir=\"ltr\">\n<p class=\"bbc-hhl7in e17g058b0\" dir=\"ltr\">Yo soy una mujer de izquierdas, pero no de la izquierda de modelo autoritario, sino de la izquierda democr\u00e1tica. Creo que tiene que haber libertades individuales, libertades sociales y derechos sociales y econ\u00f3micos; que tiene que haber una econom\u00eda de mercado pero tambi\u00e9n la preocupaci\u00f3n por mejorar las condiciones de la mayor\u00eda de las personas de nuestros pa\u00edses que son extremadamente pobres. Ning\u00fan pa\u00eds puede salir adelante con la pobreza extrema y las carencias que tenemos.<\/p>\n<\/div>\n<div class=\"bbc-19j92fr ebmt73l0\" dir=\"ltr\">\n<p class=\"bbc-hhl7in e17g058b0\" dir=\"ltr\"><b>\u00bfC\u00f3mo ve la izquierda en Am\u00e9rica Latina?<\/b><\/p>\n<\/div>\n<div class=\"bbc-19j92fr ebmt73l0\" dir=\"ltr\">\n<p class=\"bbc-hhl7in e17g058b0\" dir=\"ltr\">Est\u00e1 evolucionando. Siento que la izquierda autoritaria de los a\u00f1os 60, 70 y 80, incluso la izquierda autoritaria de Ch\u00e1vez, viene siendo desplazada por otros modelos como el de Colombia, el de Lula en Brasil, Chile o Uruguay.<\/p>\n<\/div>\n<div class=\"bbc-19j92fr ebmt73l0\" dir=\"ltr\">\n<p class=\"bbc-hhl7in e17g058b0\" dir=\"ltr\">Es una izquierda que act\u00faa como izquierda democr\u00e1tica y eso me hace muy feliz, porque ese desplazamiento del modelo estalinista es esencial en Am\u00e9rica Latina.<\/p>\n<\/div>\n<div class=\"bbc-19j92fr ebmt73l0\" dir=\"ltr\">\n<p class=\"bbc-hhl7in e17g058b0\" dir=\"ltr\"><b>\u00bfY qu\u00e9 hay del eje de la izquierda Nicaragua-Venezuela-Cuba?<\/b><\/p>\n<\/div>\n<div class=\"bbc-19j92fr ebmt73l0\" dir=\"ltr\">\n<p class=\"bbc-hhl7in e17g058b0\" dir=\"ltr\">Cuba dudo que sea de izquierda y Daniel Ortega no es de izquierda; no tiene ideolog\u00eda. Es un oportunista pol\u00edtico cuya \u00fanica ambici\u00f3n es el poder y puede hacer cualquier malabar de cualquier naturaleza para sostenerse en el poder.<\/p>\n<div class=\"bbc-19j92fr ebmt73l0\" dir=\"ltr\">\n<p class=\"bbc-hhl7in e17g058b0\" dir=\"ltr\"><b>\u00bfC\u00f3mo se torci\u00f3 el sandinismo en Nicaragua, desde luchar contra una dictadura hasta la situaci\u00f3n actual?<\/b><\/p>\n<\/div>\n<div class=\"bbc-19j92fr ebmt73l0\" dir=\"ltr\">\n<p class=\"bbc-hhl7in e17g058b0\" dir=\"ltr\">Es un tema complejo. Pero lo que es un hecho es que dentro del sandinismo se engendr\u00f3 lo que yo llamo el orteguismo, que es el n\u00facleo ideol\u00f3gico y pol\u00edtico de esta dictadura; eso est\u00e1 ah\u00ed frente a nosotros. Y est\u00e1 claro que las dos grandes fuerzas pol\u00edticas del siglo XX, el liberalismo y el marxismo, ambas engendraron dictaduras.<\/p>\n<\/div>\n<div class=\"bbc-19j92fr ebmt73l0\" dir=\"ltr\">\n<p class=\"bbc-hhl7in e17g058b0\" dir=\"ltr\"><b>Usted luch\u00f3 mano a mano con Ortega. \u00bfCree que era un idealista que cambi\u00f3<\/b><b>\u00a0con el tiempo,<\/b><b>\u00a0o siempre busc\u00f3 el poder?<\/b><\/p>\n<\/div>\n<div class=\"bbc-19j92fr ebmt73l0\" dir=\"ltr\">\n<p class=\"bbc-hhl7in e17g058b0\" dir=\"ltr\">No s\u00e9, es algo que me interesa poco. Lo que s\u00ed me interesa es que Daniel Ortega y Rosario Murillo tienen una dictadura, una tiran\u00eda sobre Nicaragua y los nicarag\u00fcenses, y que esa tiran\u00eda la vamos a liquidar. Vamos a recuperar nuestros derechos y libertades.<\/p>\n<\/div>\n<\/div>\n<\/div>\n<\/div>\n","protected":false},"excerpt":{"rendered":"<p>Por Prensa UIT-CI Compartimos entrevista realizada por Atahualpa Amerise para BBC News Mundo. Si hay una opositora especialmente inc\u00f3moda para el gobierno de Daniel Ortega en Nicaragua es Dora Mar\u00eda T\u00e9llez. Bajo el seud\u00f3nimo de la \u00abComandante Dos\u00bb, T\u00e9llez (Matagalpa, 1955) luch\u00f3 mano a mano con Ortega en la revoluci\u00f3n sandinista que en 1979 puso [&hellip;]<\/p>\n","protected":false},"author":2,"featured_media":13586,"comment_status":"closed","ping_status":"closed","sticky":false,"template":"","format":"standard","meta":[],"categories":[35],"tags":[],"_links":{"self":[{"href":"https:\/\/uit-ci.org\/index.php\/wp-json\/wp\/v2\/posts\/13585"}],"collection":[{"href":"https:\/\/uit-ci.org\/index.php\/wp-json\/wp\/v2\/posts"}],"about":[{"href":"https:\/\/uit-ci.org\/index.php\/wp-json\/wp\/v2\/types\/post"}],"author":[{"embeddable":true,"href":"https:\/\/uit-ci.org\/index.php\/wp-json\/wp\/v2\/users\/2"}],"replies":[{"embeddable":true,"href":"https:\/\/uit-ci.org\/index.php\/wp-json\/wp\/v2\/comments?post=13585"}],"version-history":[{"count":2,"href":"https:\/\/uit-ci.org\/index.php\/wp-json\/wp\/v2\/posts\/13585\/revisions"}],"predecessor-version":[{"id":13593,"href":"https:\/\/uit-ci.org\/index.php\/wp-json\/wp\/v2\/posts\/13585\/revisions\/13593"}],"wp:featuredmedia":[{"embeddable":true,"href":"https:\/\/uit-ci.org\/index.php\/wp-json\/wp\/v2\/media\/13586"}],"wp:attachment":[{"href":"https:\/\/uit-ci.org\/index.php\/wp-json\/wp\/v2\/media?parent=13585"}],"wp:term":[{"taxonomy":"category","embeddable":true,"href":"https:\/\/uit-ci.org\/index.php\/wp-json\/wp\/v2\/categories?post=13585"},{"taxonomy":"post_tag","embeddable":true,"href":"https:\/\/uit-ci.org\/index.php\/wp-json\/wp\/v2\/tags?post=13585"}],"curies":[{"name":"wp","href":"https:\/\/api.w.org\/{rel}","templated":true}]}}