{"id":14779,"date":"2023-06-25T17:59:04","date_gmt":"2023-06-25T17:59:04","guid":{"rendered":"http:\/\/uit-ci.org\/?p=14779"},"modified":"2023-06-27T14:05:03","modified_gmt":"2023-06-27T14:05:03","slug":"companero-ahmet-muhittin-hasta-el-socialismo-siempre","status":"publish","type":"post","link":"https:\/\/uit-ci.org\/index.php\/2023\/06\/25\/companero-ahmet-muhittin-hasta-el-socialismo-siempre\/","title":{"rendered":"Compa\u00f1ero Ahmet Muhittin: \u00a1Hasta el Socialismo Siempre!"},"content":{"rendered":"<p><strong>Compa\u00f1eras y compa\u00f1eros del Partido de la Democracia Obrera (IDP):<\/strong><\/p>\n<p>Hemos recibido la triste e inesperada noticia del fallecimiento del compa\u00f1ero Ahmet Muhittin Kark\u0131n. Simplemente Muhittin para todos nosotros.<\/p>\n<p>Saludamos y acompa\u00f1amos, en este dif\u00edcil momento, a sus hijos, a su nieta, a todos sus familiares, amigos, amigas y, en especial, a las compa\u00f1eras y compa\u00f1eros de IDP.<\/p>\n<p><img loading=\"lazy\" class=\" wp-image-14858 alignleft\" src=\"http:\/\/uit-ci.org\/wp-content\/uploads\/2023\/06\/WhatsApp-Image-2023-06-26-at-12.52.24-225x300.jpeg\" alt=\"\" width=\"242\" height=\"323\" srcset=\"https:\/\/uit-ci.org\/wp-content\/uploads\/2023\/06\/WhatsApp-Image-2023-06-26-at-12.52.24-225x300.jpeg 225w, https:\/\/uit-ci.org\/wp-content\/uploads\/2023\/06\/WhatsApp-Image-2023-06-26-at-12.52.24-769x1024.jpeg 769w, https:\/\/uit-ci.org\/wp-content\/uploads\/2023\/06\/WhatsApp-Image-2023-06-26-at-12.52.24-768x1023.jpeg 768w, https:\/\/uit-ci.org\/wp-content\/uploads\/2023\/06\/WhatsApp-Image-2023-06-26-at-12.52.24-600x799.jpeg 600w, https:\/\/uit-ci.org\/wp-content\/uploads\/2023\/06\/WhatsApp-Image-2023-06-26-at-12.52.24-750x999.jpeg 750w, https:\/\/uit-ci.org\/wp-content\/uploads\/2023\/06\/WhatsApp-Image-2023-06-26-at-12.52.24.jpeg 961w\" sizes=\"(max-width: 242px) 100vw, 242px\" \/>La repentina ida de Muhittin es una gran p\u00e9rdida personal y pol\u00edtica para todas y todos ustedes y para nuestra internacional, la UIT-CI. Estamos despidiendo a un gran dirigente socialista revolucionario de m\u00e1s de 50 a\u00f1os de trayectoria de lucha de construcci\u00f3n del partido y la internacional en las filas del trotskismo y la mayor\u00eda de su tiempo en nuestra corriente fundada por Nahuel Moreno.<\/p>\n<p>Hemos tenido el honor y el orgullo de poder contarlo como militante y dirigente en la UIT-CI. Fue fundador del trotskismo en Turqu\u00eda y un apasionado de la militancia y construcci\u00f3n del partido en el movimiento obrero. El mismo fue dirigente sindical. Estuvo algunos a\u00f1os preso y condenado a muerte por una dictadura de su pa\u00eds, en los 80. Sigui\u00f3 su militancia internacionalista en el estado espa\u00f1ol por 20 a\u00f1os y luego volvi\u00f3 a reintegrarse en 2017 a la direcci\u00f3n de IDP. Fue un entusiasta impulsor de la integraci\u00f3n a la UIT-CI. Fue por sobre todas las cosas un militante internacionalista.<\/p>\n<p>Sabemos que se estaba preparando su viaje a Buenos Aires, Argentina, para participar del VII Congreso Mundial de la UIT-CI en diciembre. Lamentablemente no ha podido ser.<\/p>\n<p><img loading=\"lazy\" class=\"alignnone wp-image-14818\" src=\"http:\/\/uit-ci.org\/wp-content\/uploads\/2023\/06\/20230626_115306-300x297.jpg\" alt=\"\" width=\"275\" height=\"272\" srcset=\"https:\/\/uit-ci.org\/wp-content\/uploads\/2023\/06\/20230626_115306-300x297.jpg 300w, https:\/\/uit-ci.org\/wp-content\/uploads\/2023\/06\/20230626_115306-1024x1015.jpg 1024w, https:\/\/uit-ci.org\/wp-content\/uploads\/2023\/06\/20230626_115306-768x761.jpg 768w, https:\/\/uit-ci.org\/wp-content\/uploads\/2023\/06\/20230626_115306-600x595.jpg 600w, https:\/\/uit-ci.org\/wp-content\/uploads\/2023\/06\/20230626_115306-100x100.jpg 100w, https:\/\/uit-ci.org\/wp-content\/uploads\/2023\/06\/20230626_115306-75x75.jpg 75w, https:\/\/uit-ci.org\/wp-content\/uploads\/2023\/06\/20230626_115306-750x744.jpg 750w, https:\/\/uit-ci.org\/wp-content\/uploads\/2023\/06\/20230626_115306-1140x1130.jpg 1140w, https:\/\/uit-ci.org\/wp-content\/uploads\/2023\/06\/20230626_115306.jpg 1170w\" sizes=\"(max-width: 275px) 100vw, 275px\" \/> <img loading=\"lazy\" class=\"alignnone wp-image-14836\" src=\"http:\/\/uit-ci.org\/wp-content\/uploads\/2023\/06\/20230626_115308-300x200.jpg\" alt=\"\" width=\"410\" height=\"273\" srcset=\"https:\/\/uit-ci.org\/wp-content\/uploads\/2023\/06\/20230626_115308-300x200.jpg 300w, https:\/\/uit-ci.org\/wp-content\/uploads\/2023\/06\/20230626_115308-1024x682.jpg 1024w, https:\/\/uit-ci.org\/wp-content\/uploads\/2023\/06\/20230626_115308-768x511.jpg 768w, https:\/\/uit-ci.org\/wp-content\/uploads\/2023\/06\/20230626_115308-600x399.jpg 600w, https:\/\/uit-ci.org\/wp-content\/uploads\/2023\/06\/20230626_115308-750x499.jpg 750w, https:\/\/uit-ci.org\/wp-content\/uploads\/2023\/06\/20230626_115308-1140x759.jpg 1140w, https:\/\/uit-ci.org\/wp-content\/uploads\/2023\/06\/20230626_115308.jpg 1280w\" sizes=\"(max-width: 410px) 100vw, 410px\" \/><\/p>\n<p>Muhittin nos deja su legado para las nuevas generaciones. Su legado es la lucha por construir el partido, IDP, y la internacional, la UIT-CI. Muhittin nos deja su ejemplo de militante internacionalista consecuente.<br \/>\nUna vez m\u00e1s decimos: \u00a1Muhittin hasta el Socialismo Siempre!!!<\/p>\n<p style=\"text-align: right;\"><strong>Comit\u00e9 Ejecutivo Internacional (CEI) de la Unidad Internacional de Trabajadoras y Trabajadores-Cuarta Internacional (UIT-CI)<\/strong><br \/>\n25 de junio de 2023<\/p>\n","protected":false},"excerpt":{"rendered":"<p>Compa\u00f1eras y compa\u00f1eros del Partido de la Democracia Obrera (IDP): Hemos recibido la triste e inesperada noticia del fallecimiento del compa\u00f1ero Ahmet Muhittin Kark\u0131n. Simplemente Muhittin para todos nosotros. Saludamos y acompa\u00f1amos, en este dif\u00edcil momento, a sus hijos, a su nieta, a todos sus familiares, amigos, amigas y, en especial, a las compa\u00f1eras y [&hellip;]<\/p>\n","protected":false},"author":1,"featured_media":14783,"comment_status":"closed","ping_status":"closed","sticky":false,"template":"","format":"standard","meta":[],"categories":[58,48],"tags":[1617,1232,902,1618,208,556,97,999],"_links":{"self":[{"href":"https:\/\/uit-ci.org\/index.php\/wp-json\/wp\/v2\/posts\/14779"}],"collection":[{"href":"https:\/\/uit-ci.org\/index.php\/wp-json\/wp\/v2\/posts"}],"about":[{"href":"https:\/\/uit-ci.org\/index.php\/wp-json\/wp\/v2\/types\/post"}],"author":[{"embeddable":true,"href":"https:\/\/uit-ci.org\/index.php\/wp-json\/wp\/v2\/users\/1"}],"replies":[{"embeddable":true,"href":"https:\/\/uit-ci.org\/index.php\/wp-json\/wp\/v2\/comments?post=14779"}],"version-history":[{"count":5,"href":"https:\/\/uit-ci.org\/index.php\/wp-json\/wp\/v2\/posts\/14779\/revisions"}],"predecessor-version":[{"id":14864,"href":"https:\/\/uit-ci.org\/index.php\/wp-json\/wp\/v2\/posts\/14779\/revisions\/14864"}],"wp:featuredmedia":[{"embeddable":true,"href":"https:\/\/uit-ci.org\/index.php\/wp-json\/wp\/v2\/media\/14783"}],"wp:attachment":[{"href":"https:\/\/uit-ci.org\/index.php\/wp-json\/wp\/v2\/media?parent=14779"}],"wp:term":[{"taxonomy":"category","embeddable":true,"href":"https:\/\/uit-ci.org\/index.php\/wp-json\/wp\/v2\/categories?post=14779"},{"taxonomy":"post_tag","embeddable":true,"href":"https:\/\/uit-ci.org\/index.php\/wp-json\/wp\/v2\/tags?post=14779"}],"curies":[{"name":"wp","href":"https:\/\/api.w.org\/{rel}","templated":true}]}}