{"id":14989,"date":"2023-07-12T14:13:15","date_gmt":"2023-07-12T14:13:15","guid":{"rendered":"http:\/\/uit-ci.org\/?p=14989"},"modified":"2023-07-12T14:27:21","modified_gmt":"2023-07-12T14:27:21","slug":"nuevamente-estalla-francia-ante-brutalidad-policial","status":"publish","type":"post","link":"https:\/\/uit-ci.org\/index.php\/2023\/07\/12\/nuevamente-estalla-francia-ante-brutalidad-policial\/","title":{"rendered":"Nuevamente estalla Francia ante brutalidad asesina policial"},"content":{"rendered":"<p><span style=\"font-weight: 400;\">Por <strong>Miguel Lamas<\/strong>, dirigente de la UIT-CI<\/span><\/p>\n<p>12\/7\/2023. El asesinato del joven Nahel M de 17 a\u00f1os, por un disparo de la polic\u00eda el 27 de junio, provoc\u00f3 grandes protestas en toda Francia que ya llevan dos semanas. Estas protestas muestran el descontento contra la violencia policial racista y contra los j\u00f3venes, que no fue un caso aislado, as\u00ed como el descontento general del pueblo trabajador ante un Estado capitalista que destruye sus derechos y reprime las protestas.<\/p>\n<p><span style=\"font-weight: 400;\">El estallido de indignaci\u00f3n que ya lleva dos semanas, se origin\u00f3 por este asesinato policial del joven Nahel, ocurrido en Nanterre en las afueras de Par\u00eds, que trabajaba de repartidor, por no haber acatado una orden policial de detener su autom\u00f3vil en un control de tr\u00e1fico. Los d\u00edas subsiguientes hubo grandes marchas, la primera convocada por la madre de Nahel, ella misma con una pancarta que dec\u00eda \u00abLa polic\u00eda mata\u00bb.<\/span><\/p>\n<p><span style=\"font-weight: 400;\">La madre de Nahel, y su padre ausente, son de origen argelino, aunque Nahel naci\u00f3 en Francia. Y esto es una caracter\u00edstica de millones de trabajadores y trabajadoras de los barrios m\u00e1s pobres, ser nacidos o hijos de argelinos o africanos de otras ex colonias francesas que migraron a Francia para sobrevivir, despu\u00e9s que sus pa\u00edses fueron saqueado por el imperialismo franc\u00e9s, y ahora son mano de obra barata y precarizada. Y la polic\u00eda ejerce normalmente la violencia racista contra ellos. Siempre los considera \u201csospechosos\u201d. En el caso de Nahel su \u00fanico delito fue desobedecer lo orden policial, probablemente porque sab\u00eda que generalmente los detienen sin causa. Casos as\u00ed de asesinatos policiales hubo centenares en \u00faltimos a\u00f1os.<\/span><\/p>\n<p><span style=\"font-weight: 400;\">Los violentos enfrentamientos entre los que denunciaban a la polic\u00eda y la represi\u00f3n policial, protagonizados por muy j\u00f3venes, muchos de ellos adolescentes, dejaron en la primera semana, seg\u00fan el ministerio del Interior, 3.200 detenidos, m\u00e1s de 700 agentes heridos, 250 comisar\u00edas y polic\u00edas atacados, unos 5.000 veh\u00edculos incendiados, 10.000 contenedores de basura quemados y casi 1.000 edificios da\u00f1ados. Miles de j\u00f3venes fueron detenidos y centenares procesados e incluso ya hay decenas de condenados.\u00a0<\/span><\/p>\n<p><strong>La crisis francesa<\/strong><\/p>\n<p><span style=\"font-weight: 400;\">Recordemos que Francia ha sido uno de los puntos m\u00e1s sobresalientes de la lucha de clases mundial y europea, con sus gigantescas movilizaciones y huelga contra la reforma jubilatoria del presidente Macron. Lucha que dur\u00f3 varios meses a comienzos de a\u00f1o y tuvo la caracter\u00edstica de ser centralmente de la clase trabajadora, pero con activa participaci\u00f3n de otros sectores sociales, en particular la juventud estudiantil. Y tambi\u00e9n hubo represi\u00f3n y graves enfrentamientos con la polic\u00eda.\u00a0<\/span><\/p>\n<p><span style=\"font-weight: 400;\">Aunque en las actuales movilizaciones los protagonistas son muy j\u00f3venes de los sectores m\u00e1s pobres, tienen relaci\u00f3n con las anteriores ya que expresan el profundo descontento y rebeld\u00eda del pueblo trabajador fuertemente afectado por la crisis econ\u00f3mica capitalista. Los j\u00f3venes hijos e hijas de la clase trabajadora, ven a sus abuelos perjudicados en las jubilaciones, a sus padres muchas veces con trabajos precarios, y ellos mismos se sienten condenados a la marginalidad social, a no tener trabajos estables y a ser reprimidos por la polic\u00eda incluso sin causa. Adem\u00e1s los que s\u00ed tienen trabajo enfrentan el aumento del costo de la vida, sin aumentos salariales.\u00a0<\/span><\/p>\n<p><span style=\"font-weight: 400;\">La burocracia sindical, que desgast\u00f3 y fren\u00f3 las movilizaciones de principios de a\u00f1o contra la reforma jubilatoria, impidiendo un objetivo para derrotar la reforma o echar al gobierno de Macron, ahora no dice casi nada.<\/span><\/p>\n<p><strong>La represi\u00f3n<\/strong><\/p>\n<p><span style=\"font-weight: 400;\">El gobierno de Macron, con apoyo de sectores de ultraderecha y el poder judicial, est\u00e1n utilizando duras medidas represivas. En tiempo r\u00e9cord centenares de j\u00f3venes fueron condenados de 4 a 18 meses de c\u00e1rcel sin pruebas de delitos, por tener el rostro cubierto, o por haber estado cerca de zonas de saqueos. Muchos de los acusados llegan al tribunal con heridas y moretones visibles, despu\u00e9s de haber sido golpeados por la polic\u00eda.\u00a0<\/span><\/p>\n<p><span style=\"font-weight: 400;\">Por su parte, dos sindicatos de polic\u00eda, entre ellos el mayoritario Alliance, controlados por la ultraderecha, llamaron en un comunicado al \u00abcombate\u00bb contra las \u00abhordas salvajes\u00bb que protagonizan los disturbios. Tambi\u00e9n hubo\u00a0 manifestaciones de grupos neofascistas, bajo la mirada c\u00f3mplice policial, que atacaron a los j\u00f3venes manifestantes al grito de \u201cFrancia para los franceses\u201d, expresando el desprecio a inmigrantes y sus hijos, incluso desconociendo la nacionalidad francesa de esos j\u00f3venes.<\/span><\/p>\n<p><span style=\"font-weight: 400;\">Esta violencia policial contra el pueblo pobre y racista no es nueva. Se dio contra el movimiento de los \u201cchalecos amarillos\u201d en el 2018. En junio del 2022 hubo grandes movilizaciones juveniles contra la violencia policial y el racismo del Estado.\u00a0<\/span><\/p>\n<p><strong>Por una alternativa de lucha del pueblo trabajador<\/strong><\/p>\n<p><span style=\"font-weight: 400;\">La rebeli\u00f3n de los j\u00f3venes m\u00e1s pobres es muy profunda y plantea nuevamente, como se plante\u00f3 hace pocos meses con la gran lucha por las jubilaciones, la crisis del r\u00e9gimen y el sistema capitalista y la necesidad de echar a Macron y discutir la perspectiva de un gobierno del pueblo trabajador desde sus organizaciones de base.\u00a0\u00a0<\/span><\/p>\n<p><span style=\"font-weight: 400;\">En ese camino hoy es fundamental unificar la lucha de los trabajadores, trabajadoras y j\u00f3venes, exigir a las centrales obreras y a la Intersindical (que agrupa a las centrales Obreras) salir nuevamente a enfrentar al gobierno de Macron, cada vez m\u00e1s a la derecha, con un programa unificado, que incluya la exigencia de justicia para Nahel, liberaci\u00f3n y amnist\u00eda para los presos por las protestas, servicios p\u00fablicos para los barrios populares y los reclamos de la clase trabajadora, contra la ley de jubilaciones de Macron, por aumentos salariales acordes a la inflaci\u00f3n.\u00a0<\/span><\/p>\n<p><span style=\"font-weight: 400;\">En un reciente comunicado la Red por la Huelga General (formada desde sectores de base de varias centrales sindicales durante las luchas de comienzos de a\u00f1o) expres\u00f3: \u201cLa Red por la Huelga General rechaza la l\u00f3gica de que los sindicatos solo deben preocuparse por las jubilaciones y los salarios, y no por lo que les ocurre a los j\u00f3venes y a los trabajadores en los barrios donde vivimos. Para exigir justicia y verdad para Nahel y todos los heridos, mutilados y asesinados por la polic\u00eda, en los barrios y en las manifestaciones, debemos utilizar toda nuestra fuerza y nuestros medios de acci\u00f3n m\u00e1s fuertes, en particular la huelga\u201d.<\/span><\/p>\n","protected":false},"excerpt":{"rendered":"<p>Por Miguel Lamas, dirigente de la UIT-CI 12\/7\/2023. El asesinato del joven Nahel M de 17 a\u00f1os, por un disparo de la polic\u00eda el 27 de junio, provoc\u00f3 grandes protestas en toda Francia que ya llevan dos semanas. Estas protestas muestran el descontento contra la violencia policial racista y contra los j\u00f3venes, que no fue [&hellip;]<\/p>\n","protected":false},"author":2,"featured_media":14997,"comment_status":"closed","ping_status":"closed","sticky":false,"template":"","format":"standard","meta":[],"categories":[308,57,35],"tags":[666,208,669,1633,1539,185,219,275,150],"_links":{"self":[{"href":"https:\/\/uit-ci.org\/index.php\/wp-json\/wp\/v2\/posts\/14989"}],"collection":[{"href":"https:\/\/uit-ci.org\/index.php\/wp-json\/wp\/v2\/posts"}],"about":[{"href":"https:\/\/uit-ci.org\/index.php\/wp-json\/wp\/v2\/types\/post"}],"author":[{"embeddable":true,"href":"https:\/\/uit-ci.org\/index.php\/wp-json\/wp\/v2\/users\/2"}],"replies":[{"embeddable":true,"href":"https:\/\/uit-ci.org\/index.php\/wp-json\/wp\/v2\/comments?post=14989"}],"version-history":[{"count":2,"href":"https:\/\/uit-ci.org\/index.php\/wp-json\/wp\/v2\/posts\/14989\/revisions"}],"predecessor-version":[{"id":15003,"href":"https:\/\/uit-ci.org\/index.php\/wp-json\/wp\/v2\/posts\/14989\/revisions\/15003"}],"wp:featuredmedia":[{"embeddable":true,"href":"https:\/\/uit-ci.org\/index.php\/wp-json\/wp\/v2\/media\/14997"}],"wp:attachment":[{"href":"https:\/\/uit-ci.org\/index.php\/wp-json\/wp\/v2\/media?parent=14989"}],"wp:term":[{"taxonomy":"category","embeddable":true,"href":"https:\/\/uit-ci.org\/index.php\/wp-json\/wp\/v2\/categories?post=14989"},{"taxonomy":"post_tag","embeddable":true,"href":"https:\/\/uit-ci.org\/index.php\/wp-json\/wp\/v2\/tags?post=14989"}],"curies":[{"name":"wp","href":"https:\/\/api.w.org\/{rel}","templated":true}]}}