{"id":15169,"date":"2023-07-27T15:18:56","date_gmt":"2023-07-27T15:18:56","guid":{"rendered":"http:\/\/uit-ci.org\/?p=15169"},"modified":"2023-07-27T15:22:29","modified_gmt":"2023-07-27T15:22:29","slug":"estado-espanol-el-voto-contra-la-derecha-impide-un-gobierno-pp-vox","status":"publish","type":"post","link":"https:\/\/uit-ci.org\/index.php\/2023\/07\/27\/estado-espanol-el-voto-contra-la-derecha-impide-un-gobierno-pp-vox\/","title":{"rendered":"Estado espa\u00f1ol: El voto contra la derecha impide un gobierno PP-Vox"},"content":{"rendered":"<p><span style=\"font-weight: 400;\">Por <strong>Lucha Internacionalista<\/strong>, secci\u00f3n del Estado espa\u00f1ol de la UIT-CI<\/span><\/p>\n<p>26\/07\/23.<\/p>\n<p><span style=\"font-weight: 400;\"><strong>Pedro y el lobo<\/strong> <\/span><\/p>\n<p><span style=\"font-weight: 400;\">El PP ha ganado las elecciones, con una subida de 3 millones de votos, alcanza los 8 millones obtiene 136 esca\u00f1os (47 m\u00e1s). Pero Vox ha perdido fuerza y en conjunto ambos se han quedado con 11,2 millones de votos (800.000 m\u00e1s que en 2019), una victoria insuficiente para formar gobierno. No ha habido el giro a la derecha que pronosticaban las encuestas. Lo que ha pasado, sobre todo, es que el voto de la derecha se ha reestructurado: el PP ha girado a derecha, se ha tragado los 1,65 millones de votos del fallecido Ciudadanos y le quita 600.000 votos a un Vox cada vez m\u00e1s crecido, despu\u00e9s de haber entrado en gobiernos auton\u00f3micos como Valencia o Extremadura.<\/span><\/p>\n<p><span style=\"font-weight: 400;\">Estos dos factores, un Vox envalentonado y un PP m\u00e1s a derecha, han jugado de nuevo a favor de S\u00e1nchez. Una vez m\u00e1s, la f\u00e1bula \u00abque viene el lobo\u00bb ha funcionado. \u00bfY hasta cu\u00e1ndo, si vamos a la repetici\u00f3n de las elecciones? El PSOE ha subido un mill\u00f3n de votos y 2 esca\u00f1os, comi\u00e9ndose una parte del espacio de Sumar, que pierde 700.000 votos, y benefici\u00e1ndose tambi\u00e9n del aumento de participaci\u00f3n. Es significativo que del mill\u00f3n de votos que gana el PSOE en todo el estado, el 40% lo haga en Catalunya. Sumar ha sido incapaz de detener el hundimiento del espacio IU-Podem. De los 31 esca\u00f1os que ha obtenido (7 menos de los que tuvieron Podemos y sus aliados en el 2009), Yolanda controla directamente 10, por 5 de Comuns, 5 de Podem y otros 5 de IU. El resto son por Mas Madrid, Comprom\u00eds y la Xunta Aragonesista.<\/span><\/p>\n<p><span style=\"font-weight: 400;\"><strong>En Catalu\u00f1a se profundiza la crisis del independentismo<\/strong>\u00a0<\/span><\/p>\n<p><span style=\"font-weight: 400;\">Entre ERC, JxC y la CUP pierden cerca de 700.000 votos. El duro golpe se lo lleva la CUP que pierde dos de cada tres votos y se queda sin representaci\u00f3n en el Congreso. ERC, que hab\u00eda ganado en Catalunya en el 2019, pierde casi la mitad de los votos (412.000). JxC pierde un 25% (137.000). El voto de castigo al independentismo sigue el de las municipales del 28M. All\u00ed donde el independentismo era m\u00e1s fuerte como Girona, Vic o Berga, la ca\u00edda ha sido tambi\u00e9n m\u00e1s fuerte, junto con la abstenci\u00f3n. La subida de la abstenci\u00f3n (4 puntos) en Catalu\u00f1a contrasta con la subida de participaci\u00f3n en el resto del estado (4 puntos) y tiene un claro sentido independentista. La p\u00e9rdida de representaci\u00f3n de la CUP-PR es un paso atr\u00e1s en un instrumento anticapitalista que hab\u00eda estado junto a luchas, y profundiza la crisis de la CUP.\u00a0<\/span><\/p>\n<p><span style=\"font-weight: 400;\">El descontento y desconcierto de los centenares de miles de independentistas es evidente. Aumenta la inestabilidad del Gobierno de Aragon\u00e9s al que se le reduce la base. \u00bfCu\u00e1nto tiempo podr\u00e1 aguantar en esta situaci\u00f3n sin convocar a elecciones anticipadas?\u00a0<\/span><\/p>\n<p><span style=\"font-weight: 400;\">El PSC gana las elecciones en Catalunya con 400.000 votos m\u00e1s que en 2019. El voto dual con diferencias notables entre las \u00faltimas municipales y estas generales ha sido significativo. SumarComuns retrocede por debajo de los 500.000 votos y pierde 90.000 votos, casi el 20% de los votantes.\u00a0<\/span><\/p>\n<p><span style=\"font-weight: 400;\"><strong>En Eukal Herria. Bildu adelanta al PNV<\/strong>\u00a0<\/span><\/p>\n<p><span style=\"font-weight: 400;\">El dato m\u00e1s importante es que Bildu aumenta 57.000, hace el sorpaso al PNV, que pierde m\u00e1s de 100.000 votos (incluido Geroa Bai de Navarra). Es un cambio hist\u00f3rico en la referencia del nacionalismo vasco. El PNV ha sido el partido tradicional de la burgues\u00eda vasca y un elemento de estabilizaci\u00f3n de la Monarqu\u00eda en Euskal Herria, como fue CiU en Catalunya. Un resultado que se corresponde con la mayor movilizaci\u00f3n social y laboral que ha habido en Euskal Herria y que tambi\u00e9n se ha traducido en la consolidaci\u00f3n de ELA y LAB. Sin embargo, hace tiempo que el giro de Bildu a la derecha le llev\u00f3 a tener como socios a ERC y al BNG.<\/span><\/p>\n<p><span style=\"font-weight: 400;\">El PSE-PSOE crece justamente los mismos 63.000 que pierde Sumar (antes Podemos, M\u00e1s Pa\u00eds y Equo). Vox, como en Catalunya, no retrocede: obtiene 30.000 votos (un 7% m\u00e1s que en 2019).<\/span><\/p>\n<p><strong>En la Comunidad Valenciana el PP se come VOX y el PSOE a Sumar\u00a0<\/strong><\/p>\n<p><span style=\"font-weight: 400;\">Crece un 5% la participaci\u00f3n. El PP gana las elecciones y concentra gran parte del voto de la derecha. Sube 334.000 votos recogiendo los casi 200.000 votos que sacaba Ciudadanos y recupera 50.000 de Vox. El PSOE crece 145.000 votos, de los que 115.000 podr\u00edan venir de los que pierde Sumar (Podemos y Comprom\u00eds en el 2019).\u00a0<\/span><\/p>\n<p><strong>Galiza: D\u00edaz decepciona en casa\u00a0<\/strong><\/p>\n<p><span style=\"font-weight: 400;\">El PP gana ampliamente las elecciones y sube 225.000 votos. Vuelve a dejar a cero esca\u00f1os en Vox. que pierde 40.000 votos, un 35% de los que ten\u00eda. Sumar, aunque se queda con los 2 esca\u00f1os que ten\u00eda Podemos, pierde 35.000 votos respecto (entonces Podemos y M\u00e1s pa\u00eds). El PSOE aumenta a 14.000. La p\u00e9rdida de votos de Sumar es equiparable a los 32.000 que gana el BNG, un 17%. Una vez m\u00e1s, tambi\u00e9n en la tierra de Yolanda D\u00edaz, la izquierda de un gobierno que decepciona es a quien paga m\u00e1s caro el castigo.\u00a0<\/span><\/p>\n<p><strong>Victoria del PP en Andaluc\u00eda\u00a0<\/strong><\/p>\n<p><span style=\"font-weight: 400;\">El PP sube m\u00e1s de 700.000 votos (77%). La mitad le vienen de C\u2019s y 200.000 le devuelven de Vox, que retrocede un 24%. Sumar con 520.000 votos (pierde 100.000 de los que obtuvo en el 2019 con Podemos y M\u00e1s Pa\u00eds-Equo), que esta vez no recoge al PSOE. Tampoco acuden a Adelante Andaluc\u00eda que se hunde con poco m\u00e1s de 9000 votos en la \u00fanica lista que presentaba, en C\u00e1diz, con Teresa Rodr\u00edguez y Kichi, ex alcalde, ambos militantes de Anticapitalistas.\u00a0<\/span><\/p>\n<p><strong>Equilibrios para formar gobierno\u00a0<\/strong><\/p>\n<p><span style=\"font-weight: 400;\">Parece descartado un Gobierno PP-Vox o uno PP en solitario, a pesar de que los barones del PSOE vuelvan a presionar por esta segunda opci\u00f3n como lo hicieron con el gobierno Rajoy. Tampoco parece probable la gran coalici\u00f3n PP-PSOE. Queda la repetici\u00f3n de la coalici\u00f3n de gobierno PSOESumar o S\u00e1nchez en solidario, con apoyo en el Congreso de Sumar, ERC, Bildu, PNV y BNG. Esta opci\u00f3n necesita alguna abstenci\u00f3n de JXC. Esta discusi\u00f3n vuelve a tensar a las dos almas de JXC, como ya ocurri\u00f3 cuando decid\u00edan romper con el Gobierno Aragon\u00e9s. Y esta situaci\u00f3n es m\u00e1s dif\u00edcil cuando la Fiscal\u00eda acaba de instar a Llarena a la activaci\u00f3n de la orden de extradici\u00f3n de Puigdemont y Com\u00edn. Siempre est\u00e1 la carta de la repetici\u00f3n electoral, pero ser\u00eda tentar a la suerte una segunda vez.<\/span><\/p>\n<p><span style=\"font-weight: 400;\">CCOO y UGT piden la continuaci\u00f3n del Gobierno \u00abprogresista\u00bb. La patronal sigue mir\u00e1ndolo desde la barrera. No precipit\u00f3 la crisis del anterior Gobierno PSOE-UP porque las cuentas de resultados de sus empresas no lo necesitaban, con resultados r\u00e9cord en beneficios, como no lo har\u00e1 ahora mientras el pr\u00f3ximo Gobierno S\u00e1nchez siga descargando sobre la clase obrera y los pensionistas la crisis y no toque los beneficios. No tiene prisa, de momento, mientras la fruta podrida del Gobierno \u00abprogresista\u00bb sigue consumi\u00e9ndose y desmoralizando a la clase obrera y a la juventud preparando un recambio de derechas.\u00a0<\/span><\/p>\n<p><span style=\"font-weight: 400;\">S\u00e1nchez puede estar tentado de excluir a Sumar del Gobierno, consciente de que s\u00ed o s\u00ed le dar\u00e1 el apoyo parlamentario que necesite. Yolanda probar\u00eda su propia medicina que aplic\u00f3 sobre Podemos. Lo que s\u00ed es seguro es que va a ser un gobierno muy inestable, amenazado de par\u00e1lisis. En cada ley tendr\u00e1 que volver a conseguir la suma de todos los grupos y al mismo tiempo superar el obst\u00e1culo de una mayor\u00eda absoluta del PP en el Senado. Y llegan a m\u00e1s momentos claves: con el presupuesto del 2024 empiezan a ajustarse los par\u00e1metros del d\u00e9ficit fiscal y Bruselas obliga a reducciones de gasto y recortes.<\/span><\/p>\n<p><strong>Se confirma el cierre del doble ciclo social y nacional\u00a0<\/strong><\/p>\n<p><span style=\"font-weight: 400;\">La crisis capitalista de 2008-2009 provoc\u00f3 una doble reacci\u00f3n: social con el surgimiento del Movimiento 15M de 2011 y del otro nacional con el proceso independentista que tiene su origen en la gran manifestaci\u00f3n del 10 de julio de 2010, de rechazo a la sentencia del Tribunal Constitucional contra el estatuto. El primero dio como expresi\u00f3n pol\u00edtica a Podemos, que lleg\u00f3 a ser primera fuerza pol\u00edtica en las encuestas del 2015: hoy le quedan 5 parlamentarios en el marco de Sumar, que es una nueva refundaci\u00f3n del Partido Comunista e Izquierda Unida. El movimiento catal\u00e1n tuvo como expresi\u00f3n pol\u00edtica el crecimiento del independentismo con JXC (haciendo a\u00f1icos la antigua CiU de Pujol-Mas), ERC y tambi\u00e9n la CUP, que llegaron a tener el 52% del voto . Los ciclos est\u00e1n terminados y sus referencias pol\u00edticas caen en picado, con el des\u00e1nimo que arrastran entre quienes les creyeron. Quien crey\u00f3 que Podemos era una verdadera ruptura con la \u00abcasta\u00bb del r\u00e9gimen y el Ibex 35, y quien crey\u00f3 que JXC, ERC y tambi\u00e9n la CUP nos llevar\u00edan la independencia de Catalunya. El ciclo termina, pero no se vuelve a la casilla de salida.\u00a0<\/span><\/p>\n<p><strong>No hay un regreso al bipartidismo\u00a0<\/strong><\/p>\n<p><span style=\"font-weight: 400;\">Cierto que la concentraci\u00f3n de votos en PP y PSOE ha aumentado del 48% al 64,7%. Pero esta imagen no es una vuelta al pasado, sino un fotograma de una secuencia. Hoy la formaci\u00f3n de gobierno debe hacerse con bloques, en una situaci\u00f3n de fuerte inestabilidad institucional. Los bloques se mantienen relativamente estables desde el punto de vista electoral, y s\u00f3lo se redistribuyen internamente.<\/span><span style=\"font-weight: 400;\"><br \/>\n<\/span><\/p>\n<p><span style=\"font-weight: 400;\">La ruptura del bipartidismo era consecuencia de la grave crisis econ\u00f3mica y social que agudizaba las contradicciones, polarizaba la sociedad y pon\u00eda en crisis las opciones estables del r\u00e9gimen (PP, PSOE, Ciu en Catalunya&#8230;). Es un fen\u00f3meno mundial, porque la crisis capitalista lo es tambi\u00e9n. Como lo es que un sector del capital financiero est\u00e1 poniendo mucho dinero para impulsar a la extrema derecha. Por eso, en Espa\u00f1a se llamar\u00e1 Vox o no, pero la recomposici\u00f3n de la extrema derecha es una necesidad del capital en este periodo.<\/span><\/p>\n<p><span style=\"font-weight: 400;\">Una cosa es que las expresiones pol\u00edticas que surgieron en la ruptura del bipartidismo est\u00e9n agotadas, y la otra que aquella situaci\u00f3n econ\u00f3mica y social que estaba en su origen est\u00e9 superada. Por el contrario, la crisis del capitalismo vive una segunda ola, se agrava: ahora con la inflaci\u00f3n y la amenaza de recesi\u00f3n, tambi\u00e9n con la guerra. Caen las condiciones de vida de la gente trabajadora y se tensa la lucha de clases. Y c\u00f3mo estamos viendo en Francia o Gran Breta\u00f1a surge una resistencia obrera y popular. Y es probable a la vez una reactivaci\u00f3n de la cuesti\u00f3n nacional catalana, quiz\u00e1s no tan aislada como en el 2017. Y hay que prepararse para estas luchas y las nuevas recomposiciones pol\u00edticas que surgir\u00e1n de ellas. La necesidad del frente de trabajadores\/as y de los pueblos por la ruptura con la Monarqu\u00eda y por la autodeterminaci\u00f3n y de ruptura con el capitalismo ser\u00e1 cada vez m\u00e1s imprescindible.\u00a0<\/span><\/p>\n","protected":false},"excerpt":{"rendered":"<p>Por Lucha Internacionalista, secci\u00f3n del Estado espa\u00f1ol de la UIT-CI 26\/07\/23. Pedro y el lobo El PP ha ganado las elecciones, con una subida de 3 millones de votos, alcanza los 8 millones obtiene 136 esca\u00f1os (47 m\u00e1s). Pero Vox ha perdido fuerza y en conjunto ambos se han quedado con 11,2 millones de votos [&hellip;]<\/p>\n","protected":false},"author":2,"featured_media":15170,"comment_status":"closed","ping_status":"closed","sticky":false,"template":"","format":"standard","meta":[],"categories":[308,47,35],"tags":[1651,157,380,1648,93,1538,1650,117,1649,1089,269],"_links":{"self":[{"href":"https:\/\/uit-ci.org\/index.php\/wp-json\/wp\/v2\/posts\/15169"}],"collection":[{"href":"https:\/\/uit-ci.org\/index.php\/wp-json\/wp\/v2\/posts"}],"about":[{"href":"https:\/\/uit-ci.org\/index.php\/wp-json\/wp\/v2\/types\/post"}],"author":[{"embeddable":true,"href":"https:\/\/uit-ci.org\/index.php\/wp-json\/wp\/v2\/users\/2"}],"replies":[{"embeddable":true,"href":"https:\/\/uit-ci.org\/index.php\/wp-json\/wp\/v2\/comments?post=15169"}],"version-history":[{"count":2,"href":"https:\/\/uit-ci.org\/index.php\/wp-json\/wp\/v2\/posts\/15169\/revisions"}],"predecessor-version":[{"id":15182,"href":"https:\/\/uit-ci.org\/index.php\/wp-json\/wp\/v2\/posts\/15169\/revisions\/15182"}],"wp:featuredmedia":[{"embeddable":true,"href":"https:\/\/uit-ci.org\/index.php\/wp-json\/wp\/v2\/media\/15170"}],"wp:attachment":[{"href":"https:\/\/uit-ci.org\/index.php\/wp-json\/wp\/v2\/media?parent=15169"}],"wp:term":[{"taxonomy":"category","embeddable":true,"href":"https:\/\/uit-ci.org\/index.php\/wp-json\/wp\/v2\/categories?post=15169"},{"taxonomy":"post_tag","embeddable":true,"href":"https:\/\/uit-ci.org\/index.php\/wp-json\/wp\/v2\/tags?post=15169"}],"curies":[{"name":"wp","href":"https:\/\/api.w.org\/{rel}","templated":true}]}}