{"id":15272,"date":"2023-08-14T17:22:07","date_gmt":"2023-08-14T17:22:07","guid":{"rendered":"http:\/\/uit-ci.org\/?p=15272"},"modified":"2023-08-16T18:02:09","modified_gmt":"2023-08-16T18:02:09","slug":"argentina-en-las-paso-gano-milei-se-derrumbo-el-peronismo-y-gano-myriam-bregman-la-interna-del-fitu","status":"publish","type":"post","link":"https:\/\/uit-ci.org\/index.php\/2023\/08\/14\/argentina-en-las-paso-gano-milei-se-derrumbo-el-peronismo-y-gano-myriam-bregman-la-interna-del-fitu\/","title":{"rendered":"Argentina: En las PASO gan\u00f3 Milei. Se derrumb\u00f3 el peronismo y gan\u00f3 Myriam Bregman la interna del FITU"},"content":{"rendered":"<p>Por <strong>Prensa UIT-CI<\/strong><\/p>\n<p>Javier Milei result\u00f3 el m\u00e1s votado en las PASO, canalizando gran parte del hartazgo popular. Massa-Grabois quedaron terceros, despu\u00e9s de Patricia Bullrich, quien tampoco cubri\u00f3 las expectativas previas de Juntos por el Cambio. El voto a Milei es un voto castigo completamente equivocado, ya que se trata de un pol\u00edtico ultraderechista y reaccionario que solo puede ofrecer menos derechos, m\u00e1s hambre y sometimiento con su plan motosierra contra la clase trabajadora, las mujeres, disidencias y la juventud. Que Milei haya salido el m\u00e1s votado se explica por el desastre al que nos llev\u00f3 el gobierno peronista en estos cuatro a\u00f1os, que pidi\u00f3 el apoyo\u00a0<em>\u201ccontra la derecha\u201d<\/em>\u00a0para pactar con el FMI, llev\u00e1ndonos a una inflaci\u00f3n galopante, m\u00e1s pobreza, tarifazos y una enorme p\u00e9rdida salarial y jubilatoria, generando una gran decepci\u00f3n que lamentablemente se canaliz\u00f3 electoralmente hacia la oposici\u00f3n patronal.<\/p>\n<p>En ese marco &#8211; donde entre las tres fuerzas patronales llegaron al 86% de los votos -, el\u00a0<strong>Frente de Izquierda Unidad<\/strong>\u00a0conquist\u00f3 valiosos 630.000 votos a presidente, resultando ampliamente ganadora en todo el pa\u00eds la lista encabezada por\u00a0<strong>Myriam Bregman<\/strong>\u00a0y\u00a0<strong>Del Ca\u00f1o<\/strong>, el\u00a0<strong>\u201cPollo\u201d Sobrero<\/strong>\u00a0a Gobernador en la estrat\u00e9gica provincia de Buenos Aires cosechando una gran votaci\u00f3n en las barriadas obreras y populares como se demostr\u00f3 en La Matanza y otros distritos, y as\u00ed en todas las provincias, resalt\u00e1ndose los amplios triunfos en C\u00f3rdoba, Jujuy, Neuqu\u00e9n, entre otros, salvo a Jefe de Gobierno en la pol\u00e9mica elecci\u00f3n que se dio en CABA desligada de la elecci\u00f3n nacional.<\/p>\n<p>La lista\u00a0<strong>PTS &#8211; IZQUIERDA SOCIALISTA<\/strong>\u00a0gan\u00f3 por el 70% versus el 30% de la lista divisionista de PO-MST con Solano-Ripoll, la que dividi\u00f3 al FITU en las PASO en una pelea por los cargos que claramente no le correspond\u00eda, dedic\u00e1ndose a atacar a nuestra lista con acusaciones infundadas en vez de enfrentar a los candidatos del ajuste.<\/p>\n<p>Llamamos ahora a las y los luchadores y al resto de la izquierda a que nos acompa\u00f1e para el desaf\u00edo que se nos abre para enfrentar en las generales de octubre a todos los candidatos patronales, apoyando a las candidaturas del\u00a0<strong>Frente de Izquierda Unidad<\/strong>\u00a0que encabeza\u00a0<strong>Bregman<\/strong>. A seguir levantando de manera consecuente un programa de fondo como lo hicimos en las PASO, por la ruptura con el FMI, el no pago de la deuda, en apoyo a las luchas obreras y populares como en Jujuy y la docencia, en defensa de los derechos de las mujeres, disidencias y de la juventud, contra el saqueo ambiental y en repudio a la represi\u00f3n y el gatillo f\u00e1cil.<\/p>\n<p>Saludamos a toda nuestra abnegada militancia que hizo posible este gran paso, redoblando ahora el enfrentamiento a los Milei, Bullrich y Massa, llamando a unir y a fortalecer al\u00a0<strong>FIT Unidad<\/strong>\u00a0para enfrentar a los candidatos del mayor ajuste, saqueo y entrega al FMI, fortaleciendo una alternativa obrera y socialista para pelear por un gobierno de la izquierda y de las y los trabajadores.<\/p>\n<p><strong>Izquierda Socialista en el FIT Unidad<\/strong><br \/>\n14\/08\/2023<\/p>\n","protected":false},"excerpt":{"rendered":"<p>Por Prensa UIT-CI Javier Milei result\u00f3 el m\u00e1s votado en las PASO, canalizando gran parte del hartazgo popular. Massa-Grabois quedaron terceros, despu\u00e9s de Patricia Bullrich, quien tampoco cubri\u00f3 las expectativas previas de Juntos por el Cambio. El voto a Milei es un voto castigo completamente equivocado, ya que se trata de un pol\u00edtico ultraderechista y [&hellip;]<\/p>\n","protected":false},"author":2,"featured_media":15273,"comment_status":"closed","ping_status":"closed","sticky":false,"template":"","format":"standard","meta":[],"categories":[23,35],"tags":[119,157,1659,1535,134,1660,271,1662,637,1661,543,712,1089],"_links":{"self":[{"href":"https:\/\/uit-ci.org\/index.php\/wp-json\/wp\/v2\/posts\/15272"}],"collection":[{"href":"https:\/\/uit-ci.org\/index.php\/wp-json\/wp\/v2\/posts"}],"about":[{"href":"https:\/\/uit-ci.org\/index.php\/wp-json\/wp\/v2\/types\/post"}],"author":[{"embeddable":true,"href":"https:\/\/uit-ci.org\/index.php\/wp-json\/wp\/v2\/users\/2"}],"replies":[{"embeddable":true,"href":"https:\/\/uit-ci.org\/index.php\/wp-json\/wp\/v2\/comments?post=15272"}],"version-history":[{"count":2,"href":"https:\/\/uit-ci.org\/index.php\/wp-json\/wp\/v2\/posts\/15272\/revisions"}],"predecessor-version":[{"id":15280,"href":"https:\/\/uit-ci.org\/index.php\/wp-json\/wp\/v2\/posts\/15272\/revisions\/15280"}],"wp:featuredmedia":[{"embeddable":true,"href":"https:\/\/uit-ci.org\/index.php\/wp-json\/wp\/v2\/media\/15273"}],"wp:attachment":[{"href":"https:\/\/uit-ci.org\/index.php\/wp-json\/wp\/v2\/media?parent=15272"}],"wp:term":[{"taxonomy":"category","embeddable":true,"href":"https:\/\/uit-ci.org\/index.php\/wp-json\/wp\/v2\/categories?post=15272"},{"taxonomy":"post_tag","embeddable":true,"href":"https:\/\/uit-ci.org\/index.php\/wp-json\/wp\/v2\/tags?post=15272"}],"curies":[{"name":"wp","href":"https:\/\/api.w.org\/{rel}","templated":true}]}}