{"id":15281,"date":"2023-08-16T17:58:25","date_gmt":"2023-08-16T17:58:25","guid":{"rendered":"http:\/\/uit-ci.org\/?p=15281"},"modified":"2023-09-05T17:31:48","modified_gmt":"2023-09-05T17:31:48","slug":"argentina-el-resultado-de-las-paso-y-el-dia-despues","status":"publish","type":"post","link":"https:\/\/uit-ci.org\/index.php\/2023\/08\/16\/argentina-el-resultado-de-las-paso-y-el-dia-despues\/","title":{"rendered":"Argentina: El resultado de las PASO y el d\u00eda despu\u00e9s"},"content":{"rendered":"<p><span style=\"font-weight: 400;\">Por <strong>El Socialista,<\/strong> prensa prensa de Izquierda Socialista\/UIT-CI<\/span><span style=\"font-weight: 400;\"><br \/>\n<\/span><\/p>\n<p><span style=\"font-weight: 400;\">16\/8\/2023. En las PASO del 13 de agosto se definieron las principales candidaturas para la competencia final en las generales del 22 de octubre. El ultraderechista Milei result\u00f3 el m\u00e1s votado, canalizando gran parte del hartazgo popular. Un repudio que tambi\u00e9n se manifest\u00f3 con once millones de personas que no fueron a votar y un mill\u00f3n que lo hicieron en blanco o anularon el voto.\u00a0<\/span><\/p>\n<p><span style=\"font-weight: 400;\">En una mala elecci\u00f3n, Juntos por el Cambio qued\u00f3 segundo y su f\u00f3rmula ser\u00e1 encabezada por Patricia Bullrich, que derrot\u00f3 en la interna a Rodr\u00edguez Larreta. El peronismo de Uni\u00f3n por la Patria dio la otra nota al sufrir una verdadera debacle con Massa-Grabois, haciendo su peor elecci\u00f3n de la historia. Ambas coaliciones patronales tradicionales salieron derrotadas.\u00a0<\/span><\/p>\n<p><span style=\"font-weight: 400;\">El Frente de Izquierda Unidad obtuvo 628.893 votos a presidente, siendo la lista PTS-Izquierda Socialista encabezada por Myriam Bregman y Nicol\u00e1s Del Ca\u00f1o la que gan\u00f3 ampliamente la interna del FIT Unidad, por lo que estar\u00e1 entre las cinco f\u00f3rmulas presidenciales en octubre. Llamamos desde ahora a enfrentar el brutal ajuste devaluatorio que acaba de aplicar el gobierno en el d\u00eda inmediato posterior a las elecciones, y a fortalecer al Frente de Izquierda Unidad para dar la pelea por los cambios de fondo que necesita el pueblo trabajador.<\/span><\/p>\n<p><span style=\"font-weight: 400;\">Gan\u00f3 el ultraderechista Milei y dijo \u201cno voy a tener problemas con el FMI porque el ajuste que preparo es mucho m\u00e1s duro\u201d<\/span><\/p>\n<p><span style=\"font-weight: 400;\">La gran sorpresa fue el crecimiento de Milei, logrando un 30% del total de votos. Un fen\u00f3meno que no hab\u00edan registrado las encuestas. Sumando a esto las derrotas del peronismo y de Juntos por el Cambio, el resultado de las PASO gener\u00f3 un tembladeral pol\u00edtico, al surgir un presidenciable ultraderechista que lleva de vice a una negacionista que se dedica a defender a genocidas de la \u00faltima dictadura militar, ante un gobierno que tiene que aguantar hasta diciembre aplicando el ajuste del FMI. Se auguran nuevos cambios bruscos, tanto sociales como pol\u00edticos.<\/span><\/p>\n<p><span style=\"font-weight: 400;\">El voto a Milei tuvo una extensi\u00f3n nacional, ganando en 16 de los 24 distritos, incluso donde gobernaba el peronismo o Juntos por el Cambio. Logr\u00f3 el voto de j\u00f3venes (centralmente varones) de sectores populares y de trabajadores. El voto a Milei es un voto de repudio y hartazgo completamente equivocado, ya que se trata de un pol\u00edtico ultraderechista y reaccionario que solo puede ofrecer menos derechos, m\u00e1s hambre y sometimiento. Su \u201cplan motosierra\u201d va en contra de la clase trabajadora, las mujeres y disidencias, y de la juventud. Si a esto le sumamos que Patricia Bullrich (que solo postula mano dura y represi\u00f3n) encabezar\u00e1 la f\u00f3rmula de Juntos por el Cambio, compartimos la leg\u00edtima preocupaci\u00f3n de millones que dicen \u201cc\u00f3mo puede ser que se haya llegado a tanto\u201d, con una gran incertidumbre que abarca a todos los sectores sociales. Lali Exp\u00f3sito advirti\u00f3 sobre el peligro de que \u201chaya gente que vote a un anti-derechos\u201d y el m\u00fasico Catriel dijo \u201csi los hospitales fueran todos privados yo estar\u00eda muerto\u201d.<\/span><\/p>\n<p><span style=\"font-weight: 400;\">Pero, \u00bfa qu\u00e9 se debe este crecimiento de una figura que dice abiertamente que va a eliminar derechos esenciales, arancelando el acceso a la salud y la educaci\u00f3n p\u00fablica y gratuita, que propone la dolarizaci\u00f3n (lo que significar\u00eda la pulverizaci\u00f3n directa de los salarios y jubilaciones), adem\u00e1s de la venta de \u00f3rganos y de querer terminar con el derecho al aborto legal, seguro y gratuito, entre otras barbaridades?\u00a0<\/span><\/p>\n<p><span style=\"font-weight: 400;\">Esto solo se explica por el desastre al que nos han llevado los distintos gobiernos capitalistas, con m\u00e1s miseria y entrega, generando decepci\u00f3n y hartazgo que terminan capitalizando personajes sumamente peligrosos como Milei, como lo fueron antes Bolsonaro en Brasil, Vox en el Estado Espa\u00f1ol o el ultraderechista Katz en Chile, justamente quienes lo felicitaron por su triunfo.<\/span><\/p>\n<p><span style=\"font-weight: 400;\">Milei es una expresi\u00f3n nacional de estos fen\u00f3menos de ultraderecha que se da en otros pa\u00edses ante la decadencia capitalista y en repudio a esta democracia para los de arriba, precisamente cuando se cumplen \u201c40 a\u00f1os de democracia\u201d en los que gobernaron todos, radicales, peronistas en sus distintas formas, centroderechistas y centroizquierdistas, responsables de semejante desastre social.<\/span><\/p>\n<p><span style=\"font-weight: 400;\">En las PASO se ha dado este voto a una variante electoral de ultraderecha como Milei, aunque este fen\u00f3meno representa un voto dispar, contradictorio, que va desde aquellos que est\u00e1n de acuerdo con alguna de sus propuestas, a otros que no las comparten pero dicen \u201cpeor no vamos a estar\u201d, \u201cya probamos con todos y nos llevaron al desastre\u201d y \u201cque se vayan todos\u201d, creyendo en medio de una brutal confusi\u00f3n que Milei puede combatir a los \u201cpol\u00edticos chorros\u201d o que representa \u201calgo nuevo y distinto\u201d. A tal punto es la tremenda confusi\u00f3n y desesperaci\u00f3n que se opta por Milei creyendo en que representa algo nuevo, cuando nada distinto tiene con quienes nos vinieron gobernando, porque apoya a la dictadura y reivindica al gobierno peronista de los a\u00f1os \u00b490 con Menem y Cavallo (que muchos j\u00f3venes no conocieron), que fueron quienes nos llevaron a un desastre con miles de despidos, entrega de las empresas estrat\u00e9gicas, un sideral endeudamiento externo y el indulto a los militares golpistas. Por eso no se trata de cualquier \u201cvoto castigo\u201d, sino que se benefici\u00f3 a un personaje retr\u00f3grado, reaccionario, antiderechos, mis\u00f3gino y antiobrero a quien desde la izquierda llamamos decididamente a enfrentar, en las calles y en las urnas, dando el debate ante j\u00f3venes y sectores populares confundidos que lo votaron, muchos de los cuales retroceden al ver todo lo malo que representa su nefasto programa de gobierno.<\/span><\/p>\n<p><span style=\"font-weight: 400;\">El peronismo hizo la peor elecci\u00f3n de la historia y Larreta-Morales fueron otros de los grandes derrotados<\/span><\/p>\n<p><span style=\"font-weight: 400;\">El gran derrotado de estas PASO fue el peronismo, con Sergio Massa a la cabeza. Ni Alberto Fern\u00e1ndez ni Cristina aparecieron en la campa\u00f1a, ni en el b\u00fanker donde habl\u00f3 Massa agradeciendo varias veces a Grabois, la colectora que se present\u00f3 para impedir que una franja fuera a izquierda, con lo cual el resultado probablemente hubiera sido peor. Tambi\u00e9n hay que destacar que Uni\u00f3n por la Patria perdi\u00f3 en Santa Cruz, la tierra kirchnerista por excelencia, donde la docencia sufre salarios de pobreza por parte de la gobernadora Alicia Kirchner que los ajusta, persigue y criminaliza al mejor estilo macrista.<\/span><\/p>\n<p><span style=\"font-weight: 400;\">El peronismo perdi\u00f3 cinco millones y medio de votos, sacando veinte puntos menos que en 2019 (27 versus 47%). Incluso donde gan\u00f3, como en provincia de Buenos Aires, el gobernador Kicillof, que va por la reelecci\u00f3n, retrocedi\u00f3 16 puntos con 1,5 mill\u00f3n de votos menos. Es que el Frente de Todos de entonces (hoy Uni\u00f3n por la Patria) s\u00f3lo puede mostrar m\u00e1s ajuste, saqueo y entrega al FMI. Un gobierno que al otro d\u00eda de la elecci\u00f3n devalu\u00f3 un 22% el peso por orden directa del FMI, lo que ya est\u00e1 generando una inflaci\u00f3n de dos d\u00edgitos para los pr\u00f3ximos meses con la consiguiente mayor p\u00e9rdida salarial y jubilatoria. Esto es el peronismo hoy, en pleno Siglo XXI, mostrando que nada tiene de \u201cnacional y popular\u201d, como falsamente pregona.<\/span><\/p>\n<p><span style=\"font-weight: 400;\">El gobierno ya lanz\u00f3 la campa\u00f1a de que hay que apoyarlo en octubre para \u201cque no gane la derecha\u201d. Claro que Milei y Bullrich son repudiables y hay que combatirlos, pero el peronismo no es la herramienta. Como muy bien dijo Myriam Bregman este domingo: \u201cbajo el gobierno del Frente de Todos la ultraderecha creci\u00f3 como nunca\u201d.<\/span><\/p>\n<p><span style=\"font-weight: 400;\">\u00bfQu\u00e9 ser\u00eda \u201ccombatir a la derecha\u201d? Combatir a la derecha hubiese sido desconocer el pacto de Macri con el FMI y dejar de pagar una deuda usurera y fraudulenta como lo postulamos desde el Frente de Izquierda, no lo opuesto, tal como hizo el gobierno del Frente de Todos.\u00a0<\/span><\/p>\n<p><span style=\"font-weight: 400;\">\u201cCombatir a la derecha\u201d en Jujuy, por ejemplo, ser\u00eda hacer lo que hace el pueblo juje\u00f1o con el acompa\u00f1amiento del Frente de Izquierda Unidad: enfrentar la reforma constitucional entreguista y represiva de Gerardo Morales, no como hizo el peronismo, que fue c\u00f3mplice y hasta vot\u00f3 a favor. Esto mismo se vio bajo el gobierno de Macri en 2015-2019, donde solo los trabajadores, el sindicalismo combativo y la izquierda enfrentamos la reforma jubilatoria en diciembre de 2017 mientras el peronismo le votaba a Macri sus leyes y la CGT era c\u00f3mplice del ajuste macrista. No hay que dejarse enga\u00f1ar. Basta de doble discurso. La izquierda es la \u00fanica que va a seguir siendo consecuente enfrentando el ajuste y la represi\u00f3n de todos los gobiernos, como lo hicimos siempre, poniendo nuestra militancia y nuestras bancas para ello. Esta es la gran lecci\u00f3n que hay que sacar con la actuaci\u00f3n que hemos tenido en todos estos a\u00f1os.\u00a0\u00a0<\/span><\/p>\n<p><span style=\"font-weight: 400;\">El Frente de Izquierda hizo una buena elecci\u00f3n logrando que la f\u00f3rmula Bregman-del Ca\u00f1o sea la \u00fanica de izquierda entre las cinco presidenciales, llamando a dar pelea en las luchas y en las elecciones<\/span><\/p>\n<p><span style=\"font-weight: 400;\">El Frente de Izquierda Unidad hizo una buena elecci\u00f3n, en el marco de que entre las tres fuerzas patronales sacaron el 86% de los sufragios. Los 628.893 votos que obtuvo son muy valiosos para seguir fortaleciendo a la \u00fanica alternativa de las y los trabajadores: el sindicalismo combativo y la unidad de la izquierda para enfrentar a los candidatos del ajuste y el FMI.<\/span><\/p>\n<p><span style=\"font-weight: 400;\">La lista conformada por PTS e Izquierda Socialista, encabezada por Myriam Bregman y Del Ca\u00f1o, con el \u201cPollo\u201d Sobrero a Gobernador en la estrat\u00e9gica provincia de Buenos Aires y tantas luchadoras y luchadores en el resto del pa\u00eds, result\u00f3 ampliamente ganadora en la interna del Frente de Izquierda. Un triunfo nacional que premi\u00f3 a quienes no dividimos y respetamos los acuerdos al interior del Frente de Izquierda que permitieron crecer en estos a\u00f1os. Se cosech\u00f3 particularmente una importante votaci\u00f3n en las barriadas obreras y populares en el conurbano profundo, como se demostr\u00f3 en La Matanza y otros distritos, salvo a Jefe de Gobierno de CABA, donde se dio la pol\u00e9mica elecci\u00f3n local desligada de la elecci\u00f3n nacional y con un voto electr\u00f3nico desastroso, imponi\u00e9ndose la lista de PO-MST.<\/span><\/p>\n<p><span style=\"font-weight: 400;\">La lista PTS-Izquierda Socialista gan\u00f3 nacionalmente por el 70% de los votos versus el 30% de la divisionista de PO-MST con Solano-Ripoll. Lamentablemente la divisi\u00f3n impulsada por estos partidos impidi\u00f3 que el Frente de Izquierda pudiera dar en forma unitaria la pelea contra los partidos patronales, dedic\u00e1ndose a atacar a nuestra lista con acusaciones mentirosas e infundadas. Las otras listas de izquierda, por fuera del FIT Unidad, como el Nuevo MAS de Manuela Casta\u00f1eira y Marcelo Ramal de Pol\u00edtica Obrera, no pasaron las PASO.<\/span><\/p>\n<p><span style=\"font-weight: 400;\">Ahora el Frente de Izquierda va a dar pelea con una lista \u00fanica frente a los candidatos patronales. Llamamos a las y los luchadores y al resto de la izquierda a que se sumen para dar juntos esta pelea, apoyando a las candidaturas del Frente de Izquierda Unidad que encabeza Bregman.\u00a0<\/span><\/p>\n<p><span style=\"font-weight: 400;\">Llamamos a seguir levantando de manera consecuente un programa de fondo como lo hicimos en las PASO, por la ruptura con el FMI, el no pago de la deuda externa, en apoyo a las luchas obreras y populares como en Jujuy y la docencia, en defensa de los derechos de las mujeres, disidencias y de la juventud, contra el saqueo ambiental y en repudio a la represi\u00f3n y el gatillo f\u00e1cil. Decimos que Milei, Bullrich y Massa son los candidatos del ajuste y el FMI y que por lo tanto la salida es por izquierda, es fortalecer una alternativa obrera y socialista para pelear por imponer un plan econ\u00f3mico obrero y popular y un gobierno de la izquierda y de las y los trabajadores. Los pol\u00edticos patronales est\u00e1n metidos en sus \u201cestrategias\u201d electorales en vistas a octubre. Est\u00e1n preocupados por ver c\u00f3mo siguen enga\u00f1ando al pueblo trabajador y a la juventud, especulando sobre qui\u00e9n estar\u00e1 en el ballotage, mientras el pueblo trabajador se hunde en la miseria.<\/span><\/p>\n<p><span style=\"font-weight: 400;\">Por nuestra parte, desde Izquierda Socialista y el FIT Unidad llamamos a los trabajadores a enfrentar el nuevo ajustazo que acaba de descargar el gobierno.<\/span><\/p>\n<p><span style=\"font-weight: 400;\">Denunciamos a la burocracia sindical de la CGT y las CTA que se la pasan apoyando al gobierno, exigi\u00e9ndoles que convoquen a un paro y plan de lucha nacional. Ponemos toda nuestra militancia y al sindicalismo combativo al servicio de apoyar los reclamos obreros y populares, y para fortalecer a la \u00fanica lista de izquierda en octubre, postulando nuestro programa obrero y socialista y peleando por m\u00e1s bancas de izquierda. Saludamos a quienes nos acompa\u00f1aron en esta pelea, convoc\u00e1ndolos a que lo sigamos haciendo juntos.<\/span><\/p>\n<p>&nbsp;<\/p>\n<p><a href=\"https:\/\/uit-ci.org\/index.php\/2023\/08\/18\/argentina-the-results-of-the-primaries-and-the-day-after\/?lang=en\">Read in english<\/a><\/p>\n<p><a href=\"https:\/\/uit-ci.org\/index.php\/2023\/08\/18\/argentine-les-resultats-des-paso-et-le-jour-dapres\/?lang=fr\">Lire en fran\u00e7ais<\/a><\/p>\n","protected":false},"excerpt":{"rendered":"<p>Por El Socialista, prensa prensa de Izquierda Socialista\/UIT-CI 16\/8\/2023. En las PASO del 13 de agosto se definieron las principales candidaturas para la competencia final en las generales del 22 de octubre. El ultraderechista Milei result\u00f3 el m\u00e1s votado, canalizando gran parte del hartazgo popular. Un repudio que tambi\u00e9n se manifest\u00f3 con once millones de [&hellip;]<\/p>\n","protected":false},"author":2,"featured_media":15282,"comment_status":"closed","ping_status":"closed","sticky":false,"template":"","format":"standard","meta":[],"categories":[23,35],"tags":[1667,119,1669,270,157,134,486,1668,546,271,631,1662,637,1661,543,712],"_links":{"self":[{"href":"https:\/\/uit-ci.org\/index.php\/wp-json\/wp\/v2\/posts\/15281"}],"collection":[{"href":"https:\/\/uit-ci.org\/index.php\/wp-json\/wp\/v2\/posts"}],"about":[{"href":"https:\/\/uit-ci.org\/index.php\/wp-json\/wp\/v2\/types\/post"}],"author":[{"embeddable":true,"href":"https:\/\/uit-ci.org\/index.php\/wp-json\/wp\/v2\/users\/2"}],"replies":[{"embeddable":true,"href":"https:\/\/uit-ci.org\/index.php\/wp-json\/wp\/v2\/comments?post=15281"}],"version-history":[{"count":4,"href":"https:\/\/uit-ci.org\/index.php\/wp-json\/wp\/v2\/posts\/15281\/revisions"}],"predecessor-version":[{"id":15327,"href":"https:\/\/uit-ci.org\/index.php\/wp-json\/wp\/v2\/posts\/15281\/revisions\/15327"}],"wp:featuredmedia":[{"embeddable":true,"href":"https:\/\/uit-ci.org\/index.php\/wp-json\/wp\/v2\/media\/15282"}],"wp:attachment":[{"href":"https:\/\/uit-ci.org\/index.php\/wp-json\/wp\/v2\/media?parent=15281"}],"wp:term":[{"taxonomy":"category","embeddable":true,"href":"https:\/\/uit-ci.org\/index.php\/wp-json\/wp\/v2\/categories?post=15281"},{"taxonomy":"post_tag","embeddable":true,"href":"https:\/\/uit-ci.org\/index.php\/wp-json\/wp\/v2\/tags?post=15281"}],"curies":[{"name":"wp","href":"https:\/\/api.w.org\/{rel}","templated":true}]}}