{"id":15357,"date":"2023-08-24T16:56:00","date_gmt":"2023-08-24T16:56:00","guid":{"rendered":"http:\/\/uit-ci.org\/?p=15357"},"modified":"2023-08-24T16:57:43","modified_gmt":"2023-08-24T16:57:43","slug":"ecuador-elecciones-anticipadas-y-la-crisis-continuada","status":"publish","type":"post","link":"https:\/\/uit-ci.org\/index.php\/2023\/08\/24\/ecuador-elecciones-anticipadas-y-la-crisis-continuada\/","title":{"rendered":"Ecuador: Elecciones anticipadas y la crisis continuada"},"content":{"rendered":"<p><span style=\"font-weight: 400;\">Por <strong>Miguel Lamas<\/strong>, dirigente de la UIT-CI<\/span><\/p>\n<p><span style=\"font-weight: 400;\">24\/8\/2023. La candidata corre\u00edsta Luisa Gonz\u00e1lez obtuvo la mayor\u00eda de votos en la primera vuelta de las elecciones anticipadas alcanzando el 33,25% de los votos totales. La sorpresa la dio el candidato gran empresario Daniel Noboa, del Movimiento ADN de centroderecha, que obtuvo el segundo lugar con el 23,73%. Esto hace a Noboa posible triunfador en segunda vuelta, que se realizar\u00e1 reci\u00e9n el 15 de octubre, dado que podr\u00eda sumar los votos anticorreistas.<\/span><\/p>\n<p><span style=\"font-weight: 400;\">En una votaci\u00f3n bastante dispersa, fue tercero con 16,51% Christian Zurita, reemplazante de candidato recientemente asesinado y cuarto el derechista Jan Topic, con 14,68%. La centroizquierda ecologista y representando a organizaciones ind\u00edgenas y campesinas, de Yaku P\u00e9rez sac\u00f3 el 3,9% (hab\u00eda sacado 19% en elecciones de hace dos a\u00f1os en febrero 2021).\u00a0<\/span><\/p>\n<p><span style=\"font-weight: 400;\">Adem\u00e1s de las elecciones presidenciales y legislativas anticipadas, tambi\u00e9n se llevaron a cabo consultas populares una sobre explotaci\u00f3n de petr\u00f3leo en el Parque Nacional Yasun\u00ed, que sali\u00f3 triunfante el SI dejar de explotar petr\u00f3leo con el 60% de votos. Y otro sobre el Choc\u00f3 Andino donde gan\u00f3 la opci\u00f3n de prohibir la miner\u00eda met\u00e1lica. Parad\u00f3jicamente, estas votaciones por preservar la naturaleza van totalmente en contra de las propuestas de los candidatos m\u00e1s votados y de los \u00faltimos gobiernos, incluyendo el de Correa que acord\u00f3 explotaci\u00f3n petrolera con empresa china en Yasuni.\u00a0<\/span><\/p>\n<p><span style=\"font-weight: 400;\">Yaku P\u00e9rez es el \u00fanico candidato que s\u00ed defendi\u00f3 esas propuestas que triunfaron, aunque la mayor\u00eda de los que vot\u00f3 por eso, no votaron por Yaku P\u00e9rez, mostrando la gran confusi\u00f3n pol\u00edtica. Yaku P\u00e9rez con su movimiento Somos Agua tuvo el apoyo electoral de Pachakuti la mayor organizaci\u00f3n pol\u00edtica ind\u00edgena del Ecuador. Pero lamentablemente tampoco el movimiento Somos Agua de Yaku P\u00e9rez tuvo una clara propuesta ante el conjunto de necesidades populares, contra las multinacionales, banqueros y oligarcas que saquean al pa\u00eds. Eso ayud\u00f3 a la confusi\u00f3n y a que muchos de los que lo votaron, de las bases del mismo movimiento campesino ind\u00edgena en el 2021, ahora votaron por Noboa o por los otros candidatos de derecha.\u00a0\u00a0<\/span><\/p>\n<p><b>La crisis continuada de Ecuador<\/b><\/p>\n<p><span style=\"font-weight: 400;\">Las recientes elecciones \u201canticipadas\u201d, fueron producto de la crisis pol\u00edtica que dej\u00f3 al borde de la ca\u00edda al gobierno derechista del banquero Lasso electo en febrero del 2021, capitalizando el voto anticorreista. Pero su gobierno al servicio de transnacionales y banca, profundiz\u00f3 enormemente la crisis econ\u00f3mica y social.\u00a0<\/span><\/p>\n<p><span style=\"font-weight: 400;\">En el 2022 hubo una rebeli\u00f3n popular conta Lasso y aunque no cay\u00f3 profundiz\u00f3 su crisis. Finalmente fue destituido por el Parlamento, donde estaba en minor\u00eda, y \u00e9l disolvi\u00f3 el Parlamento. Lo que dio lugar a estas elecciones anticipadas. Los candidatos electos s\u00f3lo durar\u00e1n un a\u00f1o y medio, en el 2025 habr\u00e1 nuevas elecciones.\u00a0<\/span><\/p>\n<p><span style=\"font-weight: 400;\">En estos a\u00f1os surgi\u00f3 un fen\u00f3meno nuevo en Ecuador que son las mafias del narcotr\u00e1fico (con transporte de coca\u00edna producida en Colombia y Per\u00fa), que emplea a miles de j\u00f3venes que no tienen ninguna salida laboral. Esto llev\u00f3 a una escalada de violencia, con centenares de muertos, incluidos un alcalde de una ciudad portuaria (de tr\u00e1nsito del narco) y un candidato presidencial.\u00a0<\/span><\/p>\n<p><span style=\"font-weight: 400;\">Desde 1997 que Ecuador vive en crisis econ\u00f3mica y con sucesivas rebeliones del pueblo trabajador e ind\u00edgena que derrocaron a varios gobiernos. En el 2000 se dolariz\u00f3 la econom\u00eda eliminando el sucre moneda nacional (la \u201csoluci\u00f3n\u201d que propone hoy Milei en Argentina). Esto profundiz\u00f3 la pobreza y la crisis. Esto dio lugar al gobierno de Rafael Correa, con mucho apoyo popular al principio, que dur\u00f3 del 2007 al 2017, pero como otros gobiernos de centroizquierda en Latinoam\u00e9rica, traicion\u00f3 las demandas populares y no hubo soluciones. Sigui\u00f3 con la dolarizaci\u00f3n e hizo negocio con transnacionales, entre ellas las petroleras chinas, que no trajeron progreso al pa\u00eds.\u00a0\u00a0<\/span><\/p>\n<p><span style=\"font-weight: 400;\">El sucesor de Correa, Lenin Moreno, de su mismo partido, rompi\u00f3 con Correa, pero hizo otro gobierno desastroso. Y tambi\u00e9n enfrent\u00f3 una rebeli\u00f3n popular en el 2019.<\/span><\/p>\n<p><strong>\u00bfY ahora?<\/strong><\/p>\n<p><span style=\"font-weight: 400;\">El resultado electoral confuso, indica que la crisis podr\u00eda profundizarse. La campa\u00f1a electoral no tom\u00f3 en cuenta las necesidades populares m\u00e1s urgentes. S\u00f3lo el tema de la inseguridad por las mafias del narcotr\u00e1fico s\u00ed se discuti\u00f3 con propuestas de la derecha de fortalecer a la polic\u00eda y al ej\u00e9rcito, e incluso imitar a Bukele de El Salvador, pero sin las soluciones econ\u00f3micas de fondo.\u00a0\u00a0<\/span><\/p>\n<p><span style=\"font-weight: 400;\">Ecuador, profundiz\u00f3 su crisis econ\u00f3mica bajo el gobierno de Lasso que acat\u00f3 los mandatos del FMI, con aumento de productos de primera necesidad, el impacto de la miner\u00eda saqueadora y contaminante del ambiente, en manos de las transnacionales, que est\u00e1 destruyendo bosques y fuentes de agua. Adem\u00e1s, aumento de la pobreza, abandono de la salud y la educaci\u00f3n, desocupaci\u00f3n, flexibilizaci\u00f3n e informalidad laboral, salarios m\u00edseros en un pa\u00eds que dej\u00f3 de tener moneda propia, y donde los precios y salarios son en d\u00f3lares.\u00a0<\/span><\/p>\n<p><span style=\"font-weight: 400;\">Cualquiera de los dos que gane las elecciones continuar\u00e1 con esa pol\u00edtica. Y podr\u00eda adem\u00e1s intentar una pol\u00edtica m\u00e1s represiva hacia el movimiento popular.<\/span><\/p>\n<p><span style=\"font-weight: 400;\">En las rebeliones del 2019 y 2021, adem\u00e1s de exigir la rebaja de combustibles, se reclamaba reducir los precios de los alimentos, no a la miner\u00eda saqueadora de las multinacionales que destruye la naturaleza (es decir cumplir y extender lo que se acaba de votar referente al Yasun\u00ed); no a la privatizaci\u00f3n de empresas estatales; moratoria de un a\u00f1o en el sistema financiero para que las familias paguen sus deudas; precios justos en los productos del campo; empleo y derechos laborales; no a la privatizaci\u00f3n de los sectores estrat\u00e9gicos; aumento urgente del presupuesto para salud y educaci\u00f3n; libre ingreso a universidades p\u00fablicas; no m\u00e1s endeudamiento; no al pago de la deuda externa. Tambi\u00e9n se reclama contra las leyes represivas. Estas demandas siguen vigentes. Y esto tiene que ir de la mano con expulsar a multinacionales que est\u00e1n saqueando y envenenando los r\u00edos y al pa\u00eds, nacionalizar la banca, terminar dolarizaci\u00f3n, romper con el FMI y controlar el comercio exterior por donde se fugan los capitales productos del saqueo del pa\u00eds.<\/span><\/p>\n<p><span style=\"font-weight: 400;\">Por supuesto esta lucha no puede avanzar votando por ninguno de los dos candidatos Luisa Gonz\u00e1lez o Daniel Noboa, ambos sirvientes de banqueros, grandes empresarios y multinacionales. Ni se puede creer en el nuevo Parlamento derechista y correista electo. Con toda raz\u00f3n, el movimiento Somos Agua, de Yaku P\u00e9rez, llama al voto en nulo en segunda vuelta.\u00a0\u00a0<\/span><\/p>\n<p><span style=\"font-weight: 400;\">Adem\u00e1s del voto nulo para las presidenciales con lo que coincidimos, hay que reconstruir toda la potencia del movimiento del pueblo trabajador ecuatoriano que en cada crisis puso en pie el llamado Parlamento de los Pueblos, con representantes de las organizaciones, campesinas, ind\u00edgenas, obreras, del magisterio, para unificar su lucha, sus demandas y buscar una salida de fondo al servicio del pueblo trabajador para el pa\u00eds.<\/span><\/p>\n","protected":false},"excerpt":{"rendered":"<p>Por Miguel Lamas, dirigente de la UIT-CI 24\/8\/2023. La candidata corre\u00edsta Luisa Gonz\u00e1lez obtuvo la mayor\u00eda de votos en la primera vuelta de las elecciones anticipadas alcanzando el 33,25% de los votos totales. La sorpresa la dio el candidato gran empresario Daniel Noboa, del Movimiento ADN de centroderecha, que obtuvo el segundo lugar con el [&hellip;]<\/p>\n","protected":false},"author":2,"featured_media":15358,"comment_status":"closed","ping_status":"closed","sticky":false,"template":"","format":"standard","meta":[],"categories":[70,308,35],"tags":[161,1672,158,157,1673,1671,1580],"_links":{"self":[{"href":"https:\/\/uit-ci.org\/index.php\/wp-json\/wp\/v2\/posts\/15357"}],"collection":[{"href":"https:\/\/uit-ci.org\/index.php\/wp-json\/wp\/v2\/posts"}],"about":[{"href":"https:\/\/uit-ci.org\/index.php\/wp-json\/wp\/v2\/types\/post"}],"author":[{"embeddable":true,"href":"https:\/\/uit-ci.org\/index.php\/wp-json\/wp\/v2\/users\/2"}],"replies":[{"embeddable":true,"href":"https:\/\/uit-ci.org\/index.php\/wp-json\/wp\/v2\/comments?post=15357"}],"version-history":[{"count":2,"href":"https:\/\/uit-ci.org\/index.php\/wp-json\/wp\/v2\/posts\/15357\/revisions"}],"predecessor-version":[{"id":15365,"href":"https:\/\/uit-ci.org\/index.php\/wp-json\/wp\/v2\/posts\/15357\/revisions\/15365"}],"wp:featuredmedia":[{"embeddable":true,"href":"https:\/\/uit-ci.org\/index.php\/wp-json\/wp\/v2\/media\/15358"}],"wp:attachment":[{"href":"https:\/\/uit-ci.org\/index.php\/wp-json\/wp\/v2\/media?parent=15357"}],"wp:term":[{"taxonomy":"category","embeddable":true,"href":"https:\/\/uit-ci.org\/index.php\/wp-json\/wp\/v2\/categories?post=15357"},{"taxonomy":"post_tag","embeddable":true,"href":"https:\/\/uit-ci.org\/index.php\/wp-json\/wp\/v2\/tags?post=15357"}],"curies":[{"name":"wp","href":"https:\/\/api.w.org\/{rel}","templated":true}]}}