{"id":15546,"date":"2023-09-19T19:45:19","date_gmt":"2023-09-19T19:45:19","guid":{"rendered":"http:\/\/uit-ci.org\/?p=15546"},"modified":"2023-09-19T19:45:19","modified_gmt":"2023-09-19T19:45:19","slug":"republica-dominicana-por-un-uso-compartido-justo-y-sostenible-del-rio-masacre","status":"publish","type":"post","link":"https:\/\/uit-ci.org\/index.php\/2023\/09\/19\/republica-dominicana-por-un-uso-compartido-justo-y-sostenible-del-rio-masacre\/","title":{"rendered":"Rep\u00fablica Dominicana: Por un uso compartido, justo y sostenible del R\u00edo Masacre"},"content":{"rendered":"<p>Por <strong>MST<\/strong>, secci\u00f3n de la UIT-CI de Rep\u00fablica Dominicana<\/p>\n<p><em>\u00a1No al cierre de la frontera que perjudica a ambos pueblos! \u00a1Reapertura de la frontera ya!<\/em><br \/>\n<em>\u00a1Por un uso compartido, justo y sostenible de los r\u00edos binacionales!<\/em><br \/>\n<em>\u00a1Por la defensa de los r\u00edos binacionales ante la depredaci\u00f3n capitalista! \u00a1Fuera Unigold y Barrick Gold de la frontera!<\/em><br \/>\n<em>\u00a1Contra la agitaci\u00f3n derechista a ambos lados de la frontera! \u00a1No a la xenofobia y el racismo, unidad obrera y popular!<\/em><br \/>\n<em>\u00a1Que la Mesa H\u00eddrica Binacional incluya a las organizaciones populares, obreras, campesinas y acad\u00e9micas!<\/em><\/p>\n<p>El 15 de septiembre, se inici\u00f3 la ejecuci\u00f3n de las medidas anunciadas en el\u00a0<a href=\"https:\/\/www.diariolibre.com\/actualidad\/politica\/2023\/09\/11\/en-vivo-presidente-abinader-en-la-semanal-con-la-prensa\/2458224\">ultim\u00e1tum\u00a0<\/a>del lunes 11 por parte del presidente Abinader, ante la construcci\u00f3n de un canal de riego en Hait\u00ed sobre el R\u00edo Dajab\u00f3n o Masacre, un r\u00edo binacional. Se cerr\u00f3 y militariz\u00f3 la frontera, se suspendi\u00f3 el otorgamiento de visas, se aplicaron sanciones individuales a ciudadanos haitianos y se anunciaron nuevas obras para captar agua del r\u00edo e impedir su aprovechamiento por parte de Hait\u00ed, en una actitud abiertamente violatoria del tratado binacional de 1929. Nos sumamos a las voces de ambientalistas, socialistas y religiosos que con dignidad, sensatez y valent\u00eda han llamado a deponer estas medidas agresivas y respetar el derecho del pueblo haitiano a acceder al agua de los r\u00edos binacionales, y a construir lazos de cooperaci\u00f3n y solidaridad para un uso racional y sostenible de un recurso amenazado en ambos lados de la frontera por el calentamiento global, la deforestaci\u00f3n, y la sobreexplotaci\u00f3n agroindustrial, ganadera y megaminera.<\/p>\n<figure id=\"attachment_15547\" aria-describedby=\"caption-attachment-15547\" style=\"width: 447px\" class=\"wp-caption aligncenter\"><img loading=\"lazy\" class=\" wp-image-15547\" src=\"http:\/\/uit-ci.org\/wp-content\/uploads\/2023\/09\/abinader-y-militares-anuncian-cierre-de-la-frontera-3552645251-e1694973793374-300x163.jpg\" alt=\"\" width=\"447\" height=\"243\" srcset=\"https:\/\/uit-ci.org\/wp-content\/uploads\/2023\/09\/abinader-y-militares-anuncian-cierre-de-la-frontera-3552645251-e1694973793374-300x163.jpg 300w, https:\/\/uit-ci.org\/wp-content\/uploads\/2023\/09\/abinader-y-militares-anuncian-cierre-de-la-frontera-3552645251-e1694973793374-768x418.jpg 768w, https:\/\/uit-ci.org\/wp-content\/uploads\/2023\/09\/abinader-y-militares-anuncian-cierre-de-la-frontera-3552645251-e1694973793374-600x327.jpg 600w, https:\/\/uit-ci.org\/wp-content\/uploads\/2023\/09\/abinader-y-militares-anuncian-cierre-de-la-frontera-3552645251-e1694973793374-750x409.jpg 750w, https:\/\/uit-ci.org\/wp-content\/uploads\/2023\/09\/abinader-y-militares-anuncian-cierre-de-la-frontera-3552645251-e1694973793374.jpg 780w\" sizes=\"(max-width: 447px) 100vw, 447px\" \/><figcaption id=\"caption-attachment-15547\" class=\"wp-caption-text\">Abinader anunciando el cierre de la frontera junto a militares<\/figcaption><\/figure>\n<p>Abinader anunci\u00f3 que construir\u00e1 la represa Don Miguel y reabrir\u00e1 la toma de agua de La Aduana, sustrayendo una cantidad importante de agua para reincorporarla al r\u00edo aguas abajo del canal haitiano. En su rueda de prensa del lunes, Abinader plante\u00f3 que como parte de sus retaliaciones construir\u00eda unilateralmente una represa sobre el r\u00edo Artibonito, que nace en Rep\u00fablica Dominicana pero es el principal r\u00edo de Hait\u00ed, y aclar\u00f3 que la represa Don Miguel no ser\u00eda para uso binacional sino exclusivamente dominicano.<\/p>\n<p>Las medidas del gobierno dominicano fueron precedidas por la movilizaci\u00f3n de militares y equipos de maquinaria pesada al lado dominicano de la frontera, lo cual gener\u00f3 a su vez una importante movilizaci\u00f3n popular del lado haitiano. Las medidas de Abinader demuestran que pretende negar sus derechos al pueblo haitiano a cualquier costo, incluso arruinando econ\u00f3micamente a las comunidades fronterizas dominicanas con el cierre de la frontera. Lo rechazamos y exigimos reconocer la igualdad de derechos entre ambos pueblos.<\/p>\n<figure id=\"attachment_15553\" aria-describedby=\"caption-attachment-15553\" style=\"width: 384px\" class=\"wp-caption aligncenter\"><img loading=\"lazy\" class=\" wp-image-15553\" src=\"http:\/\/uit-ci.org\/wp-content\/uploads\/2023\/09\/canal-en-ouanaminthe-300x193.png\" alt=\"\" width=\"384\" height=\"247\" srcset=\"https:\/\/uit-ci.org\/wp-content\/uploads\/2023\/09\/canal-en-ouanaminthe-300x193.png 300w, https:\/\/uit-ci.org\/wp-content\/uploads\/2023\/09\/canal-en-ouanaminthe-768x495.png 768w, https:\/\/uit-ci.org\/wp-content\/uploads\/2023\/09\/canal-en-ouanaminthe-600x386.png 600w, https:\/\/uit-ci.org\/wp-content\/uploads\/2023\/09\/canal-en-ouanaminthe-750x483.png 750w, https:\/\/uit-ci.org\/wp-content\/uploads\/2023\/09\/canal-en-ouanaminthe.png 823w\" sizes=\"(max-width: 384px) 100vw, 384px\" \/><figcaption id=\"caption-attachment-15553\" class=\"wp-caption-text\">Foto: Pierre Michel Jean<\/figcaption><\/figure>\n<p><strong>El tratado de 1929 respalda el derecho a acceder al agua de los r\u00edos binacionales<\/strong><\/p>\n<p>El gobierno dominicano interpreta el\u00a0<a href=\"https:\/\/original-ufdc.uflib.ufl.edu\/AA00001325\/00001\/2x\">Tratado de Paz y Amistad Perpetua y Arbitraje<\/a>\u00a0de febrero 1929 como si le otorgara un derecho a veto sobre cualquier proyecto haitiano de aprovechamiento de los r\u00edos binacionales. Esa interpretaci\u00f3n se descarta en el propio texto del tratado. En su art\u00edculo 10 se establece que los dos Estados se comprometen a \u201cno hacer ni consentir ninguna obra susceptible de mudar la corriente\u201d de los cursos de agua ni modificar \u201cel producto de sus fuentes\u201d. El mismo art\u00edculo reza: \u201cEsta disposici\u00f3n\u00a0<strong>no se podr\u00e1 interpretar<\/strong>\u00a0en el sentido de privar a ninguno de los dos Estados del derecho de usar, de una manera justa y equitativa, dentro de los l\u00edmites de sus territorios respectivos, dichos r\u00edos y otros cursos de agua para el riego de las tierras y otros fines agr\u00edcolas e industriales\u201d (resaltado nuestro). El tratado no se puede interpretar como lo hace Abinader. El art\u00edculo 3 establece un mecanismo para resolver diferencias, que no es la aplicaci\u00f3n de cierres de fronteras o castigos colectivos, como pretende Abinader, sino el arbitraje, luego de agotada la v\u00eda diplom\u00e1tica. Ese art\u00edculo tambi\u00e9n est\u00e1 siendo violado por Abinader.<\/p>\n<p>Abinader lanz\u00f3 su ultim\u00e1tum antes de las negociaciones diplom\u00e1ticas, que se realizaron los d\u00edas mi\u00e9rcoles 13 y jueves 14. Tanto el ultim\u00e1tum como las negociaciones echan por tierra el falso argumento de que el gobierno haitiano desautoriza la obra pero que no ejerce control sobre ese territorio. Si esa afirmaci\u00f3n fuera cierta, \u00bfa qui\u00e9n dirigi\u00f3 Abinader su ultim\u00e1tum, a qui\u00e9n pretende presionar con las sanciones y con qui\u00e9n estuvo negociando los d\u00edas 13 y 14? Abinader admiti\u00f3 que el canal fue dise\u00f1ado por\u00a0<a href=\"https:\/\/www.dinvai.cu\/\">DINVAI<\/a>, una empresa estatal cubana, en el a\u00f1o 2011. Seg\u00fan Olgo Fern\u00e1ndez, ex director del INDRHI, hubo solicitudes haitianas de un visto bueno por parte del gobierno dominicano para la obra en\u00a0<a href=\"https:\/\/www.elcaribe.com.do\/panorama\/pais\/danilo-medina-nego-tres-veces-a-haiti-el-desvio-del-rio-masacre\/\">2013, 2015 y 2017<\/a>. Las tres veces el gobierno dominicano las rechaz\u00f3, pese a tener del lado dominicano\u00a0<a href=\"http:\/\/www.espacinsular.org\/index.php\/reportajes\/10263-p-osvaldo-concepcion-chocolate-sj-toda-esta-situacion-con-haiti-es-una-bomba-de-humo-para-ocultar-el-verdadero-dilema-desean-cambiarnos-espejitos-por-oro\">once tomas de agua<\/a>. Esta evidente injusticia ha sido se\u00f1alada por sectores del Servicio Jesuita en Rep\u00fablica Dominicana, que han llamado al gobierno dominicano a reconocer que se trata de recursos binacionales y que deben ser\u00a0<a href=\"https:\/\/www.diariolibre.com\/actualidad\/nacional\/2023\/09\/13\/padres-haitianos-tienen-derecho-construir-canal-rio-masacre\/2460501\">compartidos<\/a>. Adem\u00e1s, en una carta del canciller Roberto \u00c1lvarez de julio de 2021 a su hom\u00f3logo haitiano, el Estado dominicano reconoce que cre\u00f3 las numerosas tomas de agua dominicanas sobre el r\u00edo Masacre de manera inconsulta.<\/p>\n<p>Como es sabido, en los \u00faltimos tres a\u00f1os el gobierno de Abinader ha exigido en la ONU y la OEA\u00a0<a href=\"https:\/\/b879be244561.diariolibre.com\/actualidad\/nacional\/2022\/09\/26\/rd-insiste-ante-consejo-de-seguridad-por-crisis-en-haiti\/2089240\">la invasi\u00f3n y ocupaci\u00f3n militar extranjera contra Hait\u00ed<\/a>, y al insistir en que el conflicto no es con el Estado haitiano sino con particulares, instrumentaliza el conflicto por el canal de riego para continuar exigiendo la intervenci\u00f3n militar imperialista.<\/p>\n<p><strong>El gobierno de Abinader admiti\u00f3 que el canal de riego haitiano no desviaba el r\u00edo en 2021<\/strong><\/p>\n<p>En mayo de 2021,\u00a0<a href=\"https:\/\/www.diariolibre.com\/actualidad\/ciudad\/reporte-afirma-que-extraccion-haitiana-del-masacre-estaria-por-debajo-de-las-dominicanas-EE26556367\">el INDRHI emiti\u00f3 un informe<\/a>, rese\u00f1ado en la prensa dominicana, en el que reconoci\u00f3 que el canal haitiano demandar\u00eda 1,5 metros c\u00fabicos de agua por segundo, \u201cpor debajo de las extracciones que se hacen del lado dominicano\u201d, agregando que casi el 70% \u201cde los terrenos agr\u00edcolas en suelo dominicano, tienen sus obras de toma localizadas aguas arriba del punto de derivaci\u00f3n proyectado para el canal\u201d, y no ser\u00edan afectados. Sobre esa caracterizaci\u00f3n t\u00e9cnica, el gobierno dominicano firm\u00f3 el 27 de mayo la\u00a0<a href=\"https:\/\/www.diariolibre.com\/actualidad\/nacional\/2023\/09\/13\/crisis-por-el-rio-masacre-gobierno-firmo-declaracion\/2460020\">declaraci\u00f3n binacional<\/a>\u00a0en la que reconoci\u00f3 que \u201cla obra iniciada en el r\u00edo Dajab\u00f3n o Masacre para la captaci\u00f3n de agua no consiste en un desv\u00edo del cauce del r\u00edo\u201d. En la declaraci\u00f3n se acord\u00f3 conformar una Mesa H\u00eddrica Binacional para elaborar un protocolo t\u00e9cnico para el manejo coordinado de todas las cuencas hidrogr\u00e1ficas transfronterizas y garantizar la gesti\u00f3n de los recursos de manera conjunta, convocando la asistencia t\u00e9cnica internacional. No se acord\u00f3 en esa declaraci\u00f3n conjunta detener la construcci\u00f3n del canal.<\/p>\n<p>\u00bfPor qu\u00e9 el gobierno de Abinader dio un giro de 180 grados sobre el tema y ahora habla de un supuesto desv\u00edo del r\u00edo si esto fue desmentido por el INDRHI? Sectores neotrujillistas y de extrema derecha criticaron al gobierno en 2021 por aceptar que el Estado haitiano derivara agua de ese r\u00edo binacional. Ante las cr\u00edticas de esos sectores, Abinader adapt\u00f3 su discurso y su pol\u00edtica. A fines de mayo de 2021, minimiz\u00f3 lo acordado en la declaraci\u00f3n binacional, alegando que lo \u00fanico pactado era la conformaci\u00f3n de una\u00a0<a href=\"https:\/\/www.diariolibre.com\/actualidad\/politica\/abinader-sobre-canal-en-rio-masacre-lo-unico-que-se-aprobo-en-esa-comision-fue-crear-una-mesa-tecnica-PH26567679\">comisi\u00f3n t\u00e9cnica<\/a>. Abinader pas\u00f3 a una posici\u00f3n agresiva, exigiendo que se\u00a0<a href=\"https:\/\/hoy.com.do\/luis-abinader-advierte-gobierno-respondera-si-haiti-no-detiene-canal-en-rio-masacre\/\">detuvieran los trabajos en el canal de manera unilateral<\/a>\u00a0e incondicional, violando la letra y el esp\u00edritu del tratado de 1929. De esa manera se boicote\u00f3 la mesa t\u00e9cnica, que en consecuencia nunca se reuni\u00f3.<\/p>\n<figure id=\"attachment_15559\" aria-describedby=\"caption-attachment-15559\" style=\"width: 402px\" class=\"wp-caption aligncenter\"><img loading=\"lazy\" class=\" wp-image-15559\" src=\"http:\/\/uit-ci.org\/wp-content\/uploads\/2023\/09\/militares-hacia-la-frontera-300x179.png\" alt=\"\" width=\"402\" height=\"240\" srcset=\"https:\/\/uit-ci.org\/wp-content\/uploads\/2023\/09\/militares-hacia-la-frontera-300x179.png 300w, https:\/\/uit-ci.org\/wp-content\/uploads\/2023\/09\/militares-hacia-la-frontera-768x457.png 768w, https:\/\/uit-ci.org\/wp-content\/uploads\/2023\/09\/militares-hacia-la-frontera-600x357.png 600w, https:\/\/uit-ci.org\/wp-content\/uploads\/2023\/09\/militares-hacia-la-frontera-750x447.png 750w, https:\/\/uit-ci.org\/wp-content\/uploads\/2023\/09\/militares-hacia-la-frontera.png 912w\" sizes=\"(max-width: 402px) 100vw, 402px\" \/><figcaption id=\"caption-attachment-15559\" class=\"wp-caption-text\">Foto: Gordy Reyes, movilizaci\u00f3n de tropas el 15 de septiembre<\/figcaption><\/figure>\n<p><strong>Contra la agitaci\u00f3n derechista y el saqueo megaminero, solidaridad entre los pueblos<\/strong><\/p>\n<p>Rechazamos el clima de histeria derechista que amenaza con imponerse en la discusi\u00f3n p\u00fablica dominicana, bajo las arengas demag\u00f3gicas de un presidente que pretende reelegirse apelando a los m\u00e1s bajos sentimientos xen\u00f3fobos y racistas, al estilo de Trump y Bolsonaro. La tensi\u00f3n fronteriza ha sido antecedida por tres a\u00f1os de\u00a0<a href=\"https:\/\/mst-rd.org\/2022\/11\/14\/repudiamos-la-campana-de-deportaciones-masivas-y-el-decreto-668-22-del-presidente-abinader\/\">violencia racista<\/a>\u00a0contra los trabajadores inmigrantes haitianos, incluyendo\u00a0<a href=\"https:\/\/mst-rd.org\/2023\/07\/15\/la-politica-migratoria-racista-de-abinader-viola-las-leyes-y-la-constitucion\/\">deportaciones masivas y detenciones arbitrarias<\/a>\u00a0de mujeres embarazadas e infantes no acompa\u00f1ados, entre otros graves cr\u00edmenes, con el silencio c\u00f3mplice de los gobiernos de facto de Jovenel Mo\u00efse y Ariel Henry.<\/p>\n<p>Un ejemplo reciente de esta violencia sistem\u00e1tica antihaitiana ha sido la conformaci\u00f3n de\u00a0<a href=\"https:\/\/eldia.com.do\/alcalde-de-dajabon-propone-escuadron-de-voluntarios-para-enfrentar-delincuentes-haitianos\/\">grupos paramilitares<\/a>\u00a0en Dajab\u00f3n, encabezados por el alcalde Santiago River\u00f3n, del mismo partido de Abinader, y la expulsi\u00f3n de numerosos trabajadores haitianos y sus familias de sus viviendas en esa zona, incluso el retiro de ni\u00f1os haitianos de las escuelas bajo\u00a0<a href=\"https:\/\/www.diariolibre.com\/actualidad\/nacional\/2023\/09\/06\/evacuan-estudiantes-haitianos-de-escuela-en-dajabon\/2453421\">amenazas de muerte<\/a>\u00a0de bandas neofascistas que operan con apoyo oficial. Todo ello luego de que un grupo de criminales asesinara a cuatro personas en una localidad rural fronteriza. Aunque las autoridades y la prensa inicialmente dijeron que el crimen hab\u00eda sido perpetrado por una \u201cbanda haitiana\u201d, posteriormente la Polic\u00eda Nacional admiti\u00f3 que\u00a0<a href=\"https:\/\/www.diariolibre.com\/actualidad\/sucesos\/2023\/09\/06\/cuadruple-crimen-de-dajabondominicano-era-lider-de-banda\/2453205\">el l\u00edder del grupo delictivo era un ciudadano dominicano<\/a>, David Cruz Jim\u00e9nez. Tambi\u00e9n recordamos y rechazamos los\u00a0<a href=\"https:\/\/www.diariolibre.com\/actualidad\/nacional\/2023\/06\/28\/piden-indemnizacion-por-muertes-de-empleados-de-codevi\/2388670\">brutales eventos represivos en el complejo industrial Codevi<\/a>\u00a0que han cobrado la vida de varios trabajadores haitianos en los \u00faltimos meses. Aunque marginados y perseguidos, siempre ha habido sectores del pueblo dominicano que han rechazado esas pol\u00edticas racistas y represivas,\u00a0<a href=\"https:\/\/mst-rd.org\/2023\/09\/15\/no-al-cierre-de-la-frontera-exigimos-un-dialogo-binacional-sobre-la-base-del-respeto-y-la-igualdad\/\">solidariz\u00e1ndose\u00a0<\/a>con sus hermanos de clase haitianos.<\/p>\n<p>Ni el gobierno de facto de Ariel Henry representa al pueblo haitiano ni la derecha neotrujillista representa al pueblo dominicano. Aunque se disfracen de nacionalistas, nunca olvidaremos que la derecha dominicana apoy\u00f3 la invasi\u00f3n y ocupaci\u00f3n estadounidense de 1965 y en el caso de la derecha haitiana apoy\u00f3 la ocupaci\u00f3n militar de la MINUSTAH entre 2004 y 2017. Ante los intentos de las dos burgues\u00edas serviles al imperialismo de dividir y enfrentar a la clase trabajadora de ambos pa\u00edses, llamamos a no caer en sus manipulaciones. Debemos fortalecer m\u00e1s que nunca los lazos de solidaridad entre nuestros pueblos, pues ambos sufren ya los efectos negativos del cierre de la frontera. Ambos pueblos tienen derecho a la autodeterminaci\u00f3n y al uso de los recursos necesarios para su vida. Luchemos juntos para que finalmente prevalezcan criterios cient\u00edficos y de justicia en el manejo de los r\u00edos binacionales, para lograr un aprovechamiento del agua en base a la cooperaci\u00f3n y de manera sostenible ambientalmente.<\/p>\n<p>El pueblo haitiano movilizado debe garantizar que el nuevo canal en no sea privatizado, sino que realmente sea de provecho colectivo, y el pueblo dominicano debe resistir a los intentos del gobierno de Abinader de imponer una nueva ley del agua privatizadora, de la mano de la empresa israel\u00ed Mekorot, y entregar amplios territorios fronterizos a empresas megamineras que consumen y contaminan enormes cantidades de agua, much\u00edsimo mayores a las que aprovechar\u00eda el canal haitiano en el centro de la disputa.<\/p>\n<p>En plena crisis ambiental y clim\u00e1tica mundial, los dos pa\u00edses de la isla son muy vulnerables a eventos extremos como sequ\u00edas e inundaciones. Por ello es necesario aunar esfuerzos por la preservaci\u00f3n de las cuencas de los r\u00edos, reforestarlas, e impedir que avancen los planes criminales del gobierno dominicano de profundizar la megaminer\u00eda al servicio de capitales imperialistas canadienses. El gobierno de Abinader entreg\u00f3 en marzo de 2023 a la empresa Unigold una\u00a0<a href=\"https:\/\/www.miningstockeducation.com\/2023\/07\/unigold-inc-and-barrick-gold-corporation-enter-into-an-exploration-earn-in-agreement-on-the-neita-norte-concession-dominican-republic\/\">concesi\u00f3n de explotaci\u00f3n de oro\u00a0<\/a>en el municipio fronterizo Restauraci\u00f3n, en la provincia de Dajab\u00f3n, que afectar\u00eda no solo los r\u00edos dominicanos sino tambi\u00e9n a los r\u00edos binacionales como el Artibonito y el propio R\u00edo Masacre. Unigold se asoci\u00f3 a la tambi\u00e9n canadiense Barrick Gold para explotar la concesi\u00f3n Neita Norte, de m\u00e1s de diez mil hect\u00e1reas, y est\u00e1 en tr\u00e1mites para obtener otra concesi\u00f3n, Neita Sur, de m\u00e1s de nueve mil hect\u00e1reas.<\/p>\n<p>La derecha dominicana pseudonacionalista, mientras agita el antihaitianismo, apoya el entreguismo de Abinader y el saqueo megaminero. Es necesaria la alianza isle\u00f1a obrera, campesina y comunitaria para resistir ante estos planes de saqueo y destrucci\u00f3n ambiental, pues ambos pueblos tienen enemigos comunes.<\/p>\n<p>Por eso decimos:<br \/>\n<strong>\u00a1No al cierre de la frontera que perjudica a ambos pueblos! \u00a1Reapertura de la frontera ya!<\/strong><br \/>\n<strong>\u00a1Por un uso compartido, justo y sostenible de los r\u00edos binacionales!<\/strong><br \/>\n<strong>\u00a1Por la defensa de los r\u00edos binacionales ante la depredaci\u00f3n capitalista! \u00a1Fuera Unigold y Barrick Gold de la frontera!<\/strong><br \/>\n<strong>\u00a1Contra la agitaci\u00f3n derechista a ambos lados de la frontera! \u00a1No a la xenofobia y el racismo, unidad obrera y popular!<\/strong><br \/>\n<strong>\u00a1Que la Mesa H\u00eddrica Binacional incorpore a las organizaciones populares, obreras, campesinas y acad\u00e9micas!<\/strong><\/p>\n","protected":false},"excerpt":{"rendered":"<p>Por MST, secci\u00f3n de la UIT-CI de Rep\u00fablica Dominicana \u00a1No al cierre de la frontera que perjudica a ambos pueblos! \u00a1Reapertura de la frontera ya! \u00a1Por un uso compartido, justo y sostenible de los r\u00edos binacionales! \u00a1Por la defensa de los r\u00edos binacionales ante la depredaci\u00f3n capitalista! \u00a1Fuera Unigold y Barrick Gold de la frontera! [&hellip;]<\/p>\n","protected":false},"author":2,"featured_media":15565,"comment_status":"closed","ping_status":"closed","sticky":false,"template":"","format":"standard","meta":[],"categories":[35,69],"tags":[173,1696,1148,862,1698,1193,180,1697],"_links":{"self":[{"href":"https:\/\/uit-ci.org\/index.php\/wp-json\/wp\/v2\/posts\/15546"}],"collection":[{"href":"https:\/\/uit-ci.org\/index.php\/wp-json\/wp\/v2\/posts"}],"about":[{"href":"https:\/\/uit-ci.org\/index.php\/wp-json\/wp\/v2\/types\/post"}],"author":[{"embeddable":true,"href":"https:\/\/uit-ci.org\/index.php\/wp-json\/wp\/v2\/users\/2"}],"replies":[{"embeddable":true,"href":"https:\/\/uit-ci.org\/index.php\/wp-json\/wp\/v2\/comments?post=15546"}],"version-history":[{"count":1,"href":"https:\/\/uit-ci.org\/index.php\/wp-json\/wp\/v2\/posts\/15546\/revisions"}],"predecessor-version":[{"id":15571,"href":"https:\/\/uit-ci.org\/index.php\/wp-json\/wp\/v2\/posts\/15546\/revisions\/15571"}],"wp:featuredmedia":[{"embeddable":true,"href":"https:\/\/uit-ci.org\/index.php\/wp-json\/wp\/v2\/media\/15565"}],"wp:attachment":[{"href":"https:\/\/uit-ci.org\/index.php\/wp-json\/wp\/v2\/media?parent=15546"}],"wp:term":[{"taxonomy":"category","embeddable":true,"href":"https:\/\/uit-ci.org\/index.php\/wp-json\/wp\/v2\/categories?post=15546"},{"taxonomy":"post_tag","embeddable":true,"href":"https:\/\/uit-ci.org\/index.php\/wp-json\/wp\/v2\/tags?post=15546"}],"curies":[{"name":"wp","href":"https:\/\/api.w.org\/{rel}","templated":true}]}}