{"id":15622,"date":"2023-09-25T13:40:55","date_gmt":"2023-09-25T13:40:55","guid":{"rendered":"http:\/\/uit-ci.org\/?p=15622"},"modified":"2023-10-09T14:00:35","modified_gmt":"2023-10-09T14:00:35","slug":"portugal-nuevo-ciclo-viejos-problemas-que-alternativa","status":"publish","type":"post","link":"https:\/\/uit-ci.org\/index.php\/2023\/09\/25\/portugal-nuevo-ciclo-viejos-problemas-que-alternativa\/","title":{"rendered":"Portugal: Nuevo ciclo, viejos problemas: \u00bfqu\u00e9 alternativa?"},"content":{"rendered":"<p>Por <strong>Prensa UIT-CI<\/strong> &#8211; Reproducimos editorial\u00a0del Movimiento Alternativa Socialista (MAS) de Portugal<\/p>\n<p>El aumento insoportable del coste de la vida, la crisis habitacional y el deterioro de los servicios p\u00fablicos son las tres principales dificultades a las que nos enfrentamos y que es urgente dar respuesta.<\/p>\n<p>19\/9\/2023<em>. Editorial del Movimiento Alternativa Socialista (MAS) de Portugal &#8211; <\/em><em>emdefesadomas.net<\/em><\/p>\n<p>En el calendario pol\u00edtico, septiembre es el mes de los regresos por excelencia. Este mes o\u00edmos a los partidos presentar sus prioridades para un supuesto \u00abnuevo ciclo pol\u00edtico\u00bb. Pero lo que m\u00e1s ha caracterizado este regreso es la continuaci\u00f3n de los viejos problemas que ya sent\u00edamos antes del verano y que se han ido agravando en los \u00faltimos a\u00f1os.<\/p>\n<p>El insoportable encarecimiento de la vida, la crisis de la vivienda y la degradaci\u00f3n de los servicios p\u00fablicos son las tres principales dificultades a las que nos enfrentamos y a las que urge dar respuesta, lo que hace cada vez m\u00e1s necesaria la acci\u00f3n coordinada, combativa y democr\u00e1tica de las organizaciones de la clase trabajadora, ya sean partidos, sindicatos, asociaciones de vecinos u otras. As\u00ed, las luchas surgidas en diferentes sectores p\u00fablicos se\u00f1alan, a pesar de las carencias que debemos y podemos superar, el camino que debemos seguir, como es el caso de las huelgas y protestas en los sectores de la educaci\u00f3n, la sanidad y la justicia.<\/p>\n<p>La realidad es que, entre los caramelos que Costa lanza al aire para intentar atraer a los j\u00f3venes distra\u00eddos, el gobierno del PS no se cansa de presentar propuestas que no solucionan nada y que, a menudo, consiguen incluso agravar los problemas que llevan a los trabajadores y a los j\u00f3venes a organizarse para luchar. Ejemplos de ello son el programa \u00abM\u00e1s Vivienda\u00bb, que promete m\u00e1s subvenciones y exenciones fiscales para la especulaci\u00f3n mientras facilita los desalojos, la \u00abgran reforma del SNS\u00bb, que no es m\u00e1s que la continuaci\u00f3n de su privatizaci\u00f3n, y los cambios en las oposiciones para la contrataci\u00f3n de profesores, tan eficaces que han provocado el inicio del curso escolar con un n\u00famero aterrador de clases sin profesor para una o varias asignaturas.<\/p>\n<p>A pesar del desgaste que ha sufrido el gobierno del PS durante el \u00faltimo a\u00f1o, la oposici\u00f3n de la derecha no consigue salir de su crisis, ya que el programa de desinversi\u00f3n en los servicios p\u00fablicos y de precariedad generalizada, presentado en las medidas de partidos como PSD, Iniciativa Liberal y Chega, no tiene nada diferente que ofrecer. En la izquierda, seguimos teniendo un vac\u00edo de oposici\u00f3n, ya que el Bloque de Izquierda, el PCP y Livre, fieles a su papel de buenos consejeros del PS, insisten en que el problema es s\u00f3lo la \u00abmayor\u00eda absoluta\u00bb, como si el aumento de los alquileres y la degradaci\u00f3n de los servicios p\u00fablicos hubieran empezado hace un a\u00f1o y no fueran ya un problema creciente bajo Geringon\u00e7a.<\/p>\n<p>Todos estos problemas requieren soluciones de fondo que resuelvan la gran contradicci\u00f3n entre el discurso del gobierno sobre la recuperaci\u00f3n econ\u00f3mica y la ca\u00edda en picado de la calidad de vida de los trabajadores y los j\u00f3venes. Para ello, es imprescindible organizar la lucha sindical y social de forma democr\u00e1tica, combativa y consecuente y construir una alternativa pol\u00edtica a este gobierno, que sigue aplicando el mismo proyecto liberal de derecha, ayudando a las grandes empresas a concentrar beneficios millonarios a costa de nuestro empobrecimiento, as\u00ed como a la izquierda parlamentaria, que insiste en atarse al mismo gobierno. El MAS est\u00e1, como siempre, al servicio de estas dos grandes tareas e invita a todos los que se ven en ellas a unirse a nuestras filas.<\/p>\n<p>&nbsp;<\/p>\n<p>El MAS defiende\u2026<\/p>\n<p><strong>Para hacer frente al aumento del costo de vida:<\/strong><\/p>\n<p>Salario m\u00ednimo nacional de 1.000 euros y aumento de las pensiones<\/p>\n<p>Fijaci\u00f3n de precios para los productos de primera necesidad y precios de los combustibles<\/p>\n<p>Actualizaci\u00f3n trimestral de salarios y pensiones, por encima de la inflaci\u00f3n<\/p>\n<p>Fin de las empresas de trabajo temporal y la subcontrataci\u00f3n<\/p>\n<p>Semana laboral de 35 horas, sin p\u00e9rdida de salario<\/p>\n<p>Impuesto sobre los beneficios extraordinarios de los grandes grupos econ\u00f3micos<\/p>\n<p><strong>Para resolver la crisis habitacional:<\/strong><\/p>\n<p>Control del precio de los alquileres y de las tasas de inter\u00e9s<\/p>\n<p>Prohibici\u00f3n de los desalojos<\/p>\n<p>Un impuesto adicional sobre las propiedades deshabitadas y el fin de la exenci\u00f3n del IMI para las propiedades de los bancos<\/p>\n<p>Ampliaci\u00f3n del parque p\u00fablico de viviendas, mediante la rehabilitaci\u00f3n de edificios estatales y la nacionalizaci\u00f3n de inmuebles vac\u00edos en zonas de presi\u00f3n urban\u00edstica.<\/p>\n<p><strong>Para garantizar el acceso universal a servicios p\u00fablicos de calidad:<\/strong><\/p>\n<p>Reforzar los recursos materiales y humanos del SNS y de las escuelas p\u00fablicas.<\/p>\n<p>Ampliar y hacer gratuita la red de transporte p\u00fablico, especialmente el ferrocarril.<\/p>\n<p>Crear una red p\u00fablica de guarder\u00edas, residencias, lavander\u00edas y comedores.<\/p>\n<p>Nacionalizaci\u00f3n del sector energ\u00e9tico<\/p>\n<p>Control p\u00fablico del agua y mejora de la red de distribuci\u00f3n<\/p>\n<p>&nbsp;<\/p>\n<p><strong>19\/9\/2023 emdefesadomas.net<\/strong><\/p>\n","protected":false},"excerpt":{"rendered":"<p>Por Prensa UIT-CI &#8211; Reproducimos editorial\u00a0del Movimiento Alternativa Socialista (MAS) de Portugal El aumento insoportable del coste de la vida, la crisis habitacional y el deterioro de los servicios p\u00fablicos son las tres principales dificultades a las que nos enfrentamos y que es urgente dar respuesta. 19\/9\/2023. Editorial del Movimiento Alternativa Socialista (MAS) de Portugal [&hellip;]<\/p>\n","protected":false},"author":2,"featured_media":15628,"comment_status":"closed","ping_status":"closed","sticky":false,"template":"","format":"standard","meta":[],"categories":[60,57],"tags":[232,1704,930,743,933,651,354,533,1706,708,222,1705],"_links":{"self":[{"href":"https:\/\/uit-ci.org\/index.php\/wp-json\/wp\/v2\/posts\/15622"}],"collection":[{"href":"https:\/\/uit-ci.org\/index.php\/wp-json\/wp\/v2\/posts"}],"about":[{"href":"https:\/\/uit-ci.org\/index.php\/wp-json\/wp\/v2\/types\/post"}],"author":[{"embeddable":true,"href":"https:\/\/uit-ci.org\/index.php\/wp-json\/wp\/v2\/users\/2"}],"replies":[{"embeddable":true,"href":"https:\/\/uit-ci.org\/index.php\/wp-json\/wp\/v2\/comments?post=15622"}],"version-history":[{"count":1,"href":"https:\/\/uit-ci.org\/index.php\/wp-json\/wp\/v2\/posts\/15622\/revisions"}],"predecessor-version":[{"id":15634,"href":"https:\/\/uit-ci.org\/index.php\/wp-json\/wp\/v2\/posts\/15622\/revisions\/15634"}],"wp:featuredmedia":[{"embeddable":true,"href":"https:\/\/uit-ci.org\/index.php\/wp-json\/wp\/v2\/media\/15628"}],"wp:attachment":[{"href":"https:\/\/uit-ci.org\/index.php\/wp-json\/wp\/v2\/media?parent=15622"}],"wp:term":[{"taxonomy":"category","embeddable":true,"href":"https:\/\/uit-ci.org\/index.php\/wp-json\/wp\/v2\/categories?post=15622"},{"taxonomy":"post_tag","embeddable":true,"href":"https:\/\/uit-ci.org\/index.php\/wp-json\/wp\/v2\/tags?post=15622"}],"curies":[{"name":"wp","href":"https:\/\/api.w.org\/{rel}","templated":true}]}}