{"id":1586,"date":"2017-02-23T21:16:10","date_gmt":"2017-02-23T21:16:10","guid":{"rendered":"http:\/\/uit-ci.org\/index.php\/2017\/02\/23\/solidaridad-con-theo-el-joven-frances-de-aulnay-sous-bois\/"},"modified":"2017-02-23T21:16:10","modified_gmt":"2017-02-23T21:16:10","slug":"solidaridad-con-theo-el-joven-frances-de-aulnay-sous-bois","status":"publish","type":"post","link":"https:\/\/uit-ci.org\/index.php\/2017\/02\/23\/solidaridad-con-theo-el-joven-frances-de-aulnay-sous-bois\/","title":{"rendered":"Solidaridad con Theo, el joven franc\u00e9s de Aulnay-sous-Bois"},"content":{"rendered":"<p><img loading=\"lazy\" class=\" alignleft size-full wp-image-1585\" src=\"http:\/\/uit-ci.org\/wp-content\/uploads\/2017\/02\/francia-protesta-policia-theo.jpg\" width=\"240\" height=\"148\" alt=\"La UIT-CI condena el ataque racista de la polic\u00eda francesa contra el joven Theo, que fue torturado y gravemente herido. Exigimos justicia contra los responsables.\" style=\"margin-right: 5px; float: left;\" srcset=\"https:\/\/uit-ci.org\/wp-content\/uploads\/2017\/02\/francia-protesta-policia-theo.jpg 600w, https:\/\/uit-ci.org\/wp-content\/uploads\/2017\/02\/francia-protesta-policia-theo-300x185.jpg 300w\" sizes=\"(max-width: 240px) 100vw, 240px\" \/>La UIT-CI condena el ataque racista de la polic\u00eda francesa contra el joven Theo, que fue torturado y gravemente herido. Exigimos justicia contra los responsables.<\/p>\n<p>No es un hecho casual. Hay numerosos casos de agresiones policiales en Francia, como se repite en otros pa\u00edses como los Estados Unidos. Bajo el pretexto de la llamada pol\u00edtica antiterrorista y de seguridad, los estados imponen un retroceso de las libertades democr\u00e1ticas y se da carta libre, al racismo y la represi\u00f3n, a la impunidad policial y a la vez se crea un caldo de cultivo para la extrema derecha.<\/p>\n<p>  <!--more-->  <\/p>\n<p>El Gobierno Hollande mantiene por m\u00e1s de un a\u00f1o el estado de emergencia en Francia. En ese periodo no s\u00f3lo se ha reprimido cotidianamente a los j\u00f3venes en los barrios populares, sino que tambi\u00e9n se han utilizado las medidas de excepci\u00f3n para reprimir la protesta obrera y popular. El estado de emergencia est\u00e1 al servicio de hacer pasar los planes de ajuste contra los y las trabajadoras. M\u00e1s de 1700 sindicalistas han sido objeto de la represi\u00f3n sindical.<\/p>\n<p>En los barrios populares las condiciones de pobreza y desempleo niegan el futuro a la juventud. Pero la respuesta del gobierno no son planes de ocupaci\u00f3n, no es ayudar a la vivienda, no son una mejor escuela y sanidad p\u00fablica, sino m\u00e1s polic\u00eda, racismo y m\u00e1s represi\u00f3n. El ataque a Theo es un ataque a todos y todas las j\u00f3venes, contra toda la clase obrera y sectores populares. La respuesta debe ser unida y decidida.<\/p>\n<p>Como respuesta a la agresi\u00f3n a Theo se organizaron grandes movilizaciones en Aulnay-sous-Bois y r\u00e1pidamente se extendieron por todo el pa\u00eds. Es responsabilidad de los partidos de izquierda, de los sindicatos, de las asociaciones de defensa de los derechos humanos exigir castigo a los culpables, y organizar la movilizaci\u00f3n para acabar con el estado de emergencia e impedir las nuevas leyes de seguridad p\u00fablica que quieren aprobar.<\/p>\n<p style=\"text-align: center;\"><strong>Justicia a Theo y castigo a los responsables<\/strong><\/p>\n<p style=\"text-align: center;\"><strong>Derogaci\u00f3n de las leyes de \u00abseguridad p\u00fablica\u00bb y dem\u00e1s leyes racistas.<\/strong><\/p>\n<p style=\"text-align: center;\"><strong>Derogaci\u00f3n del estado de emergencia. Defensa de las libertades democr\u00e1ticas<\/strong><\/p>\n<p style=\"text-align: right;\"><em>Unidad Internacional de los Trabajadores- Cuarta Internacional (UIT-CI)<\/em><\/p>\n<p style=\"text-align: right;\"><em>20 de febrero 2017<\/em><\/p>\n","protected":false},"excerpt":{"rendered":"<p>La UIT-CI condena el ataque racista de la polic\u00eda francesa contra el joven Theo, que fue torturado y gravemente herido. Exigimos justicia contra los responsables. No es un hecho casual. Hay numerosos casos de agresiones policiales en Francia, como se repite en otros pa\u00edses como los Estados Unidos. Bajo el pretexto de la llamada pol\u00edtica [&hellip;]<\/p>\n","protected":false},"author":1,"featured_media":1585,"comment_status":"open","ping_status":"open","sticky":false,"template":"","format":"standard","meta":[],"categories":[21],"tags":[],"_links":{"self":[{"href":"https:\/\/uit-ci.org\/index.php\/wp-json\/wp\/v2\/posts\/1586"}],"collection":[{"href":"https:\/\/uit-ci.org\/index.php\/wp-json\/wp\/v2\/posts"}],"about":[{"href":"https:\/\/uit-ci.org\/index.php\/wp-json\/wp\/v2\/types\/post"}],"author":[{"embeddable":true,"href":"https:\/\/uit-ci.org\/index.php\/wp-json\/wp\/v2\/users\/1"}],"replies":[{"embeddable":true,"href":"https:\/\/uit-ci.org\/index.php\/wp-json\/wp\/v2\/comments?post=1586"}],"version-history":[{"count":0,"href":"https:\/\/uit-ci.org\/index.php\/wp-json\/wp\/v2\/posts\/1586\/revisions"}],"wp:featuredmedia":[{"embeddable":true,"href":"https:\/\/uit-ci.org\/index.php\/wp-json\/wp\/v2\/media\/1585"}],"wp:attachment":[{"href":"https:\/\/uit-ci.org\/index.php\/wp-json\/wp\/v2\/media?parent=1586"}],"wp:term":[{"taxonomy":"category","embeddable":true,"href":"https:\/\/uit-ci.org\/index.php\/wp-json\/wp\/v2\/categories?post=1586"},{"taxonomy":"post_tag","embeddable":true,"href":"https:\/\/uit-ci.org\/index.php\/wp-json\/wp\/v2\/tags?post=1586"}],"curies":[{"name":"wp","href":"https:\/\/api.w.org\/{rel}","templated":true}]}}