{"id":1588,"date":"2017-03-19T15:31:12","date_gmt":"2017-03-19T15:31:12","guid":{"rendered":"http:\/\/uit-ci.org\/index.php\/2017\/03\/19\/argentina-mas-de-100-mil-docentes-movilizados-en-todo-el-pais\/"},"modified":"2017-03-19T15:31:12","modified_gmt":"2017-03-19T15:31:12","slug":"argentina-mas-de-100-mil-docentes-movilizados-en-todo-el-pais","status":"publish","type":"post","link":"https:\/\/uit-ci.org\/index.php\/2017\/03\/19\/argentina-mas-de-100-mil-docentes-movilizados-en-todo-el-pais\/","title":{"rendered":"Argentina: M\u00e1s de 100 mil docentes movilizados en todo el pa\u00eds"},"content":{"rendered":"<p><img loading=\"lazy\" class=\" alignleft size-full wp-image-1587\" src=\"http:\/\/uit-ci.org\/wp-content\/uploads\/2017\/03\/Marcha-paro-maestros-congreso.jpg\" width=\"240\" height=\"148\" alt=\"El 6 de marzo, mientras Macri inauguraba el ciclo lectivo en una escuelita de Volc\u00e1n (Jujuy), cientos de miles de docentes en todo el pa\u00eds paralizaban las escuelas y sal\u00edan a la calle.\" style=\"margin-right: 5px; float: left;\" srcset=\"https:\/\/uit-ci.org\/wp-content\/uploads\/2017\/03\/Marcha-paro-maestros-congreso.jpg 600w, https:\/\/uit-ci.org\/wp-content\/uploads\/2017\/03\/Marcha-paro-maestros-congreso-300x185.jpg 300w\" sizes=\"(max-width: 240px) 100vw, 240px\" \/>El 6 de marzo, mientras Macri inauguraba el ciclo lectivo en una escuelita de Volc\u00e1n (Jujuy), cientos de miles de docentes en todo el pa\u00eds paralizaban las escuelas y sal\u00edan a la calle. \u00a1Y hasta en Jujuy el paro era masivo! La marcha en Buenos Aires fue hist\u00f3rica: decenas de miles coparon la zona de Congreso hasta el ministerio de Educaci\u00f3n, d\u00e1ndole una cachetada a las ilusiones del gobierno de quebrar a la docencia y enfrentarnos contra el pueblo. Impactaba la solidaridad de trabajadores y vecinos, que aplaud\u00edan, tocaban bocina y se sumaban al reclamo.<\/p>\n<p>  <!--more-->  <\/p>\n<p>Desde el gran Buenos Aires fue impresionante la participaci\u00f3n docente. Decenas de micros repletos de guardapolvos blancos llegaban al Congreso y resaltaban los Suteba Multicolores de Matanza, Tigre, La Plata, Bah\u00eda, Ensenada y dem\u00e1s, que se organizaban junto a una joven y combativa columna de Ademys y delegaciones de sindicatos opositores del pa\u00eds que integran la Coordinaci\u00f3n Nacional de docentes combativos. \u00a1S\u00f3lo de Matanza vinieron 25 micros y muchos docentes tuvieron que ir por su cuenta! Casi 400 docentes autoconvocados de Malvinas viajaron en trenes. Y en todos los puntos de la provincia miles de maestras tuvieron que quedarse por falta de lugares en los micros.<\/p>\n<p>En la columna de Amsafe llegaron m\u00e1s de 400 maestros y se unificaron las seccionales opositoras de Rosario, Caseros, Belgrano y Gral. L\u00f3pez, que vienen construyendo una alternativa a la burocracia de Sonia Alesso.<\/p>\n<p>En Neuqu\u00e9n m\u00e1s de 15 mil docentes encabezados por ATEN Capital y las ocho seccionales combativas, acompa\u00f1ados por todos los gremios estatales y estudiantes, marcharon hacia el puente carretero y confluyeron junto a la Unter y la CTA de R\u00edo Negro.<\/p>\n<p>En la Santa Cruz de Alicia Kirchner, Adosac est\u00e1 de paro y retenci\u00f3n de servicios por falta de pagos. La provincia es ca\u00f3tica, con el estado paralizado, tanto en hospitales como escuelas. Renunci\u00f3 el ministro de Educaci\u00f3n y aun ni siquiera se llama a paritarias.<\/p>\n<p>En C\u00f3rdoba miles marcharon al \u00abpanal\u00bb (Casa de Gobierno), donde la columna de la oposici\u00f3n Pluricolor fue mucho m\u00e1s grande que la de la burocracia de Monserrat. La gente aplaud\u00eda y tiraba papelitos desde los edificios y obras.<\/p>\n<p>El paro se hizo sentir muy fuerte en casi todo el pa\u00eds y sorprendi\u00f3 al gobierno y a los propios gremios convocantes. Mostrando el sentimiento claro de la docencia de exigir al gobierno de Macri que ponga plata ya para salarios y educaci\u00f3n.<\/p>\n<p>La Mesa de Coordinaci\u00f3n Nacional de docentes combativos llam\u00f3 a parar 72 horas el 6, 7 y 8 y las garantiz\u00f3 en sus provincias, participando tambi\u00e9n en las marchas de la CGT y la CTA con pol\u00edtica independiente y exigiendo el paro nacional ya, y en las marchas del paro internacional de mujeres. Ahora llama a impulsar los paros de 48 horas y ser un polo en la Marcha Federal, reclamando blanqueo y aumento salarial, la renacionalizaci\u00f3n del sistema educativo y el paro general.<\/p>\n<hr \/>\n","protected":false},"excerpt":{"rendered":"<p>El 6 de marzo, mientras Macri inauguraba el ciclo lectivo en una escuelita de Volc\u00e1n (Jujuy), cientos de miles de docentes en todo el pa\u00eds paralizaban las escuelas y sal\u00edan a la calle. \u00a1Y hasta en Jujuy el paro era masivo! La marcha en Buenos Aires fue hist\u00f3rica: decenas de miles coparon la zona de [&hellip;]<\/p>\n","protected":false},"author":1,"featured_media":1587,"comment_status":"open","ping_status":"open","sticky":false,"template":"","format":"standard","meta":[],"categories":[21],"tags":[],"_links":{"self":[{"href":"https:\/\/uit-ci.org\/index.php\/wp-json\/wp\/v2\/posts\/1588"}],"collection":[{"href":"https:\/\/uit-ci.org\/index.php\/wp-json\/wp\/v2\/posts"}],"about":[{"href":"https:\/\/uit-ci.org\/index.php\/wp-json\/wp\/v2\/types\/post"}],"author":[{"embeddable":true,"href":"https:\/\/uit-ci.org\/index.php\/wp-json\/wp\/v2\/users\/1"}],"replies":[{"embeddable":true,"href":"https:\/\/uit-ci.org\/index.php\/wp-json\/wp\/v2\/comments?post=1588"}],"version-history":[{"count":0,"href":"https:\/\/uit-ci.org\/index.php\/wp-json\/wp\/v2\/posts\/1588\/revisions"}],"wp:featuredmedia":[{"embeddable":true,"href":"https:\/\/uit-ci.org\/index.php\/wp-json\/wp\/v2\/media\/1587"}],"wp:attachment":[{"href":"https:\/\/uit-ci.org\/index.php\/wp-json\/wp\/v2\/media?parent=1588"}],"wp:term":[{"taxonomy":"category","embeddable":true,"href":"https:\/\/uit-ci.org\/index.php\/wp-json\/wp\/v2\/categories?post=1588"},{"taxonomy":"post_tag","embeddable":true,"href":"https:\/\/uit-ci.org\/index.php\/wp-json\/wp\/v2\/tags?post=1588"}],"curies":[{"name":"wp","href":"https:\/\/api.w.org\/{rel}","templated":true}]}}