{"id":16297,"date":"2023-11-28T13:48:42","date_gmt":"2023-11-28T13:48:42","guid":{"rendered":"http:\/\/uit-ci.org\/?p=16297"},"modified":"2024-04-30T13:59:10","modified_gmt":"2024-04-30T13:59:10","slug":"camarada-villo-hasta-el-socialismo-siempre","status":"publish","type":"post","link":"https:\/\/uit-ci.org\/index.php\/2023\/11\/28\/camarada-villo-hasta-el-socialismo-siempre\/","title":{"rendered":"Camarada Villo&#8230;\u00a1Hasta el socialismo siempre!"},"content":{"rendered":"<p><span style=\"font-family: Liberation Sans, sans-serif;\"><span style=\"font-size: medium;\">Por Comit\u00e9 Ejecutivo Internacional de la Unidad Internacional de Trabajadoras y Trabajadores-Cuarta Internacional<\/span><\/span><\/p>\n<p><span style=\"font-family: Liberation Sans, sans-serif;\"><span style=\"font-size: medium;\">Ha fallecido el 27 de noviembre a los 72 a\u00f1os en la ciudad de Panam\u00e1, tras luchar con una penosa enfermedad, nuestro camarada Virgilio Ara\u00faz Magall\u00f3n, a quien todos en nuestra internacional conoc\u00edamos cari\u00f1osamente como Villo. Dirigente nacional de Propuesta Socialista, secci\u00f3n paname\u00f1a de la Unidad Internacional de Trabajadoras y Trabajadores-Cuarta Internacional. Con su desaparici\u00f3n se van 50 a\u00f1os de lucha por el socialismo con democracia obrera.<\/span><\/span><\/p>\n<p><span style=\"font-family: Liberation Sans, sans-serif;\"><span style=\"font-size: medium;\">Docente por muchos a\u00f1os e historiador del devenir de su pa\u00eds y del continente latinoamericano. Escritor prol\u00edfico, autor de textos de educaci\u00f3n y de denuncia de las agresiones del imperialismo, as\u00ed como sobre el canal de Panam\u00e1, y muchos otros temas. Pero antes que nada, Villo fue un dirigente revolucionario internacionalista. Un luchador consecuente contra la intervenci\u00f3n del imperialismo yanqui en su natal Panam\u00e1, y defensor de la total soberan\u00eda del Canal. Un militante trotskista, ligado durante cinco d\u00e9cadas a la corriente fundada por Nahuel Moreno.<\/span><\/span><\/p>\n<p><span style=\"font-family: Liberation Sans, sans-serif;\"><span style=\"font-size: medium;\">Fue un fiel militante de la causa y del legado de los j\u00f3venes que el 9 de enero de 1964 izaron la bandera paname\u00f1a en el cerro Ancon a la entrada de la zona del canal de Panam\u00e1.\u00a0<span style=\"color: #1d2228;\">Durante la \u00e9poca de Torrijos,\u00a0<\/span><span style=\"color: #1d2228;\">siendo dirigente\u00a0<\/span><span style=\"color: #1d2228;\">del P<\/span><span style=\"color: #1d2228;\">artido\u00a0<\/span><span style=\"color: #1d2228;\">S<\/span><span style=\"color: #1d2228;\">ocialista de los\u00a0<\/span><span style=\"color: #1d2228;\">T<\/span><span style=\"color: #1d2228;\">rabajadores (PST), tuvo un importante rol<\/span><span style=\"color: #1d2228;\">\u00a0exigiendo el retiro inmediato de las 14 bases militares norteamericanas acantonadas en la zona del canal, y se opuso al acuerdo de que se les permitiera\u00a0<\/span><span style=\"color: #1d2228;\">mantenerse\u00a0<\/span><span style=\"color: #1d2228;\">hasta el 31 de diciembre de 1999.<\/span><\/span><\/span><\/p>\n<p><span style=\"font-family: Liberation Sans, sans-serif;\"><span style=\"font-size: medium;\">Se destac\u00f3 como luchador contra el r\u00e9gimen dictatorial posterior a la muerte de Torrijos, y junto con otras personalidades democr\u00e1ticas como el m\u00e9dico Hugo Espadafora hizo frente a la arremetida antidemocr\u00e1tica de Noriega.<\/span><\/span><\/p>\n<p><span style=\"font-family: Liberation Sans, sans-serif;\"><span style=\"font-size: medium;\">Villo fue editor en 1974 de uno de primeros folletos trotskistas de Panam\u00e1, dedicado al repudio a la dictadura de Pinochet y en solidaridad con el pueblo chileno.<\/span><\/span><\/p>\n<p><span style=\"font-family: Liberation Sans, sans-serif;\"><span style=\"font-size: medium;\">Como internacionalista estuvo al frente de la defensa de los integrantes de la brigada Simon Bol\u00edvar cuando fueron detenidos en 1979 por el gobierno del Frente Sandinista de Liberaci\u00f3n Nacional en Nicaragua, y posteriormente deportados a Panam\u00e1. Fueron precisamente Villo\u00a0<span style=\"color: #000000;\">y el partido paname\u00f1o los que dieron aviso a Bogot\u00e1 donde a la saz\u00f3n se encontraba Nahuel Moreno, de la detenci\u00f3n de los miembros de la brigada, para iniciar la campa\u00f1a internacional por la liberaci\u00f3n de los brigadistas.<\/span><\/span><\/span><\/p>\n<p><span style=\"font-family: Liberation Sans, sans-serif;\"><span style=\"font-size: medium;\">Asimismo, fue parte de los dirigentes que con Moreno, enfrentaron la claudicaci\u00f3n de la corriente que encabezaba Ernest Mandel y sus seguidores del llamado Secretariado Unificado (SU) que avalaron la expulsi\u00f3n de la Brigada Sim\u00f3n Bol\u00edvar de Nicaragua. Mandel y sus seguidores consideraban entonces que el gobierno de Ortega y Violeta Chamorro era un \u201cgobierno obrero y popular\u201d. El mandelismo rompi\u00f3 con los principios de los socialistas revolucionarios, contribuyendo as\u00ed a la divisi\u00f3n del movimiento trotskista.<\/span><\/span><\/p>\n<p><span style=\"font-family: Liberation Sans, sans-serif;\"><span style=\"font-size: medium;\">Villo se sum\u00f3 al reagrupamiento revolucionario que encabez\u00f3 Nahuel Moreno en los a\u00f1os 80, y estuvo en todos los debates y luchas en la que intervino nuestra corriente en vida de Moreno, y desde la d\u00e9cada de los 90, como parte de la UIT-CI construyendo el partido paname\u00f1o, junto a su compa\u00f1era y tambi\u00e9n dirigente de Propuesta Socialista, Priscilla V\u00e1squez.<\/span><\/span><\/p>\n<p><span style=\"font-family: Liberation Sans, sans-serif;\"><span style=\"font-size: medium;\">El pasado 29 de abril, se le rindi\u00f3 un homenaje en el paraninfo de la Universidad de Panam\u00e1, en reconocimiento a sus 50 a\u00f1os de lucha y militancia revolcionaria.<\/span><\/span><\/p>\n<figure id=\"attachment_16304\" aria-describedby=\"caption-attachment-16304\" style=\"width: 364px\" class=\"wp-caption aligncenter\"><img loading=\"lazy\" class=\"wp-image-16304\" src=\"http:\/\/uit-ci.org\/wp-content\/uploads\/2023\/11\/349690285_1554167568443038_2512255398838081404_n-300x219.jpg\" alt=\"\" width=\"364\" height=\"266\" srcset=\"https:\/\/uit-ci.org\/wp-content\/uploads\/2023\/11\/349690285_1554167568443038_2512255398838081404_n-300x219.jpg 300w, https:\/\/uit-ci.org\/wp-content\/uploads\/2023\/11\/349690285_1554167568443038_2512255398838081404_n-1024x749.jpg 1024w, https:\/\/uit-ci.org\/wp-content\/uploads\/2023\/11\/349690285_1554167568443038_2512255398838081404_n-768x562.jpg 768w, https:\/\/uit-ci.org\/wp-content\/uploads\/2023\/11\/349690285_1554167568443038_2512255398838081404_n-600x439.jpg 600w, https:\/\/uit-ci.org\/wp-content\/uploads\/2023\/11\/349690285_1554167568443038_2512255398838081404_n-750x549.jpg 750w, https:\/\/uit-ci.org\/wp-content\/uploads\/2023\/11\/349690285_1554167568443038_2512255398838081404_n-1140x834.jpg 1140w, https:\/\/uit-ci.org\/wp-content\/uploads\/2023\/11\/349690285_1554167568443038_2512255398838081404_n.jpg 1367w\" sizes=\"(max-width: 364px) 100vw, 364px\" \/><figcaption id=\"caption-attachment-16304\" class=\"wp-caption-text\">Luego de su homenaje junto compa\u00f1eras y compa\u00f1eros de Propuesta Socialista. A su derecha su compa\u00f1era Priscilla V\u00e1zquez y a su izquierda Miguel Sorans de la UIT-CI<\/figcaption><\/figure>\n<p><span style=\"font-family: Liberation Sans, sans-serif;\"><span style=\"font-size: medium;\">Con Virgilio Ar\u00e1uz, Villo, hemos compartido la lucha por la independencia pol\u00edtica de la clase trabajadora, por la democracia obrera y gobiernos de las y los trabajadores y el socialismo.<\/span><\/span><\/p>\n<p><span style=\"font-family: Liberation Sans, sans-serif;\"><span style=\"font-size: medium;\">Con su desaparici\u00f3n f\u00edsica la UIT-CI pierde a uno de sus pilares hist\u00f3ricos, un valioso dirigente que resum\u00eda cinco d\u00e9cadas de lucha del trotskismo morenista en Am\u00e9rica Latina. Nuestro mejor homenaje a su trayectoria es que las j\u00f3venes generaciones de militantes de nuestra corriente contin\u00faen el legado de compromiso militante y revolucionario en aras de la construcci\u00f3n de nuestra internacional y de partidos revolucionarios en todos los pa\u00edses.<\/span><\/span><\/p>\n<p><span style=\"font-family: Liberation Sans, sans-serif;\"><span style=\"font-size: medium;\">\u00a1Hasta el socialismo siempre!<\/span><\/span><\/p>\n<p><span style=\"font-family: Liberation Sans, sans-serif;\"><span style=\"font-size: medium;\">28 de noviembre de 2023<\/span><\/span><\/p>\n<p>&nbsp;<\/p>\n<p><a href=\"https:\/\/uit-ci.org\/index.php\/2023\/11\/29\/camarade-villo-hasta-el-socialismo-siempre\/?lang=fr\">Lire en fran\u00e7ais<\/a><\/p>\n","protected":false},"excerpt":{"rendered":"<p>Por Comit\u00e9 Ejecutivo Internacional de la Unidad Internacional de Trabajadoras y Trabajadores-Cuarta Internacional Ha fallecido el 27 de noviembre a los 72 a\u00f1os en la ciudad de Panam\u00e1, tras luchar con una penosa enfermedad, nuestro camarada Virgilio Ara\u00faz Magall\u00f3n, a quien todos en nuestra internacional conoc\u00edamos cari\u00f1osamente como Villo. Dirigente nacional de Propuesta Socialista, secci\u00f3n [&hellip;]<\/p>\n","protected":false},"author":2,"featured_media":16310,"comment_status":"closed","ping_status":"closed","sticky":false,"template":"","format":"standard","meta":[],"categories":[70,60,29],"tags":[1239,1790,902,1481,556,1330,1793,1791,1792],"_links":{"self":[{"href":"https:\/\/uit-ci.org\/index.php\/wp-json\/wp\/v2\/posts\/16297"}],"collection":[{"href":"https:\/\/uit-ci.org\/index.php\/wp-json\/wp\/v2\/posts"}],"about":[{"href":"https:\/\/uit-ci.org\/index.php\/wp-json\/wp\/v2\/types\/post"}],"author":[{"embeddable":true,"href":"https:\/\/uit-ci.org\/index.php\/wp-json\/wp\/v2\/users\/2"}],"replies":[{"embeddable":true,"href":"https:\/\/uit-ci.org\/index.php\/wp-json\/wp\/v2\/comments?post=16297"}],"version-history":[{"count":4,"href":"https:\/\/uit-ci.org\/index.php\/wp-json\/wp\/v2\/posts\/16297\/revisions"}],"predecessor-version":[{"id":16339,"href":"https:\/\/uit-ci.org\/index.php\/wp-json\/wp\/v2\/posts\/16297\/revisions\/16339"}],"wp:featuredmedia":[{"embeddable":true,"href":"https:\/\/uit-ci.org\/index.php\/wp-json\/wp\/v2\/media\/16310"}],"wp:attachment":[{"href":"https:\/\/uit-ci.org\/index.php\/wp-json\/wp\/v2\/media?parent=16297"}],"wp:term":[{"taxonomy":"category","embeddable":true,"href":"https:\/\/uit-ci.org\/index.php\/wp-json\/wp\/v2\/categories?post=16297"},{"taxonomy":"post_tag","embeddable":true,"href":"https:\/\/uit-ci.org\/index.php\/wp-json\/wp\/v2\/tags?post=16297"}],"curies":[{"name":"wp","href":"https:\/\/api.w.org\/{rel}","templated":true}]}}