{"id":1639,"date":"2017-05-12T04:49:46","date_gmt":"2017-05-12T04:49:46","guid":{"rendered":"http:\/\/uit-ci.org\/index.php\/2017\/05\/12\/argentina-el-repudio-al-2x1-para-los-genocidas-llego-al-congreso\/"},"modified":"2017-05-12T04:49:46","modified_gmt":"2017-05-12T04:49:46","slug":"argentina-el-repudio-al-2x1-para-los-genocidas-llego-al-congreso","status":"publish","type":"post","link":"https:\/\/uit-ci.org\/index.php\/2017\/05\/12\/argentina-el-repudio-al-2x1-para-los-genocidas-llego-al-congreso\/","title":{"rendered":"Argentina: El repudio al 2&#215;1 para los genocidas lleg\u00f3 al Congreso"},"content":{"rendered":"<p><img loading=\"lazy\" class=\" alignleft size-full wp-image-1638\" src=\"http:\/\/uit-ci.org\/wp-content\/uploads\/2017\/05\/congreso-y-dos-por-uno.jpg\" width=\"240\" height=\"148\" alt=\"Resultado de la votaci\u00f3n en la C\u00e1mara de Diputados de la Naci\u00f3n\" style=\"margin: 0px 5px 0px 0px; float: left;\" srcset=\"https:\/\/uit-ci.org\/wp-content\/uploads\/2017\/05\/congreso-y-dos-por-uno.jpg 600w, https:\/\/uit-ci.org\/wp-content\/uploads\/2017\/05\/congreso-y-dos-por-uno-300x185.jpg 300w\" sizes=\"(max-width: 240px) 100vw, 240px\" \/><\/p>\n<p><strong>Por: El Socialista<\/strong><\/p>\n<p>El repudio popular contra el fallo del 2&#215;1 de la Corte y la marcha unitaria de miles a Plaza de Mayo y en todo el pa\u00eds, irrumpieron en el Congreso Nacional. Este martes 9 estaba convocada una sesi\u00f3n especial para tratar proyectos exclusivos de la comisi\u00f3n de relaciones exteriores (temas ajenos a la realidad nacional), y se abri\u00f3 una crisis pol\u00edtica.<\/p>\n<p>  <!--more-->  <\/p>\n<p>El bloque oficial -que originalmente dijo \u00abhay que respetar el fallo de la Corte\u00bb- tuvo que aceptar el tratamiento del tema. Cambiemos retrocedi\u00f3, teniendo que abrir el debate con una nutrida presencia de Madres, Abuelas y referentes de organismos de derechos humanos en los palcos. En ese marco, y de emergencia, todos los bloques que hab\u00edan apoyado la designaci\u00f3n de los tres jueces de la impunidad (Cambiemos -PRO-UCR y Coalici\u00f3n C\u00edvica-, el Frente para la Victoria, el Frente Renovador de Massa, el resto del PJ y el GEN de Stolbizer), se comprometieron a elaborar un proyecto para amortiguar el repudio popular. Presentaron finalmente tres art\u00edculos como base para un proyecto de ley. El primero, el m\u00e1s importante, se\u00f1ala que el beneficio del 2&#215;1 para el represor Mui\u00f1a (ver p\u00e1ginas centrales), no se puede aplicar de ahora en m\u00e1s para delitos de lesa humanidad y genocidio. Un tap\u00f3n para que no se vuelva a otorgar esa amnist\u00eda a otros represores.<\/p>\n<p>Este paso adelante es un triunfo popular, no una concesi\u00f3n graciosa del Congreso. As\u00ed lo se\u00f1al\u00f3 nuestro diputado Juan Carlos Giordano al votar favorablemente: \u00abel repudio popular oblig\u00f3 a que Cambiemos y el Frente para la Victoria se reacomoden y elaboren este proyecto a horas de la gran marcha de este mi\u00e9rcoles\u00bb. A tal punto, que el Senado sesionar\u00e1 tambi\u00e9n de emergencia este mi\u00e9rcoles 10 para aprobar el proyecto aprobado en Diputados.<\/p>\n<p>Por supuesto, como tambi\u00e9n dijo nuestro diputado, no creemos que lo votado en el Parlamento sea la soluci\u00f3n definitiva, sino que \u00abapostamos a la movilizaci\u00f3n popular para terminar de enterrar el 2&#215;1\u00bb. Antes de esto, Giordano hab\u00eda llamado a \u00abganar las calles al grito de c\u00e1rcel com\u00fan a todos los genocidas, a los c\u00f3mplices civiles de la dictadura y en repudio a estos jueces de la impunidad\u00bb (ver intervenci\u00f3n en video en www.izquierdasocialista.org. ar). De este modo, Cambiemos pas\u00f3 de cuestionar la cifra de los 30.000 desaparecidos, a tener que aprobar una ley que va en contra de sus postulados.<\/p>\n<p>Esta lucha contra la impunidad, que resurgi\u00f3 desde abajo, contrasta con la tregua que la CGT y Ctera mantienen con el gobierno. Los trabajadores contin\u00faan peleando (docentes, jubilados y estatales de Santa Cruz, profesionales de la salud de Cicop, tercerizados del Ministerio de Trabajo por sus puestos laborales, etc\u00e9tera). Y la pr\u00f3xima semana, tanto los docentes bonaerenses del Suteba con la lista Multicolor como los telef\u00f3nicos de oposici\u00f3n de Foetra con la Granate-Blanca tendr\u00e1n el gran desaf\u00edo de enfrentar a la burocracia sindical en sus elecciones, peleando por recuperar esos sindicatos para la lucha.<\/p>\n<p>La gran traba que tenemos para derrotar definitivamente a la impunidad y el ajuste est\u00e1 en la oposici\u00f3n patronal, principalmente en el peronismo en todas sus variantes. Que tambi\u00e9n son parte del ajuste de Macri al estar aplic\u00e1ndolo en cada una de las provincias en que gobiernan. El caso m\u00e1s emblem\u00e1tico es Santa Cruz, cuna del kirchnerismo, con una Alicia Kirchner que no s\u00f3lo ajusta sino adem\u00e1s reprime. A ellos responden los dirigentes burocr\u00e1ticos tanto de la CGT como de la CTA, que han pactado una nueva tregua con el gobierno, dejando solos a los que luchan.<\/p>\n<p>La crisis pol\u00edtica del gobierno ante el fallo de la Corte, el repudio popular a una justicia que es parte de una democracia al servicio de la impunidad, la bronca contra el gobierno por la inflaci\u00f3n y los bajos salarios, el repudio a los dirigentes vendidos de la CGT, abren una oportunidad muy grande para que crezca el sindicalismo combativo y una alternativa pol\u00edtica de los trabajadores, encarnada en el Frente de Izquierda (FIT).<\/p>\n<p>El FIT se postula levantando en forma consecuente las banderas contra la impunidad de ayer y de hoy, por c\u00e1rcel com\u00fan y perpetua a los genocidas y sus c\u00f3mplices civiles. A su vez, impulsa un claro programa de emergencia obrero y popular para resolver las urgentes necesidades de la clase trabajadora y sectores populares, empezando por dejar de pagar la deuda externa y poner todos esos recursos al servicio de aumentar los salarios y jubilaciones, generar trabajo genuino y subir los presupuestos de salud, educaci\u00f3n y vivienda, entre otras medidas de fondo. En ese sentido, desde Izquierda Socialista hemos lanzado nuestras precandidaturas (ver contratapa), al servicio de esta pelea que hay que dar en unidad, presentando una lista \u00fanica del FIT para enfrentar las PASO, ordenada a partir de los resultados del 2015.<\/p>\n<p>Seguir apoyando las luchas por enterrar el 2&#215;1 de la impunidad, pelearle a la burocracia en Suteba con la Multicolor y en Foetra con la Granate- Blanca, luchar contra el ajuste de Macri y los gobernadores y postular pol\u00edticamente al Frente de Izquierda, son las tareas m\u00e1s importantes para los pr\u00f3ximos d\u00edas.<\/p>\n","protected":false},"excerpt":{"rendered":"<p>Por: El Socialista El repudio popular contra el fallo del 2&#215;1 de la Corte y la marcha unitaria de miles a Plaza de Mayo y en todo el pa\u00eds, irrumpieron en el Congreso Nacional. Este martes 9 estaba convocada una sesi\u00f3n especial para tratar proyectos exclusivos de la comisi\u00f3n de relaciones exteriores (temas ajenos a [&hellip;]<\/p>\n","protected":false},"author":1,"featured_media":1638,"comment_status":"open","ping_status":"open","sticky":false,"template":"","format":"standard","meta":[],"categories":[21],"tags":[],"_links":{"self":[{"href":"https:\/\/uit-ci.org\/index.php\/wp-json\/wp\/v2\/posts\/1639"}],"collection":[{"href":"https:\/\/uit-ci.org\/index.php\/wp-json\/wp\/v2\/posts"}],"about":[{"href":"https:\/\/uit-ci.org\/index.php\/wp-json\/wp\/v2\/types\/post"}],"author":[{"embeddable":true,"href":"https:\/\/uit-ci.org\/index.php\/wp-json\/wp\/v2\/users\/1"}],"replies":[{"embeddable":true,"href":"https:\/\/uit-ci.org\/index.php\/wp-json\/wp\/v2\/comments?post=1639"}],"version-history":[{"count":0,"href":"https:\/\/uit-ci.org\/index.php\/wp-json\/wp\/v2\/posts\/1639\/revisions"}],"wp:featuredmedia":[{"embeddable":true,"href":"https:\/\/uit-ci.org\/index.php\/wp-json\/wp\/v2\/media\/1638"}],"wp:attachment":[{"href":"https:\/\/uit-ci.org\/index.php\/wp-json\/wp\/v2\/media?parent=1639"}],"wp:term":[{"taxonomy":"category","embeddable":true,"href":"https:\/\/uit-ci.org\/index.php\/wp-json\/wp\/v2\/categories?post=1639"},{"taxonomy":"post_tag","embeddable":true,"href":"https:\/\/uit-ci.org\/index.php\/wp-json\/wp\/v2\/tags?post=1639"}],"curies":[{"name":"wp","href":"https:\/\/api.w.org\/{rel}","templated":true}]}}