{"id":16520,"date":"2023-12-24T20:37:32","date_gmt":"2023-12-24T20:37:32","guid":{"rendered":"http:\/\/uit-ci.org\/?p=16520"},"modified":"2024-04-30T13:46:38","modified_gmt":"2024-04-30T13:46:38","slug":"16520","status":"publish","type":"post","link":"https:\/\/uit-ci.org\/index.php\/2023\/12\/24\/16520\/","title":{"rendered":"No al ajuste, ni en Argentina ni en Cuba"},"content":{"rendered":"<p>Por<b> Jos\u00e9 Castillo<\/b>, dirigente de Izquierda Socialista\/UIT-CI, de Argentina.<\/p>\n<p>24\/12\/2023. <span style=\"font-weight: 400;\">En Cuba se ha anunciado, para 2024, el ajuste m\u00e1s duro en d\u00e9cadas. Fue presentado por el primer ministro Manuel Marrero Cruz en un discurso ante la Asamblea del Poder Popular, en presencia del presidente Miguel D\u00edaz Canel y del l\u00edder hist\u00f3rico Ra\u00fal Castro.<\/span><\/p>\n<p><span style=\"font-weight: 400;\">Sectores afines al gobierno ultraderechista de Milei, en Argentina, han salido a decir que \u201cajuste hay en todos lados, hasta en Cuba\u201d, para justificar su propio ajustazo antiobrero y antipopular. Voceros de Milei argumentan que mientras aqu\u00ed la \u201cizquierda va contra el ajuste\u201d frente al ajuste de Cuba guardan silencio\u201d porque seg\u00fan Clar\u00edn, para \u201cla izquierda (\u2026) ese s\u00ed es un ajuste justo y bueno\u201d (Clar\u00edn 22\/12\/2023).<\/span><\/p>\n<p><span style=\"font-weight: 400;\">No es nuestro caso. Desde Izquierda Socialista queremos ser absolutamente claros: efectivamente, se ha anunciado un brutal plan de ajuste en Cuba, y lo repudiamos, tal como el de nuestro pa\u00eds. No hay ajustes buenos y ajustes malos: todos van contra las condiciones de vida del pueblo trabajador y llamamos a enfrentarlos y derrotarlos.\u00a0<\/span><\/p>\n<p>&nbsp;<\/p>\n<p><b>En Cuba no hay socialismo<\/b><\/p>\n<p><span style=\"font-weight: 400;\">Javier Milei, repetidas veces, ha denunciado \u201cal socialismo\u201d como responsable de nuestra crisis. Y pone como ejemplo del socialismo y su fracaso a Cuba.<\/span><\/p>\n<p><span style=\"font-weight: 400;\">Pero la realidad es que en Cuba no hay socialismo, justamente por eso hay ajustes contra su pueblo. Es lo opuesto a lo que dice Milei y sus voceros.\u00a0 La revoluci\u00f3n socialista de los a\u00f1os 60, con el Che como ministro de Industria, que dio grandes conquistas al pueblo cubano (en salud y educaci\u00f3n, por poner los dos ejemplos m\u00e1s conocidos) y gener\u00f3 entusiasmo y solidaridad entre los pueblos explotados de todo el planeta, lamentablemente se ha perdido. Hace a\u00f1os que se restaur\u00f3 el capitalismo y ya no existen m\u00e1s, lamentablemente, todos aquellos logros de la revoluci\u00f3n. Fueron los propios bur\u00f3cratas del PC cubano los que desde los a\u00f1os 90 llevaron adelante la restauraci\u00f3n capitalista y son quienes a\u00fan hoy se benefician con ella, como socios de las multinacionales que operan en la isla.<\/span><\/p>\n<p><span style=\"font-weight: 400;\">En Cuba hay un gobierno dictatorial, capitalista, que reprime las protestas, impide las huelgas, todo al servicio de los negocios que pacta con las multinacionales del turismo, de la especulaci\u00f3n inmobiliaria, del tabaco, del ron o de la explotaci\u00f3n del n\u00edquel. Transnacionales canadienses, espa\u00f1olas, de otros pa\u00edses de la Uni\u00f3n Europea, chinas, rusas, saquean las riquezas de la isla y superexplotan a sus trabajadoras y trabajadores con salarios de miseria, de apenas unas pocas decenas de d\u00f3lares.<\/span><\/p>\n<p><b>En Cuba hay un ajuste capitalista y lo denunciamos<\/b><\/p>\n<p><span style=\"font-weight: 400;\">El primer ministro cubano Marrero Cruz, por supuesto, arranc\u00f3 culpando al bloqueo yanqui, que existe y siempre denunciamos. Pero no pudo esconder la responsabilidad principal, la del propio gobierno del PC cubano, admitiendo que \u201cpersisten insuficiencias propias y problemas subjetivos que afectan la capacidad de programas y proyecciones econ\u00f3micas\u201d. A partir de esto Marrero Cuz pas\u00f3 a anunciar lo que llam\u00f3 \u201cel plan de estabilizaci\u00f3n econ\u00f3mica\u201d, en l\u00ednea con lo que previamente el presidente Miguel D\u00edaz Canel denominara \u201ceconom\u00eda de guerra\u201d.\u00a0<\/span><\/p>\n<p><span style=\"font-weight: 400;\">La argumentaci\u00f3n parece calcada de lo que escuchamos en nuestro pa\u00eds en boca de Macri primero y de Milei despu\u00e9s. Marrero dijo que el Estado no puede seguir con el derroche en subsidios al agua, la electricidad, el gas licuado, el transporte y los combustibles: \u201cno es justo que reciban lo mismo los que mucho tienen que los que muy poco tienen. Hoy nosotros le subsidiamos lo mismo a un ancianito pensionado que al due\u00f1o de grandes negocios privados, que tienen mucho dinero\u201d afirm\u00f3 sin que se le cayera la cara de verg\u00fcenza (Perfil, La Naci\u00f3n, France 24 en espa\u00f1ol, 23\/12\/2023).<\/span><\/p>\n<p><span style=\"font-weight: 400;\">Lo concreto es que las medidas inmediatas incluyen un alza del 25% en la tarifa el\u00e9ctrica residencial, la triplicaci\u00f3n del costo de abastecimiento de agua y una suba del 25% del precio del cilindro de gas licuado que se usa en la isla. Se anunci\u00f3 tambi\u00e9n \u201cnuevas tarifas\u201d para el transporte p\u00fablico, el fin de los subsidios universales en los alimentos b\u00e1sicos que figuran en una cartilla de abastecimiento cada vez m\u00e1s vac\u00eda, incrementos para los precios de los medicamentos, cigarros y una devaluaci\u00f3n del peso respecto del d\u00f3lar (este actualmente tiene una tasa oficial al que acceden de las empresas de 24 cup por d\u00f3lar, pero para los cubanos de a pie el cambio oficial es de 120 cup, aunque en el mercado negro se ofrece a 273). Por si esto fuera poco, se inform\u00f3 tambi\u00e9n que se congelar\u00e1 el ingreso de trabajadoras y trabajadores a la planta del estado. Tambi\u00e9n un incremento en el impuesto a la compra-venta de bienes, una especie de IVA, que afecta a los que menos tienen pegando directamente en el precio de los productos de consumo popular.<\/span><\/p>\n<p><span style=\"font-weight: 400;\">Este ajuste no es el primero. Medidas anteriores ya hab\u00edan generado fuertes protestas el 11 y 12 de julio de 2021, con miles de cubanos saliendo a la calle gritando \u201ctenemos hambre\u201d, lo que provoc\u00f3 una feroz represi\u00f3n con un saldo donde a\u00fan hoy permanecen m\u00e1s de 500 manifestantes encarcelados (algunos de ellos con condenas de hasta 25 a\u00f1os).\u00a0<\/span><\/p>\n<p><span style=\"font-weight: 400;\">Hoy, este nuevo y brutal ajuste contra las condiciones de vida demuestra, una vez m\u00e1s, que en Cuba no hay socialismo ni nada parecido. El gobierno del Partido Comunista cubano sigue hablando de \u201csocialismo\u201d con el fin de justificarse, pero gobierna para los acuerdos con las multinacionales y los nuevos ricos cubanos. Es algo semejante a lo que pasa en China donde el gobernante Partido Comunista de ese pa\u00eds encabeza una de las grandes potencias capitalistas del mundo.<\/span><\/p>\n<p><span style=\"font-weight: 400;\">Hay una perversa coincidencia entre D\u00edaz Canel, Ra\u00fal Castro, el resto de los bur\u00f3cratas del PC cubano y los libertarios de Milei: ambos dicen que lo que hay en la isla es socialismo. Lo refutamos una y otra vez, es una vulgar mentira. Es capitalismo, explotaci\u00f3n del pueblo trabajador.<\/span><\/p>\n<p><span style=\"font-weight: 400;\">Desde Izquierda Socialista denunciamos todos los planes de ajuste y los gobiernos que lo llevan adelante, sean del signo pol\u00edtico que sean. As\u00ed como enfrentamos y salimos a la calle contra el que lleva adelante el ultraderechista Milei en la Argentina, tambi\u00e9n decimos que hay que denunciar el actual ajuste que llevan adelante D\u00edaz Canel y el actual gobierno capitalista cubano. En Argentina, en Cuba y en todo el mundo: \u00a1qu\u00e9 la crisis no la paguen las y los trabajadores, sino qui\u00e9nes la provocaron y se benefician con ella, los capitalistas, los banqueros y las multinacionales! Nosotros luchamos por un verdadero socialismo, que es la democracia para el pueblo trabajador, donde en vez de negocios para las multinacionales, los banqueros y la deuda externa se pongan todos los recursos al servicio de una econom\u00eda planificada que priorice resolver las m\u00e1s urgentes necesidades populares: salarios y jubilaciones dignas, educaci\u00f3n, salud y vivienda para todas y todos.<\/span><\/p>\n<p>&nbsp;<\/p>\n<p><a href=\"https:\/\/uit-ci.org\/index.php\/2023\/12\/24\/non-a-lajustement-ni-en-argentine-ni-a-cuba\/?lang=fr\">Lire en fran\u00e7ais<\/a><\/p>\n","protected":false},"excerpt":{"rendered":"<p>Por Jos\u00e9 Castillo, dirigente de Izquierda Socialista\/UIT-CI, de Argentina. 24\/12\/2023. En Cuba se ha anunciado, para 2024, el ajuste m\u00e1s duro en d\u00e9cadas. Fue presentado por el primer ministro Manuel Marrero Cruz en un discurso ante la Asamblea del Poder Popular, en presencia del presidente Miguel D\u00edaz Canel y del l\u00edder hist\u00f3rico Ra\u00fal Castro. Sectores [&hellip;]<\/p>\n","protected":false},"author":2,"featured_media":16521,"comment_status":"closed","ping_status":"closed","sticky":false,"template":"","format":"standard","meta":[],"categories":[20,35],"tags":[232,1830,119,225,1831,733,120,93,637,683,150,477],"_links":{"self":[{"href":"https:\/\/uit-ci.org\/index.php\/wp-json\/wp\/v2\/posts\/16520"}],"collection":[{"href":"https:\/\/uit-ci.org\/index.php\/wp-json\/wp\/v2\/posts"}],"about":[{"href":"https:\/\/uit-ci.org\/index.php\/wp-json\/wp\/v2\/types\/post"}],"author":[{"embeddable":true,"href":"https:\/\/uit-ci.org\/index.php\/wp-json\/wp\/v2\/users\/2"}],"replies":[{"embeddable":true,"href":"https:\/\/uit-ci.org\/index.php\/wp-json\/wp\/v2\/comments?post=16520"}],"version-history":[{"count":4,"href":"https:\/\/uit-ci.org\/index.php\/wp-json\/wp\/v2\/posts\/16520\/revisions"}],"predecessor-version":[{"id":17864,"href":"https:\/\/uit-ci.org\/index.php\/wp-json\/wp\/v2\/posts\/16520\/revisions\/17864"}],"wp:featuredmedia":[{"embeddable":true,"href":"https:\/\/uit-ci.org\/index.php\/wp-json\/wp\/v2\/media\/16521"}],"wp:attachment":[{"href":"https:\/\/uit-ci.org\/index.php\/wp-json\/wp\/v2\/media?parent=16520"}],"wp:term":[{"taxonomy":"category","embeddable":true,"href":"https:\/\/uit-ci.org\/index.php\/wp-json\/wp\/v2\/categories?post=16520"},{"taxonomy":"post_tag","embeddable":true,"href":"https:\/\/uit-ci.org\/index.php\/wp-json\/wp\/v2\/tags?post=16520"}],"curies":[{"name":"wp","href":"https:\/\/api.w.org\/{rel}","templated":true}]}}