{"id":16655,"date":"2024-01-25T16:11:20","date_gmt":"2024-01-25T16:11:20","guid":{"rendered":"http:\/\/uit-ci.org\/?p=16655"},"modified":"2024-04-30T13:42:32","modified_gmt":"2024-04-30T13:42:32","slug":"contundente-paro-y-multitudinaria-marcha-contra-el-ajuste-de-milei-y-el-fmi-a-seguirla-con-un-plan-de-lucha","status":"publish","type":"post","link":"https:\/\/uit-ci.org\/index.php\/2024\/01\/25\/contundente-paro-y-multitudinaria-marcha-contra-el-ajuste-de-milei-y-el-fmi-a-seguirla-con-un-plan-de-lucha\/","title":{"rendered":"Contundente paro y multitudinaria marcha contra el ajuste de Milei y el FMI \u00a1A seguirla con un plan de lucha!"},"content":{"rendered":"<p>Por <strong>Prensa UIT-CI<\/strong><br \/>\n<em><br \/>\n25\/01\/2024. Millones de trabajadoras y trabajadores pararon el pa\u00eds. Centenares de miles nos movilizamos<\/em>\u00a0<em>en las principales ciudades de todas las provincias. La jornada cumpli\u00f3 un gran objetivo: fue una contundente muestra del rechazo obrero y popular al plan de ajuste y represi\u00f3n de Milei y el FMI. Fortaleci\u00f3 a la clase trabajadora y a todas y todos los que venimos enfrentando el Protocolo, el DNU y la Ley \u00d3mnibus de Milei. Centenares de miles nos movilizamos en Plaza Congreso y con actos multitudinarios en otras ciudades como C\u00f3rdoba, Rosario, Neuqu\u00e9n o Bariloche, por citar s\u00f3lo algunas. La jornada reflej\u00f3 la bronca acumulada. Que fue la que oblig\u00f3 a la CGT a convocar al paro general, despu\u00e9s del acto de Tribunales a fines de diciembre. El hecho de que se le haya arrancado este paro a la burocracia sindical y que fuera contundente, demuestra que hay condiciones para seguirla, con las distintas luchas y movilizaciones que se den, impulsando asambleas y exigi\u00e9ndole a la CGT que le d\u00e9 continuidad con un plan de lucha para derrotar el plan motosierra.<\/em><\/p>\n<p>En el acto central, una aut\u00e9ntica marea humana cop\u00f3 Plaza Congreso, la avenida de Mayo hasta la 9 de Julio y las calles aleda\u00f1as. Hubo importantes columnas de gremios de la CGT y las CTA. Pero tambi\u00e9n se destac\u00f3 la presencia de miles y miles de autoconvocados, organizados o no, del \u00e1mbito de la cultura, del deporte, de los movimientos de derechos humanos, defensa del ambiente, del movimiento de mujeres y disidencias, asambleas vecinales de CABA y del conurbano. A pesar de que nos encontramos en vacaciones, docentes, investigadores, cient\u00edficos y estudiantes tambi\u00e9n dijeron presente. Y gran parte de la plaza estuvo ocupada por la columna independiente que reuni\u00f3 al Plenario del Sindicalismo Combativo (PSC) junto con el Encuentro Memoria, Verdad y Justicia, Unidos por la Cultura, movimientos sociales combativos, la coordinadora ambiental Basta de Falsas Soluciones y los partidos que integramos el Frente de Izquierda, que fuimos a exigir a la CGT la continuidad del paro, con un plan de lucha nacional. Fue importante la columna del Plenario del Sindicalismo Combativo, con los ferroviarios del Sarmiento, Ademys, el Sutna y otros gremios y agrupaciones sindicales opositoras a la burocracia sindical. En el caso de los ferroviarios de la Uni\u00f3n Ferroviaria de Haedo y la Bord\u00f3, con el \u201cPollo\u201d Sobrero a la cabeza, conformaron una impresionante columna de varias cuadras, compuesta por las y los trabajadores del Sarmiento junto con asambleas barriales de la zona Oeste del conurbano que, a partir de un \u201ctrenazo\u201d que parti\u00f3 de Moreno, march\u00f3 desde la estaci\u00f3n Once hacia el acto de Congreso.<\/p>\n<p>El paro tuvo, adem\u00e1s, una importante solidaridad internacional de centrales obreras, partidos de izquierda y comunidades en el exterior, que incluso se movilizaron a las puertas de embajadas y consulados argentinos en decenas de ciudades.<\/p>\n<p>El paro y movilizaci\u00f3n fue una respuesta contundente ante el s\u00faper ajuste que est\u00e1 llevando adelante el gobierno ultraderechista de Milei, que est\u00e1 pulverizando salarios, jubilaciones, planes sociales y todo tipo de ingreso popular, permitiendo v\u00eda la devaluaci\u00f3n y una inflaci\u00f3n galopante que miles de millones de d\u00f3lares pasen de los bolsillos populares a los de los ricos, las grandes empresas, los banqueros y el FMI.<\/p>\n<p>Tambi\u00e9n fue un repudio al DNU y la ley \u00f3mnibus, que intentan liquidar de un plumazo m\u00e1s de un siglo de conquistas y derechos sociales, democr\u00e1ticos y de la clase trabajadora. Y que profundiza el saqueo m\u00e1s absoluto a nuestras riquezas y la privatizaci\u00f3n de todas las empresas p\u00fablicas del pa\u00eds.<\/p>\n<p>Del mismo modo, las multitudinarias manifestaciones respondieron tambi\u00e9n al protocolo ultra represivo de Patricia Bullrich: muy r\u00e1pidamente, en la misma ma\u00f1ana apenas se vio la masividad de las primeras columnas, qued\u00f3 en la nada el \u201ccaminar por la vereda\u201d y las provocaciones montadas por la ministra de Seguridad. La jornada de hoy fue tambi\u00e9n, sin duda, una victoria contra el protocolo represivo del gobierno.<\/p>\n<p><strong>\u00bfC\u00f3mo la seguimos?<\/strong><\/p>\n<p>El gobierno de Milei, pese al golpe recibido con el paro y la movilizaci\u00f3n, va a intentar continuar adelante y prepara la sesi\u00f3n en el Congreso para la semana pr\u00f3xima con el objetivo de aprobar la ley \u00f3mnibus, el DNU y el Protocolo represivo. Cuenta para ello con el apoyo del PRO, del bloque comandado por Pichetto de Hacemos Coalici\u00f3n Federal y de la UCR (m\u00e1s all\u00e1 de las \u201cdisidencias parciales\u201d que algunos dicen tener con el proyecto oficial) y con el apoyo de gobernadores, entre ellos los peronistas Llaryora de C\u00f3rdoba o Jaldo de Tucum\u00e1n que dar\u00e1n los votos de sus diputados.<\/p>\n<p>Desde Izquierda Socialista y el Frente de Izquierda Unidad somos parte de la oposici\u00f3n m\u00e1s absoluta a la ley \u00f3mnibus y al DNU, tanto en el Congreso como en las calles, tal como lo demostramos en el paro y movilizaci\u00f3n. Decimos, como lo expres\u00f3 el Plenario del Sindicalismo Combativo, que esta enorme demostraci\u00f3n de fuerzas no puede quedar en un hecho aislado, como lamentablemente nos tiene acostumbrados la burocracia de la CGT y las CTA. Al plan motosierra solo podemos pararlo en las calles. Por eso hay que darle continuidad al paro y movilizaci\u00f3n del 24 con un nuevo paro nacional y un plan de lucha. Y convocar a movilizar el d\u00eda que se trate la ley en el Congreso para exigir su rechazo.<\/p>\n<p>Pero esto reci\u00e9n empieza, por eso, fortalecidos por esta jornada de lucha, llamamos a impulsar asambleas en los lugares de trabajo, pronunciamientos de cuerpos de delegados y profundizar todas las formas de la protesta social que se vienen dando: asambleas de vecinos, de artistas e intelectuales, del movimiento ambiental, de las mujeres y disidencias, con cacerolazos en los barrios y todas las auto convocatorias que surgen cotidianamente.<\/p>\n<p>El objetivo es derrotar todo el plan de Milei y el FMI. Para esto necesitamos la m\u00e1s amplia unidad de acci\u00f3n. Pero, al mismo tiempo, debemos se\u00f1alar la responsabilidad del peronismo, que fue quien gobernando nos llev\u00f3 a este desastre, con sus propios planes de ajuste, entrega y sometimiento al FMI, llevando a que el repudio popular a su gobierno terminara, lamentablemente, en el gobierno del ultraderechista de Milei.<\/p>\n<p>Por eso, decimos, desde Izquierda Socialista\/FIT Unidad, que hay otra salida. Que la crisis, debe ser pagada por quienes la provocaron, los ricos, los grandes empresarios y los banqueros. Oponiendo al programa de super ajuste de la ultraderecha de Milei un plan alternativo, obrero y popular, arrancando por un aumento inmediato y de emergencia de salarios y jubilaciones ante la infernal inflaci\u00f3n. Planteando dejar de pagar la usuraria deuda externa y romper con el FMI. Defendiendo nuestras riquezas, nuestras empresas p\u00fablicas, \u00a1que no se vendan!, as\u00ed como el Banco Naci\u00f3n no se vende, los trenes no se venden. Al contrario, reestatizando las empresas privatizadas de servicios p\u00fablicos; como en el gas, la electricidad o el sistema ferroviario (carga y pasajeros); recuperando 100% a YPF y sac\u00e1ndole a las multinacionales la explotaci\u00f3n y el saqueo de todos nuestros recursos naturales. Tambi\u00e9n hay qu\u00e9 por ponerles fuertes impuestos a los grandes empresarios y multinacionales, para as\u00ed, con todos esos recursos, volcarlos a resolver las m\u00e1s urgentes necesidades populares, de salarios y jubilaciones dignas, trabajo genuino, salud, educaci\u00f3n y vivienda para todas y todos. Este programa y la salida que postulamos a la falsa \u201clibertad\u201d del capitalismo explotador que embellece Milei, s\u00f3lo podr\u00e1 ser llevado adelante por un gobierno de las y los trabajadores y la izquierda, en el camino a una Argentina socialista.<\/p>\n<p><strong><em>Declaraci\u00f3n de Izquierda Socialista\/FIT Unidad<br \/>\n<\/em><\/strong><em>25 de enero 2024<\/em><\/p>\n<p>&nbsp;<\/p>\n<p><a href=\"https:\/\/uit-ci.org\/index.php\/2024\/01\/25\/une-greve-et-une-marche-massive-contre-les-mesures-dausterite-de-milei-et-du-fmi-nous-devons-poursuivre-avec-un-plan-de-lutte\/?lang=fr\">Lire en fran\u00e7ais<\/a><\/p>\n","protected":false},"excerpt":{"rendered":"<p>Por Prensa UIT-CI 25\/01\/2024. Millones de trabajadoras y trabajadores pararon el pa\u00eds. Centenares de miles nos movilizamos\u00a0en las principales ciudades de todas las provincias. La jornada cumpli\u00f3 un gran objetivo: fue una contundente muestra del rechazo obrero y popular al plan de ajuste y represi\u00f3n de Milei y el FMI. Fortaleci\u00f3 a la clase trabajadora [&hellip;]<\/p>\n","protected":false},"author":2,"featured_media":16656,"comment_status":"closed","ping_status":"closed","sticky":false,"template":"","format":"standard","meta":[],"categories":[23,60],"tags":[232,119,433,1850,484,270,1824,93,1851,271,1842,123,637,628,747,1616],"_links":{"self":[{"href":"https:\/\/uit-ci.org\/index.php\/wp-json\/wp\/v2\/posts\/16655"}],"collection":[{"href":"https:\/\/uit-ci.org\/index.php\/wp-json\/wp\/v2\/posts"}],"about":[{"href":"https:\/\/uit-ci.org\/index.php\/wp-json\/wp\/v2\/types\/post"}],"author":[{"embeddable":true,"href":"https:\/\/uit-ci.org\/index.php\/wp-json\/wp\/v2\/users\/2"}],"replies":[{"embeddable":true,"href":"https:\/\/uit-ci.org\/index.php\/wp-json\/wp\/v2\/comments?post=16655"}],"version-history":[{"count":3,"href":"https:\/\/uit-ci.org\/index.php\/wp-json\/wp\/v2\/posts\/16655\/revisions"}],"predecessor-version":[{"id":17860,"href":"https:\/\/uit-ci.org\/index.php\/wp-json\/wp\/v2\/posts\/16655\/revisions\/17860"}],"wp:featuredmedia":[{"embeddable":true,"href":"https:\/\/uit-ci.org\/index.php\/wp-json\/wp\/v2\/media\/16656"}],"wp:attachment":[{"href":"https:\/\/uit-ci.org\/index.php\/wp-json\/wp\/v2\/media?parent=16655"}],"wp:term":[{"taxonomy":"category","embeddable":true,"href":"https:\/\/uit-ci.org\/index.php\/wp-json\/wp\/v2\/categories?post=16655"},{"taxonomy":"post_tag","embeddable":true,"href":"https:\/\/uit-ci.org\/index.php\/wp-json\/wp\/v2\/tags?post=16655"}],"curies":[{"name":"wp","href":"https:\/\/api.w.org\/{rel}","templated":true}]}}