{"id":1700,"date":"2017-07-18T17:26:59","date_gmt":"2017-07-18T17:26:59","guid":{"rendered":"http:\/\/uit-ci.org\/index.php\/2017\/07\/18\/criminal-reforma-laboral-en-brasil\/"},"modified":"2017-07-18T17:26:59","modified_gmt":"2017-07-18T17:26:59","slug":"criminal-reforma-laboral-en-brasil","status":"publish","type":"post","link":"https:\/\/uit-ci.org\/index.php\/2017\/07\/18\/criminal-reforma-laboral-en-brasil\/","title":{"rendered":"Criminal reforma laboral en Brasil"},"content":{"rendered":"<p><strong><img loading=\"lazy\" class=\" alignleft size-full wp-image-1699\" src=\"http:\/\/uit-ci.org\/wp-content\/uploads\/2017\/07\/trabajadores-contra-las-reformas.jpg\" width=\"240\" height=\"160\" alt=\"trabajadores-contra-las-reformas\" style=\"margin-right: 5px; float: left;\" srcset=\"https:\/\/uit-ci.org\/wp-content\/uploads\/2017\/07\/trabajadores-contra-las-reformas.jpg 1200w, https:\/\/uit-ci.org\/wp-content\/uploads\/2017\/07\/trabajadores-contra-las-reformas-300x200.jpg 300w, https:\/\/uit-ci.org\/wp-content\/uploads\/2017\/07\/trabajadores-contra-las-reformas-1024x683.jpg 1024w, https:\/\/uit-ci.org\/wp-content\/uploads\/2017\/07\/trabajadores-contra-las-reformas-768x512.jpg 768w, https:\/\/uit-ci.org\/wp-content\/uploads\/2017\/07\/trabajadores-contra-las-reformas-600x400.jpg 600w, https:\/\/uit-ci.org\/wp-content\/uploads\/2017\/07\/trabajadores-contra-las-reformas-750x500.jpg 750w, https:\/\/uit-ci.org\/wp-content\/uploads\/2017\/07\/trabajadores-contra-las-reformas-1140x760.jpg 1140w\" sizes=\"(max-width: 240px) 100vw, 240px\" \/>Por: Sim\u00f3n Rodr\u00edguez Porras<\/strong><\/p>\n<p>Como un zombie, el cad\u00e1ver pol\u00edtico de Temer todav\u00eda tiene una gran capacidad destructiva. Mientras se inicia el proceso de juicio pol\u00edtico en su contra, el impopular presidente logr\u00f3 imponer, con la complicidad de la burocracia sindical, en especial de la CUT dirigida por el PT, la reforma laboral, repudiada por la enorme mayor\u00eda de la poblaci\u00f3n.<\/p>\n<p>  <!--more-->  <\/p>\n<p>Se trata de un dur\u00edsimo retroceso en materia de derechos de los trabajadores, al flexibilizar las normas de contrataci\u00f3n, facilitar la rescisi\u00f3n de contratos y que los contratos colectivos tengan rango equivalente a la ley en varias materias. El concepto de \u00abjornada intermitente\u00bb introducido en la reforma plantea que las remuneraciones pueden realizarse por horas o jornadas individuales trabajadas en vez de ser mensuales. Se restringe el derecho a la justicia laboral, al encarecerlo e imponer a los trabajadores que pierdan una demanda el pago de los costes judiciales, que anteriormente corr\u00edan por cuenta del Estado. Se reducen las bonificaciones por reducci\u00f3n del tiempo de almuerzo y de descanso. Se autoriza el aumento de la jornada laboral sin acuerdo previo con los trabajadores y se posibilitan jornadas de 12 horas diarias y 60 horas semanales, sin que se compute el tiempo de viaje como parte de la jornada laboral. Se ampl\u00eda la tercerizaci\u00f3n para que legalizar que abarque incluso las actividades principales de las empresas. Se reduce la responsabilidad patronal sobre las normas de salud, higiene y seguridad, a la mera obligaci\u00f3n de instruir a los trabajadores sobre riesgos y protocolos de seguridad, incluso se autoriza a las trabajadoras embarazadas y lactantes realizar trabajos insalubres. Se permite el trabajo esclavo, sin salario, en los sectores rurales.<\/p>\n<p>El PT, intentando evitar el encarcelamiento de Lula y procurando un pacto pol\u00edtico por el adelantamiento de las elecciones, instruy\u00f3 a sus bur\u00f3cratas sindicales a que bajaran la huelga general del 30 de junio, brindando una gran ayuda a Temer y los dem\u00e1s impulsores de esta reaccionaria ley. La CST-PSOL viene planteando a la central sindical Conlutas, la Intersindical y otros sectores la urgente necesidad de convocar un plenario nacional de todos los sectores sindicales combativos dispuestos a seguir luchando con la consigna \u00abFuera Temer\u00bb y contra las reformas.<\/p>\n","protected":false},"excerpt":{"rendered":"<p>Por: Sim\u00f3n Rodr\u00edguez Porras Como un zombie, el cad\u00e1ver pol\u00edtico de Temer todav\u00eda tiene una gran capacidad destructiva. Mientras se inicia el proceso de juicio pol\u00edtico en su contra, el impopular presidente logr\u00f3 imponer, con la complicidad de la burocracia sindical, en especial de la CUT dirigida por el PT, la reforma laboral, repudiada por [&hellip;]<\/p>\n","protected":false},"author":1,"featured_media":1699,"comment_status":"open","ping_status":"open","sticky":false,"template":"","format":"standard","meta":[],"categories":[21],"tags":[],"_links":{"self":[{"href":"https:\/\/uit-ci.org\/index.php\/wp-json\/wp\/v2\/posts\/1700"}],"collection":[{"href":"https:\/\/uit-ci.org\/index.php\/wp-json\/wp\/v2\/posts"}],"about":[{"href":"https:\/\/uit-ci.org\/index.php\/wp-json\/wp\/v2\/types\/post"}],"author":[{"embeddable":true,"href":"https:\/\/uit-ci.org\/index.php\/wp-json\/wp\/v2\/users\/1"}],"replies":[{"embeddable":true,"href":"https:\/\/uit-ci.org\/index.php\/wp-json\/wp\/v2\/comments?post=1700"}],"version-history":[{"count":0,"href":"https:\/\/uit-ci.org\/index.php\/wp-json\/wp\/v2\/posts\/1700\/revisions"}],"wp:featuredmedia":[{"embeddable":true,"href":"https:\/\/uit-ci.org\/index.php\/wp-json\/wp\/v2\/media\/1699"}],"wp:attachment":[{"href":"https:\/\/uit-ci.org\/index.php\/wp-json\/wp\/v2\/media?parent=1700"}],"wp:term":[{"taxonomy":"category","embeddable":true,"href":"https:\/\/uit-ci.org\/index.php\/wp-json\/wp\/v2\/categories?post=1700"},{"taxonomy":"post_tag","embeddable":true,"href":"https:\/\/uit-ci.org\/index.php\/wp-json\/wp\/v2\/tags?post=1700"}],"curies":[{"name":"wp","href":"https:\/\/api.w.org\/{rel}","templated":true}]}}