{"id":17372,"date":"2024-03-22T17:28:30","date_gmt":"2024-03-22T17:28:30","guid":{"rendered":"http:\/\/uit-ci.org\/?p=17372"},"modified":"2024-04-05T16:24:29","modified_gmt":"2024-04-05T16:24:29","slug":"cuba-el-hambre-la-crisis-electrica-detonantes-de-nuevas-protestas","status":"publish","type":"post","link":"https:\/\/uit-ci.org\/index.php\/2024\/03\/22\/cuba-el-hambre-la-crisis-electrica-detonantes-de-nuevas-protestas\/","title":{"rendered":"Cuba: El hambre y la crisis el\u00e9ctrica, detonantes de nuevas protestas"},"content":{"rendered":"<p>Por<b> Miguel \u00c1ngel Hern\u00e1ndez, dirigente del PSL-Venezuela y la UIT-CI<\/b><\/p>\n<p>22\/3\/2024. <span style=\"font-weight: 400;\">El pasado domingo 17 de marzo estallaron protestas en Santiago de Cuba, la segunda ciudad del pa\u00eds, las cuales se reprodujeron en otras localidades como Granma y Bayamo.<\/span><\/p>\n<p><span style=\"font-weight: 400;\">Miles de cubanos salieron a las calles en las protestas m\u00e1s importantes desde las que se produjeron el 11 de julio de 2021; despu\u00e9s que se comenzara a aplicar un plan de ajuste que el gobierno de partido \u00fanico de Cuba llamara \u201cTarea de Ordenamiento\u201d. Durante los a\u00f1os 2022 y 2023 tambi\u00e9n se dieron protestas en algunas zonas del pa\u00eds, pero sin el alcance que tuvieron las que se registraron hace una semana.<\/span><\/p>\n<p><span style=\"font-weight: 400;\">Al grito de \u201ccorriente y comida\u201d, cientos de mujeres con sus ni\u00f1os se volcaron a las calles de Santiago, ante el hartazgo por la falta de comida en las bodegas, y largos per\u00edodos sin luz el\u00e9ctrica. Progresivamente se fueron sumando muchos j\u00f3venes y otras personas de las comunidades, mientras las protestas se extend\u00edan a otras zonas del pa\u00eds.<\/span><\/p>\n<p><span style=\"font-weight: 400;\">En las \u00faltimas semanas se agrav\u00f3 la crisis el\u00e9ctrica que ya es un problema end\u00e9mico en Cuba, y a esto se sum\u00f3 una gran escasez de alimentos, medicinas y otros bienes b\u00e1sicos. En el caso de la electricidad, la situaci\u00f3n se profundiz\u00f3 debido a la falta de combustible para abastecer las termoel\u00e9ctricas, produci\u00e9ndose apagones de hasta 8 y 10 horas en casi toda la isla. A todo esto se suma una inflaci\u00f3n desbordada que ha destruido el poder adquisitivo del pueblo cubano.<\/span><\/p>\n<p><span style=\"font-weight: 400;\">El sistema el\u00e9ctrico de Cuba est\u00e1 colapsado desde hace a\u00f1os. De las 8 plantas termoel\u00e9ctricas terrestres, 7 tienen m\u00e1s de 40 a\u00f1os, encontr\u00e1ndose severamente deterioradas, no solo como consecuencia del bloqueo imperialista, fundamentalmente por la falta de inversi\u00f3n y mantenimiento, ya que el r\u00e9gimen cubano ha privilegiado la construcci\u00f3n de lujosos hoteles y la inversi\u00f3n en turismo al servicio de los negocios con las multinacionales, en detrimento de los servicios p\u00fablicos y los salarios de las trabajadoras y trabajadores.<\/span><\/p>\n<p><span style=\"font-weight: 400;\">Ante las protestas, el gobierno tom\u00f3 policialmente la ciudad de La Habana como medida preventiva ante la posibilidad que la protesta se extendiera a la capital. Asimismo, cort\u00f3 la conectividad de internet, lo cual no evit\u00f3 que se difundieran im\u00e1genes y v\u00eddeos de las protestas.<\/span><\/p>\n<p><b>Las verdaderas causas de la crisis social<\/b><\/p>\n<p><span style=\"font-weight: 400;\">El presidente Miguel D\u00edaz Canel a trav\u00e9s de la red social X (antes twitter), achac\u00f3 a \u201cterroristas\u201d radicados en Miami la responsabilidad de las protestas. Y afirm\u00f3, rest\u00e1ndole significaci\u00f3n a las mismas que: \u201cVarias personas han expresado su inconformidad con la situaci\u00f3n del servicio el\u00e9ctrico y la distribuci\u00f3n de alimentos. Este contexto se intenta aprovechar por los enemigos de la Revoluci\u00f3n, con fines desestabilizadores\u201d.<\/span><\/p>\n<p><span style=\"font-weight: 400;\">Esto es completamente falso y alejado de la realidad. Lo cierto es que las protestas son expresi\u00f3n genuina del hartazgo del pueblo cubano ante el hambre, los altos precios de los bienes de primera necesidad, las tremendas carencias y la represi\u00f3n del gobierno de partido \u00fanico.<\/span><\/p>\n<p><span style=\"font-weight: 400;\">El r\u00e9gimen cubano tambi\u00e9n suele achacar los males sociales y econ\u00f3micos que aquejan al pueblo al bloqueo impuesto por el imperialismo norteamericano desde la d\u00e9cada del 60. Ese bloqueo criminal ha tenido consecuencias severas en la econom\u00eda del pa\u00eds, pero no es la causa \u00fanica de los problemas que afronta Cuba.<\/span><\/p>\n<p><span style=\"font-weight: 400;\">La causa fundamental del malestar social y de las protestas que se produjeron tienen que ver con que desde hace m\u00e1s de 30 a\u00f1os el r\u00e9gimen cubano avanz\u00f3 en la apertura de la econom\u00eda a la inversi\u00f3n extranjera privada, especialmente a grandes transnacionales en el turismo y otros sectores, restaur\u00e1ndose de esta forma la explotaci\u00f3n capitalista en Cuba.<\/span><\/p>\n<p><span style=\"font-weight: 400;\">Esto lo oculta el r\u00e9gimen del Partido Comunista cubano; pero tambi\u00e9n la prensa mundial patronal para de esa forma decir que a esta situaci\u00f3n \u201ces a lo que lleva el socialismo\u201d. As\u00ed lo repiten hasta el cansancio Trump, Milei, Bolsonaro y c\u00eda.<\/span><\/p>\n<p><span style=\"font-weight: 400;\">Muchas luchadoras o luchadores todav\u00eda pueden creer que Cuba es un pa\u00eds socialista, pero ya no es as\u00ed. En Cuba no hay ning\u00fan socialismo. Se trata de un r\u00e9gimen de partido \u00fanico represivo que al estilo de China, gobierna para los nuevos ricos y sus alianzas con las transnacionales.<\/span><\/p>\n<p><span style=\"font-weight: 400;\">En Cuba la econom\u00eda est\u00e1 dominada por las llamadas empresas mixtas, en las cuales el gobierno cubano est\u00e1 asociado a transnacionales y permite que se trabaje con salarios de 20 a 30 d\u00f3lares.<\/span><\/p>\n<p><span style=\"font-weight: 400;\">En la producci\u00f3n del ron existe la Corporaci\u00f3n Cuba Ron S.A., formada por empresarios cubanos y la francesa Ricard Pernod (due\u00f1a del whisky Chivas Regal). En turismo intervienen las multinacionales espa\u00f1olas Sol-Meli\u00e1 y Barcel\u00f3, asociadas con las corporaciones Cubacan y Gaviota, capitales cubanos privados y estatales (en particular de las fuerzas armadas). En n\u00edquel y cobalto opera desde 1992 la cubana canadiense Metal\u00fargica de Moa, con la multinacional Sherrit. En tabaco existe desde 1994 Habanos S.A., asociada a la estatal Cubatabaco y la espa\u00f1ola Altadis, la cual es propiedad de un grupo ingl\u00e9s, manejando el 80% del mercado mundial de puros. Esta es la realidad capitalista de Cuba.<\/span><\/p>\n<p><span style=\"font-weight: 400;\">Todo esto ha tra\u00eddo nefastas consecuencias en el terreno social, profundiz\u00e1ndose la pobreza y la desigualdad. Trabajadores con salarios miserables, servicios p\u00fablicos cada vez m\u00e1s deteriorados, en un contexto general de restricci\u00f3n a las libertades democr\u00e1ticas. Mientras que los militares y altos jerarcas del gobierno y el partido disfrutan de toda clase de privilegios. Altos salarios, viviendas de lujo en barrios exclusivos, acceso a d\u00f3lares, y a las llamadas tiendas de Mercado de Libre Convertibilidad (MLC), donde adquieren toda clase de productos, muchos de ellos importados, y a los cuales tienen escaso acceso la mayor\u00eda de las trabajadoras y trabajadores cubanos. Solo los que reciben remesas de parientes o amigos del exterior.<\/span><\/p>\n<p><b>Un t\u00edpico ajuste capitalista<\/b><\/p>\n<p><span style=\"font-weight: 400;\">En Cuba se anunci\u00f3 para este a\u00f1o un dur\u00edsimo ajuste, el m\u00e1s severo en d\u00e9cadas, que incluye medidas como un incremento del 25% en la tarifa el\u00e9ctrica residencial, la triplicaci\u00f3n del costo de abastecimiento de agua y un aumento del 25% del precio del cilindro de gas licuado dom\u00e9stico, y un incremento del 500% del combustible. Se aumentar\u00e1n las tarifas del transporte p\u00fablico, se eliminar\u00e1n los subsidios a los alimentos b\u00e1sicos incluidos en la cartilla de abastecimiento; un sistema de distribuci\u00f3n de alimentos que existe en Cuba desde la d\u00e9cada del 60, cada vez m\u00e1s exiguo. Por ejemplo, en 2003, le daban a la ciudadan\u00eda cada mes 207 gramos de caf\u00e9, y el a\u00f1o pasado fueron solo 20 gramos. Mientras el az\u00facar refinado pas\u00f3 de 1,6 kilos en 2003 a menos de un kilo en 2023.<\/span><\/p>\n<p><span style=\"font-weight: 400;\">Por otra parte, se producir\u00e1 una nueva devaluaci\u00f3n del peso respecto al d\u00f3lar; adem\u00e1s se congelar\u00e1 el ingreso de trabajadoras y trabajadores a la planta del Estado, y se aumentar\u00e1 el impuesto a la compra-venta de bienes, una especie de IVA, que afecta a los que menos tienen pegando directamente en el precio de los productos de consumo popular.<\/span><\/p>\n<p><span style=\"font-weight: 400;\">Esto no es m\u00e1s que un t\u00edpico ajuste capitalista, similar a los aplicados en otros pa\u00edses de Am\u00e9rica Latina. Cuyas consecuencias son un deterioro profundo del nivel de vida del pueblo cubano, con el trasfondo de un r\u00e9gimen represivo y autoritario, sin derecho a la protesta, a la huelga, ni a la organizaci\u00f3n aut\u00f3noma del pueblo y los trabajadores.<\/span><\/p>\n<p><span style=\"font-weight: 400;\">El pueblo cubano de nuevo sali\u00f3 a la calle porque no aguanta m\u00e1s la miseria, no soporta m\u00e1s el alto costo de los alimentos, la escasez de medicamentos, los apagones, y las restricciones impuestas por el r\u00e9gimen de partido \u00fanico a su leg\u00edtimo derecho a protestar.<\/span><\/p>\n<p><span style=\"font-weight: 400;\">Lo ocurrido en Cuba se asemeja a las movilizaciones que se dan en otros pa\u00edses latinoamericanos contra los planes de ajuste al pueblo trabajador.<\/span><\/p>\n<p><span style=\"font-weight: 400;\">Como socialistas revolucionarios, que siempre hemos estado en la primera fila contra el bloqueo yanqui y contra cualquier tipo de agresi\u00f3n a Cuba, hacemos un llamado a la solidaridad con los trabajadores, la juventud y todo el pueblo cubano.<\/span><\/p>\n<p><span style=\"font-weight: 400;\">Defendemos su derecho a organizarse, tener libertad para hacer huelgas y manifestarse. En el camino de terminar con el r\u00e9gimen de partido \u00fanico y lograr un verdadero socialismo, con democracia para las y los trabajadores, la juventud y el pueblo cubano.<\/span><\/p>\n<p><span style=\"font-weight: 400;\">Desde la UIT-CI damos todo nuestro respaldo a las protestas que siguen desarroll\u00e1ndose en Cuba. Planteamos que al calor de las protestas los j\u00f3venes, los trabajadores, las mujeres, se organicen para seguir enfrentando el ajuste y se vaya conformando una alternativa de izquierda revolucionaria que enfrente al gobierno y se distinga de los sectores de derecha y proimperialistas.<\/span><\/p>\n<p>&nbsp;<\/p>\n<p><a href=\"https:\/\/uit-ci.org\/index.php\/2024\/03\/29\/cuba-la-faim-et-la-crise-de-lelectricite-declenchent-de-nouvelles-manifestations\/?lang=fr\">Lire en fran\u00e7ais<\/a><\/p>\n","protected":false},"excerpt":{"rendered":"<p>Por Miguel \u00c1ngel Hern\u00e1ndez, dirigente del PSL-Venezuela y la UIT-CI 22\/3\/2024. El pasado domingo 17 de marzo estallaron protestas en Santiago de Cuba, la segunda ciudad del pa\u00eds, las cuales se reprodujeron en otras localidades como Granma y Bayamo. Miles de cubanos salieron a las calles en las protestas m\u00e1s importantes desde las que se [&hellip;]<\/p>\n","protected":false},"author":2,"featured_media":17380,"comment_status":"closed","ping_status":"closed","sticky":false,"template":"","format":"standard","meta":[],"categories":[20],"tags":[232,225,493,479,733,120,686,361,1911,477],"_links":{"self":[{"href":"https:\/\/uit-ci.org\/index.php\/wp-json\/wp\/v2\/posts\/17372"}],"collection":[{"href":"https:\/\/uit-ci.org\/index.php\/wp-json\/wp\/v2\/posts"}],"about":[{"href":"https:\/\/uit-ci.org\/index.php\/wp-json\/wp\/v2\/types\/post"}],"author":[{"embeddable":true,"href":"https:\/\/uit-ci.org\/index.php\/wp-json\/wp\/v2\/users\/2"}],"replies":[{"embeddable":true,"href":"https:\/\/uit-ci.org\/index.php\/wp-json\/wp\/v2\/comments?post=17372"}],"version-history":[{"count":2,"href":"https:\/\/uit-ci.org\/index.php\/wp-json\/wp\/v2\/posts\/17372\/revisions"}],"predecessor-version":[{"id":17412,"href":"https:\/\/uit-ci.org\/index.php\/wp-json\/wp\/v2\/posts\/17372\/revisions\/17412"}],"wp:featuredmedia":[{"embeddable":true,"href":"https:\/\/uit-ci.org\/index.php\/wp-json\/wp\/v2\/media\/17380"}],"wp:attachment":[{"href":"https:\/\/uit-ci.org\/index.php\/wp-json\/wp\/v2\/media?parent=17372"}],"wp:term":[{"taxonomy":"category","embeddable":true,"href":"https:\/\/uit-ci.org\/index.php\/wp-json\/wp\/v2\/categories?post=17372"},{"taxonomy":"post_tag","embeddable":true,"href":"https:\/\/uit-ci.org\/index.php\/wp-json\/wp\/v2\/tags?post=17372"}],"curies":[{"name":"wp","href":"https:\/\/api.w.org\/{rel}","templated":true}]}}