{"id":17624,"date":"2024-04-18T17:14:50","date_gmt":"2024-04-18T17:14:50","guid":{"rendered":"http:\/\/uit-ci.org\/?p=17624"},"modified":"2025-07-15T18:23:09","modified_gmt":"2025-07-15T18:23:09","slug":"ya-salio-la-correspondencia-internacional-edicion-especial-la-decadencia-del-capitalismo-en-siglo-xxi","status":"publish","type":"post","link":"https:\/\/uit-ci.org\/index.php\/2024\/04\/18\/ya-salio-la-correspondencia-internacional-edicion-especial-la-decadencia-del-capitalismo-en-siglo-xxi\/","title":{"rendered":"Ya sali\u00f3 la Correspondencia Internacional Edici\u00f3n Especial: La decadencia del capitalismo en siglo XXI"},"content":{"rendered":"<h4><img loading=\"lazy\" class=\"alignleft wp-image-17625 \" src=\"http:\/\/uit-ci.org\/wp-content\/uploads\/2024\/04\/tapa-w-AB-2024.jpg\" alt=\"\" width=\"230\" height=\"317\" srcset=\"https:\/\/uit-ci.org\/wp-content\/uploads\/2024\/04\/tapa-w-AB-2024.jpg 567w, https:\/\/uit-ci.org\/wp-content\/uploads\/2024\/04\/tapa-w-AB-2024-218x300.jpg 218w\" sizes=\"(max-width: 230px) 100vw, 230px\" \/>Presentaci\u00f3n<\/h4>\n<p><span style=\"font-weight: 400;\">La Unidad Internacional Trabajadoras y Trabajadores &#8211; Cuarta Internacional (UIT-CI) realiz\u00f3 en el mes de diciembre de 2023 su VIII Congreso Mundial. En los cinco meses previos, en todas sus secciones y grupos simpatizantes estuvo en discusi\u00f3n un proyecto de texto sobre la situaci\u00f3n mundial y consignas, aprobado por su CEI el 1\u00ba de julio: Proyecto de Documento Mundial. La crisis capitalista m\u00e1s grave de la historia.<img loading=\"lazy\" class=\" wp-image-17637 alignright\" src=\"http:\/\/uit-ci.org\/wp-content\/uploads\/2024\/04\/RETIRA-CONTRATAPA-218x300.jpg\" alt=\"\" width=\"230\" height=\"317\" srcset=\"https:\/\/uit-ci.org\/wp-content\/uploads\/2024\/04\/RETIRA-CONTRATAPA-218x300.jpg 218w, https:\/\/uit-ci.org\/wp-content\/uploads\/2024\/04\/RETIRA-CONTRATAPA.jpg 567w\" sizes=\"(max-width: 230px) 100vw, 230px\" \/><\/span><\/p>\n<p><span style=\"font-weight: 400;\">En las elaboraciones del congreso fue prioritario el debate sobre ese texto, al cual se sumaron diversos boletines de discusi\u00f3n con aportes de la militancia. El proyecto fue aprobado en general, con algunos agregados. Y se resolvi\u00f3 su publicaci\u00f3n como folleto\/revista en el mes de abril de 2024.<\/span><\/p>\n<p><span style=\"font-weight: 400;\">Esta edici\u00f3n incorpora tanto los agregados como la actualizaci\u00f3n de hechos importantes que se dieron desde julio del 2023 en la realidad mundial, como por ejemplo el genocidio de Israel contra el pueblo palestino de la Franja de Gaza o el triunfo del ultraderechista Milei en Argentina, y que dan continuidad a la visi\u00f3n inicial del proyecto.<\/span><\/p>\n<p style=\"text-align: right;\"><span style=\"font-weight: 400;\">Los editores, abril 2024<\/span><\/p>\n<p>&nbsp;<\/p>\n<h4><strong>Introducci\u00f3n<\/strong><\/h4>\n<p><span style=\"font-weight: 400;\">La humanidad vive cada vez m\u00e1s en peores condiciones. En especial la clase trabajadora, los sectores populares y oprimidos del mundo. Crece la desigualdad social, la pobreza, el hambre, el desempleo, las guerras y la destrucci\u00f3n ambiental.\u00a0<\/span><\/p>\n<p><span style=\"font-weight: 400;\">La causa de todo esto es el sistema capitalista-imperialista basado en una oligarqu\u00eda ultra millonaria due\u00f1a de multinacionales y bancos que explotan sin piedad a los pueblos del mundo.<\/span><\/p>\n<p><span style=\"font-weight: 400;\">Hasta en New York hay pobreza creciente, casi 1,3 millones de hogares o 3 millones de personas sufren para llegar a fin de mes en la ciudad de los rascacielos (Datos Forbes Staff, 25\/4<\/span><span style=\"font-weight: 400;\">\/<\/span><span style=\"font-weight: 400;\">2023<\/span><span style=\"font-weight: 400;\">).<\/span><\/p>\n<p><span style=\"font-weight: 400;\">Pero hay una minor\u00eda de super ricos que viven cada vez mejor. Seg\u00fan los relevamientos de Bloomberg y Forbes las diez personas m\u00e1s ricas del mundo se repitieron en 2023, pero siendo a\u00fan m\u00e1s ricos. En la tabla est\u00e1 primero<\/span> <span style=\"font-weight: 400;\">Elon Musk, due\u00f1o de Tesla y de comunicaci\u00f3n satelital y ex Twitter, ahora X, su fortuna asciende a 232.400 millones de d\u00f3lares.<\/span> <span style=\"font-weight: 400;\">El segundo lugar \u2014seg\u00fan la tabla de Bloomberg\u2014 es para Bernard Arnault, el presidente de Louis Vuitton (LVMH), con 193.500 millones de d\u00f3lares, Jeff Bezos (fundador de Amazon) est\u00e1 tercero con 178.300 millones de d\u00f3lares, un puesto por delante de Bill Gates, el fundador de Microsoft, que acumula 140.500 millones de d\u00f3lares. Los siguen Mark Zuckerberg (due\u00f1o de Meta- Facebook, Instagram y WhatsApp), con 129.600 millones de d\u00f3lares, Larry Page (cofundador de Google), con 126.800 millones de d\u00f3lares, Carlos Slim, el mexicano due\u00f1o de Am\u00e9rica M\u00f3vil, con 104.400 millones de d\u00f3lares o Amancio Ortega, el espa\u00f1ol m\u00e1s rico, due\u00f1o de Zara con 87.600 millones de d\u00f3lares, entre otros (Datos <\/span><i><span style=\"font-weight: 400;\">Clar\u00edn<\/span><\/i><span style=\"font-weight: 400;\">, Argentina, 14\/1\/2024).<\/span><\/p>\n<p><span style=\"font-weight: 400;\">Los pueblos del mundo, hartos de tantos ajustes y saqueos, salen a luchar. Hubo rebeliones populares masivas en Sri Lanka, las mujeres en Ir\u00e1n, antes en Chile, Colombia, Per\u00fa, las huelgas obreras en Francia, Alemania y resto de Europa, en Estados Unidos, en Latinoam\u00e9rica o Asia. Como tambi\u00e9n movilizaciones masivas en apoyo al pueblo palestino contra los cr\u00edmenes del sionismo en Gaza.<\/span><\/p>\n<p><span style=\"font-weight: 400;\">El cambio de fondo para salir de esta situaci\u00f3n y progresar<\/span> <span style=\"font-weight: 400;\">pasa por lograr, con la movilizaci\u00f3n, gobiernos de las y los trabajadores que abran el camino del socialismo en cada pa\u00eds y en el mundo.<\/span><\/p>\n<p><span style=\"font-weight: 400;\">Se<\/span><span style=\"font-weight: 400;\"> vuelve a ratificar que se siguen produciendo grandes movilizaciones de todo tipo, pero la gran debilidad del movimiento obrero y de masas es la falta de direcciones revolucionarias consecuentes. Ese es el eslab\u00f3n m\u00e1s d\u00e9bil de la lucha de clases. Como lo se\u00f1alaba Le\u00f3n Trotsky en el <\/span><i><span style=\"font-weight: 400;\">Programa de Transici\u00f3n<\/span><\/i><span style=\"font-weight: 400;\"> (1938): \u201cla crisis hist\u00f3rica de la humanidad se reduce a la crisis de la direcci\u00f3n revolucionaria\u201d.<\/span><\/p>\n<p><span style=\"font-weight: 400;\">Indudablemente la tarea de superar la crisis de direcci\u00f3n revolucionaria no es nada sencilla. Pero es imprescindible. La realidad de la lucha de clases mundial y el surgimiento de una vanguardia obrero juvenil, de las mujeres y popular, nos brindan nuevas y mejores oportunidades para seguir dando esa pelea. Y es en ese sentido que tenemos que seguir planteando no solo las tareas de unidad de acci\u00f3n para la movilizaci\u00f3n, sino tambi\u00e9n el llamado permanente a unir a los revolucionarios, enfrentando a las direcciones enemigas, para construir partidos revolucionarios en cada pa\u00eds. El texto que presentamos desde la UIT-CI, se suma como un aporte m\u00e1s para esa tarea estrat\u00e9gica.<\/span><\/p>\n<p><span style=\"font-weight: 400;\">Abril 2024<\/span><\/p>\n<h4 style=\"text-align: center;\"><a href=\"https:\/\/drive.google.com\/file\/d\/1SJFsfo6R008RAFvvqfNvqE4A8egPOujw\/view\">PDF<\/a><\/h4>\n","protected":false},"excerpt":{"rendered":"<p>Presentaci\u00f3n La Unidad Internacional Trabajadoras y Trabajadores &#8211; Cuarta Internacional (UIT-CI) realiz\u00f3 en el mes de diciembre de 2023 su VIII Congreso Mundial. En los cinco meses previos, en todas sus secciones y grupos simpatizantes estuvo en discusi\u00f3n un proyecto de texto sobre la situaci\u00f3n mundial y consignas, aprobado por su CEI el 1\u00ba de [&hellip;]<\/p>\n","protected":false},"author":2,"featured_media":17643,"comment_status":"closed","ping_status":"closed","sticky":false,"template":"","format":"standard","meta":[],"categories":[32,1818],"tags":[],"_links":{"self":[{"href":"https:\/\/uit-ci.org\/index.php\/wp-json\/wp\/v2\/posts\/17624"}],"collection":[{"href":"https:\/\/uit-ci.org\/index.php\/wp-json\/wp\/v2\/posts"}],"about":[{"href":"https:\/\/uit-ci.org\/index.php\/wp-json\/wp\/v2\/types\/post"}],"author":[{"embeddable":true,"href":"https:\/\/uit-ci.org\/index.php\/wp-json\/wp\/v2\/users\/2"}],"replies":[{"embeddable":true,"href":"https:\/\/uit-ci.org\/index.php\/wp-json\/wp\/v2\/comments?post=17624"}],"version-history":[{"count":5,"href":"https:\/\/uit-ci.org\/index.php\/wp-json\/wp\/v2\/posts\/17624\/revisions"}],"predecessor-version":[{"id":18837,"href":"https:\/\/uit-ci.org\/index.php\/wp-json\/wp\/v2\/posts\/17624\/revisions\/18837"}],"wp:featuredmedia":[{"embeddable":true,"href":"https:\/\/uit-ci.org\/index.php\/wp-json\/wp\/v2\/media\/17643"}],"wp:attachment":[{"href":"https:\/\/uit-ci.org\/index.php\/wp-json\/wp\/v2\/media?parent=17624"}],"wp:term":[{"taxonomy":"category","embeddable":true,"href":"https:\/\/uit-ci.org\/index.php\/wp-json\/wp\/v2\/categories?post=17624"},{"taxonomy":"post_tag","embeddable":true,"href":"https:\/\/uit-ci.org\/index.php\/wp-json\/wp\/v2\/tags?post=17624"}],"curies":[{"name":"wp","href":"https:\/\/api.w.org\/{rel}","templated":true}]}}