{"id":17857,"date":"2024-01-25T16:11:49","date_gmt":"2024-01-25T16:11:49","guid":{"rendered":"http:\/\/uit-ci.org\/?p=17857"},"modified":"2024-04-30T13:41:47","modified_gmt":"2024-04-30T13:41:47","slug":"une-greve-et-une-marche-massive-contre-les-mesures-dausterite-de-milei-et-du-fmi-nous-devons-poursuivre-avec-un-plan-de-lutte","status":"publish","type":"post","link":"https:\/\/uit-ci.org\/index.php\/2024\/01\/25\/une-greve-et-une-marche-massive-contre-les-mesures-dausterite-de-milei-et-du-fmi-nous-devons-poursuivre-avec-un-plan-de-lutte\/?lang=fr","title":{"rendered":"Une gr\u00e8ve et une marche massive contre les mesures d&#8217;aust\u00e9rit\u00e9 de Milei et du FMI. Nous devons poursuivre avec un plan de lutte !"},"content":{"rendered":"<p><i><span style=\"font-weight: 400;\">Des millions de travailleurs ont arr\u00eat\u00e9 le pays. Des centaines de milliers d&#8217;entre nous se sont mobilis\u00e9s dans les principales villes de toutes les provinces. Cette journ\u00e9e a rempli un grand objectif : elle a \u00e9t\u00e9 une d\u00e9monstration retentissante du rejet par les travailleurs et le peuple du plan d&#8217;aust\u00e9rit\u00e9 et de r\u00e9pression de Milei et du FMI. Elle a renforc\u00e9 la classe ouvri\u00e8re et tous ceux qui ont affront\u00e9 le protocole, le DNU et la loi omnibus de Milei. Des centaines de milliers d&#8217;entre nous se sont mobilis\u00e9s sur la Plaza Congreso et lors d&#8217;actions de masse dans d&#8217;autres villes comme C\u00f3rdoba, Rosario, Neuqu\u00e9n ou Bariloche, pour n&#8217;en citer que quelques-unes. Cette journ\u00e9e a \u00e9t\u00e9 le reflet de la col\u00e8re accumul\u00e9e. C&#8217;est ce qui a conduit la CGT \u00e0 appeler \u00e0 la gr\u00e8ve g\u00e9n\u00e9rale, apr\u00e8s la manifestation face au Palais de Justice \u00e0 la fin du mois de d\u00e9cembre. Le fait que cette gr\u00e8ve ait \u00e9t\u00e9 arrach\u00e9e \u00e0 la bureaucratie syndicale et qu&#8217;elle ait \u00e9t\u00e9 \u00e9nergique montre que les conditions sont r\u00e9unies pour la poursuivre, avec les diff\u00e9rentes luttes et mobilisations qui auront lieu, en promouvant les assembl\u00e9es et en exigeant que la CGT lui donne une continuit\u00e9 avec un plan de lutte pour mettre en \u00e9chec le plan tron\u00e7onneuse.<\/span><\/i><\/p>\n<p><span style=\"font-weight: 400;\">Lors du rassemblement central, une v\u00e9ritable mar\u00e9e humaine a rempli la Plaza Congreso, l&#8217;Avenida de Mayo jusqu&#8217;<\/span><span style=\"font-weight: 400;\">\u00e0<\/span><span style=\"font-weight: 400;\"> l\u2019Avenue 9 de Julio et les rues avoisinantes. Il y avait d&#8217;importantes colonnes de syndicats CGT et CTA. Mais, la pr\u00e9sence de milliers et de milliers de personnes convoqu\u00e9es par elles-m\u00eames, organis\u00e9es ou non, issues de la culture, du sport, des mouvements de d\u00e9fense des droits de l&#8217;homme, de la d\u00e9fense de l&#8217;environnement, du mouvement des femmes et des dissidents, des assembl\u00e9es de quartier de la CABA (Ville de Buenos Aires) et des banlieues, a \u00e9galement \u00e9t\u00e9 remarqu\u00e9e. Malgr\u00e9 le fait que nous soyons en vacances, des enseignants, des chercheurs, des scientifiques et des \u00e9tudiants \u00e9taient aussi pr\u00e9sents. Une grande partie de la place \u00e9tait occup\u00e9e par la colonne ind\u00e9pendante qui r\u00e9unissait le <\/span><i><span style=\"font-weight: 400;\">Plenario del Sindicalismo Combativo<\/span><\/i><span style=\"font-weight: 400;\"> (PSC) avec l&#8217;<\/span><i><span style=\"font-weight: 400;\">Encuentro Memoria, Verdad y Justicia, Unidos por la Cultura<\/span><\/i><span style=\"font-weight: 400;\">, des mouvements sociaux combatifs, le coordinateur environnemental <\/span><i><span style=\"font-weight: 400;\">Basta de Falsas Soluciones<\/span><\/i><span style=\"font-weight: 400;\"> et les partis qui composent le <\/span><i><span style=\"font-weight: 400;\">Frente de Izquierda<\/span><\/i><span style=\"font-weight: 400;\">, qui sont all\u00e9s exiger que la CGT poursuive la gr\u00e8ve, avec un plan national de lutte. La colonne du Plenario del Sindicalismo Combativo a \u00e9t\u00e9 importante, avec les cheminots de la ligne Sarmiento, Ademys, Sutna et d&#8217;autres syndicats et groupes syndicaux oppos\u00e9s \u00e0 la bureaucratie syndicale. Dans le cas des cheminots de l&#8217;Uni\u00f3n Ferroviaria de Haedo et du Bord\u00f3, avec le \u00abPollo\u00bb Sobrero en t\u00eate, ils ont form\u00e9 une impressionnante colonne de plusieurs blocs, compos\u00e9e des travailleurs de Sarmiento et d&#8217;assembl\u00e9es de quartier de la partie occidentale de l&#8217;agglom\u00e9ration qui, \u00e0 partir d&#8217;un \u00abtrenazo\u00bb parti de Moreno, ont march\u00e9 de la gare d&#8217;Once vers le rassemblement de Congreso.<\/span><\/p>\n<p><span style=\"font-weight: 400;\">La gr\u00e8ve a \u00e9galement b\u00e9n\u00e9fici\u00e9 d&#8217;une importante solidarit\u00e9 internationale de la part des centres de travailleurs, des partis de gauche et des communaut\u00e9s \u00e0 l&#8217;\u00e9tranger, qui se sont m\u00eame mobilis\u00e9s aux portes des ambassades et des consulats argentins dans des dizaines de villes.<\/span><\/p>\n<p><span style=\"font-weight: 400;\">La gr\u00e8ve et la mobilisation ont constitu\u00e9 une r\u00e9ponse \u00e9nergique au super ajustement mis en \u0153uvre par le gouvernement d&#8217;ultradroite de Milei, qui pulv\u00e9rise les salaires, les pensions, les plans sociaux et toutes sortes de revenus populaires, permettant, par le biais de la d\u00e9valuation et de l&#8217;inflation galopante, de transf\u00e9rer des milliards de dollars des poches du peuple \u00e0 celles des riches, des grandes entreprises, des banquiers et du FMI.<\/span><\/p>\n<p><span style=\"font-weight: 400;\">Il s&#8217;agissait aussi d&#8217;un rejet du DNU \/ Decret de Necessit\u00e9 et d\u2019 Urgence ) et de la loi omnibus, qui tentent d&#8217;\u00e9liminer d&#8217;un trait de plume plus d&#8217;un si\u00e8cle d&#8217;acquis et de droits sociaux, d\u00e9mocratiques et de la classe ouvri\u00e8re. Et, qui approfondit le pillage le plus absolu de nos richesses et la privatisation de toutes les entreprises publiques du pays.<\/span><\/p>\n<p><span style=\"font-weight: 400;\">De m\u00eame, les manifestations massives ont aussi r\u00e9pondu au protocole ultra-r\u00e9pressif de Patricia Bullrich : tr\u00e8s vite, le matin m\u00eame, d\u00e8s que la massivit\u00e9 des premi\u00e8res colonnes a \u00e9t\u00e9 constat\u00e9e, les \u00ab marches sur le trottoir\u00a0\u00bb et les provocations mises en place par le ministre de la S\u00e9curit\u00e9 ont \u00e9t\u00e9 r\u00e9duites \u00e0 n\u00e9ant. Aujourd&#8217;hui, c&#8217;est aussi, sans aucun doute, une victoire contre le protocole r\u00e9pressif du gouvernement.<\/span><\/p>\n<p><b>Que faisons-nous maintenant ?<\/b><\/p>\n<p><span style=\"font-weight: 400;\">Le gouvernement de Milei, malgr\u00e9 le coup re\u00e7u avec la gr\u00e8ve et la mobilisation, va tenter d&#8217;aller de l&#8217;avant et pr\u00e9parer la session du Congr\u00e8s pour la semaine prochaine dans le but d&#8217;approuver la\u00a0 Loi Omnibus, le DNU et le protocole r\u00e9pressif. Il compte sur le soutien du PRO, du bloc dirig\u00e9 par Pichetto de <\/span><i><span style=\"font-weight: 400;\">Hacemos Coalici\u00f3n Federal <\/span><\/i><span style=\"font-weight: 400;\">et de l&#8217;UCR (au-del\u00e0 de la \u00ab dissidence partielle \u00bb que certains disent avoir avec le projet de loi officiel) et sur l&#8217;appui des gouverneurs, parmi lesquels les p\u00e9ronistes Llaryora de C\u00f3rdoba ou Jaldo de Tucum\u00e1n, qui donneront les voix de leurs d\u00e9put\u00e9s.<\/span><\/p>\n<p><span style=\"font-weight: 400;\">Depuis Izquierda Socialista et le Frente de Izquierda Unidad, nous faisons partie de l&#8217;opposition la plus absolue \u00e0 la Loi Omnibus et au DNU, tant au Congr\u00e8s que dans la rue, comme nous l&#8217;avons d\u00e9montr\u00e9 lors de la gr\u00e8ve et de la mobilisation. Nous disons, comme l&#8217;a exprim\u00e9 la pl\u00e9ni\u00e8re du syndicalisme combatif, que cette \u00e9norme d\u00e9monstration de force ne peut pas constituer\u00a0 un \u00e9v\u00e9nement isol\u00e9, comme la bureaucratie de la CGT et du CTA nous y a malheureusement habitu\u00e9s. Nous ne pouvons arr\u00eater le plan tron\u00e7onneuse que dans la rue. C&#8217;est pourquoi nous devons continuer la gr\u00e8ve et la mobilisation du 24 d&#8217;une nouvelle gr\u00e8ve nationale et d&#8217;un plan de lutte. Et, appeler \u00e0 une mobilisation le jour o\u00f9 la loi sera d\u00e9battue au Congr\u00e8s pour exiger son rejet.<\/span><\/p>\n<p><span style=\"font-weight: 400;\">Mais, cela ne fait que\u00a0 commencer, c&#8217;est pourquoi, forts de cette journ\u00e9e de lutte, nous appelons \u00e0 des assembl\u00e9es sur les lieux de travail, \u00e0 des d\u00e9clarations des organes de d\u00e9l\u00e9gu\u00e9s et \u00e0 l&#8217;approfondissement de toutes les formes de protestations sociales qui ont eu lieu : assembl\u00e9es de voisins, d&#8217;artistes et d&#8217;intellectuels, mouvement \u00e9cologiste, de femmes et de dissidents, avec des \u201ccacerolazos\u201d dans les quartiers et toutes les auto-organisations qui naissent au quotidien.<\/span><\/p>\n<p><span style=\"font-weight: 400;\">L&#8217;objectif est de faire \u00e9chouer tout le plan de Milei et du FMI. Pour cela, nous avons besoin de l&#8217;unit\u00e9 d&#8217;action la plus large. Mais, simultan\u00e9ment, nous devons souligner la responsabilit\u00e9 du p\u00e9ronisme, qui nous a conduits \u00e0 ce d\u00e9sastre, avec ses propres plans d&#8217;ajustement, de capitulation et de soumission au FMI, conduisant \u00e0 la r\u00e9pudiation populaire de son gouvernement aboutissant, malheureusement, au gouvernement d&#8217;ultradroite de Milei.<\/span><\/p>\n<p><span style=\"font-weight: 400;\">C&#8217;est pourquoi nous disons, depuis Izquierda Socialista\/FIT Unidad, qu&#8217;il y a une autre issue. Que la crise doit \u00eatre pay\u00e9e par ceux qui l&#8217;ont provoqu\u00e9e, les riches, les grands entrepreneurs et les banquiers. Opposer au programme de super-ajustement de l&#8217;ultradroite de Milei un plan alternatif, ouvrier et populaire, en commen\u00e7ant par une augmentation imm\u00e9diate et urgente des salaires et des pensions face \u00e0 l&#8217;inflation infernale. Proposer de ne plus payer la dette ext\u00e9rieure usuraire et de rompre avec le FMI. D\u00e9fendre nos richesses, nos entreprises publiques, qu&#8217;elles ne soient pas vendues! tels les cas du Banco Naci\u00f3n, des trains. Au contraire, avec la nationalisation des entreprises de services publics privatis\u00e9es, comme le gaz, l&#8217;\u00e9lectricit\u00e9 ou le syst\u00e8me ferroviaire (fret et passagers) ; en r\u00e9cup\u00e9rant 100\u2009% de YPF et en retirant aux multinationales l&#8217;exploitation et le pillage de toutes nos ressources naturelles. Nous devons \u00e9galement imposer de lourdes taxes aux grands entrepreneurs et aux multinationales, afin de pouvoir utiliser toutes ces ressources pour r\u00e9pondre aux besoins populaires les plus urgents, tels que des salaires et des retraites d\u00e9cents, un v\u00e9ritable travail, la sant\u00e9, l&#8217;\u00e9ducation et le logement pour tous. Ce programme et la sortie de la fausse \u00ab\u00a0libert\u00e9\u00a0\u00bb du capitalisme d&#8217;exploitation que Milei embellit ne peuvent \u00eatre mis en \u0153uvre que par un gouvernement des travailleurs et de la gauche, sur la voie d&#8217;une Argentine socialiste.<\/span><\/p>\n<p><b>D\u00e9claration d\u2019Izquierda Socialista\/FIT-Unidad<br \/>\n<\/b><span style=\"font-weight: 400;\">25 janvier 2024<\/span><\/p>\n","protected":false},"excerpt":{"rendered":"<p>Des millions de travailleurs ont arr\u00eat\u00e9 le pays. Des centaines de milliers d&#8217;entre nous se sont mobilis\u00e9s dans les principales villes de toutes les provinces. Cette journ\u00e9e a rempli un grand objectif : elle a \u00e9t\u00e9 une d\u00e9monstration retentissante du rejet par les travailleurs et le peuple du plan d&#8217;aust\u00e9rit\u00e9 et de r\u00e9pression de Milei [&hellip;]<\/p>\n","protected":false},"author":2,"featured_media":16658,"comment_status":"closed","ping_status":"closed","sticky":false,"template":"","format":"standard","meta":[],"categories":[1],"tags":[],"_links":{"self":[{"href":"https:\/\/uit-ci.org\/index.php\/wp-json\/wp\/v2\/posts\/17857"}],"collection":[{"href":"https:\/\/uit-ci.org\/index.php\/wp-json\/wp\/v2\/posts"}],"about":[{"href":"https:\/\/uit-ci.org\/index.php\/wp-json\/wp\/v2\/types\/post"}],"author":[{"embeddable":true,"href":"https:\/\/uit-ci.org\/index.php\/wp-json\/wp\/v2\/users\/2"}],"replies":[{"embeddable":true,"href":"https:\/\/uit-ci.org\/index.php\/wp-json\/wp\/v2\/comments?post=17857"}],"version-history":[{"count":1,"href":"https:\/\/uit-ci.org\/index.php\/wp-json\/wp\/v2\/posts\/17857\/revisions"}],"predecessor-version":[{"id":17858,"href":"https:\/\/uit-ci.org\/index.php\/wp-json\/wp\/v2\/posts\/17857\/revisions\/17858"}],"wp:featuredmedia":[{"embeddable":true,"href":"https:\/\/uit-ci.org\/index.php\/wp-json\/wp\/v2\/media\/16658"}],"wp:attachment":[{"href":"https:\/\/uit-ci.org\/index.php\/wp-json\/wp\/v2\/media?parent=17857"}],"wp:term":[{"taxonomy":"category","embeddable":true,"href":"https:\/\/uit-ci.org\/index.php\/wp-json\/wp\/v2\/categories?post=17857"},{"taxonomy":"post_tag","embeddable":true,"href":"https:\/\/uit-ci.org\/index.php\/wp-json\/wp\/v2\/tags?post=17857"}],"curies":[{"name":"wp","href":"https:\/\/api.w.org\/{rel}","templated":true}]}}