{"id":17865,"date":"2023-10-14T15:56:58","date_gmt":"2023-10-14T15:56:58","guid":{"rendered":"http:\/\/uit-ci.org\/?p=17865"},"modified":"2024-04-30T13:49:41","modified_gmt":"2024-04-30T13:49:41","slug":"stop-aux-bombardements-et-le-siege-criminel-de-gaza","status":"publish","type":"post","link":"https:\/\/uit-ci.org\/index.php\/2023\/10\/14\/stop-aux-bombardements-et-le-siege-criminel-de-gaza\/?lang=fr","title":{"rendered":"Stop aux bombardements et le si\u00e8ge criminel de Gaza !"},"content":{"rendered":"<p><b>Tout le soutien au peuple palestinien<\/b><\/p>\n<p><span style=\"font-weight: 400;\">Isra\u00ebl a d\u00e9clench\u00e9 une nouvelle attaque g\u00e9nocidaire sur la bande de Gaza, dans ce qu&#8217;il a appel\u00e9 l&#8217;op\u00e9ration \u00ab\u00a0#Ep\u00e9e de Fer\u00a0\u00bb. Des avions de guerre et l&#8217;arm\u00e9e de l&#8217;entit\u00e9 sioniste bombardent la bande de Gaza. \u00c0 ce jour, plus de 2 000 Palestiniens ont \u00e9t\u00e9 tu\u00e9s, 6 500 bless\u00e9s et plus de 340 000 ont \u00e9t\u00e9 d\u00e9plac\u00e9s. Ce chiffre augmente en raison des milliers de personnes d\u00e9plac\u00e9es du nord de la bande de Gaza. D&#8217;heure en heure, ces chiffres augmenteront.\u00a0<\/span><\/p>\n<p><span style=\"font-weight: 400;\">L&#8217;ampleur de l&#8217;action brutale d&#8217;Isra\u00ebl peut \u00eatre v\u00e9rifi\u00e9e par le fait qu&#8217;en une semaine, il a effectu\u00e9 plus de 2 000 bombardements avec le d\u00e9chargement de pr\u00e8s de 6 000 bombes pesant au total 4 000 tonnes (donn\u00e9es AFP, EFE AP et Clar\u00edn, Argentine).<\/span><\/p>\n<ol>\n<li><span style=\"font-weight: 400;\"> Netanyahou a promis de laisser la bande de Gaza, un territoire de seulement 43 km de long et 10 km de large, \u00ab en ruines \u00bb, en disant \u00e0 sa population captive de \u00ab partir \u00bb m\u00eame si elle sait qu&#8217;elle ne peut pas le faire.<\/span><\/li>\n<\/ol>\n<p><span style=\"font-weight: 400;\">Le ministre isra\u00e9lien de la D\u00e9fense se vante : \u00ab Nous avons d\u00e9cid\u00e9 de couper l&#8217;approvisionnement en eau, en \u00e9lectricit\u00e9 et en carburant de Gaza\u00a0\u00bb, en violation flagrante du droit international de la guerre, renfor\u00e7ant ainsi le blocus a\u00e9rien, terrestre et maritime de Gaza, en place depuis 2007, et transformant la bande de Gaza en \u00ab la plus grande prison \u00e0 ciel ouvert du monde\u00a0\u00bb. 2,3 millions de Palestiniens y vivent dans des conditions de surpopulation, encercl\u00e9s depuis des d\u00e9cennies par l&#8217;arm\u00e9e de l&#8217;\u00c9tat sioniste d&#8217;Isra\u00ebl. Ce qui se passe serait donc semblable \u00e0 dire qu&#8217;ils bombardent le camp de concentration d&#8217;Auschwitz ou le ghetto de Varsovie pendant la Seconde Guerre mondiale. Une nouvelle extermination raciste, mais maintenant sur le peuple palestinien.<\/span><\/p>\n<p><span style=\"font-weight: 400;\">Les sc\u00e8nes font froid dans le dos. Les habitants de Gaza, en particulier les enfants, sont assassin\u00e9s par le barrage de missiles, de bombes et d&#8217;armes sophistiqu\u00e9es du sionisme isra\u00e9lien dirig\u00e9 par le meurtrier Netanyahou et le soi-disant \u00ab gouvernement d&#8217;unit\u00e9 nationale\u00a0\u00bb. M\u00e9decins Sans Fronti\u00e8res (MSF) a soulign\u00e9 que les avions isra\u00e9liens attaquent les ambulances et qu&#8217;un pourcentage \u00e9lev\u00e9 de patients dans la ville de Gaza \u00ab sont des enfants de 10 \u00e0 14 ans, parce que la plupart des bless\u00e9s sont des femmes et des enfants, car ils sont souvent dans les maisons bombard\u00e9es\u00a0\u00bb, a d\u00e9clar\u00e9 Aymar Al Djaronucha, coordinateur de MSF (12\/10\/2023, Clar\u00edn, Argentine). Le sionisme vise les h\u00f4pitaux, les quartiers populaires, les universit\u00e9s, les centrales \u00e9lectriques. Tout cela provoque une v\u00e9ritable crise humanitaire. M\u00eame le secr\u00e9taire g\u00e9n\u00e9ral de l&#8217;ONU a d\u00e9nonc\u00e9 le si\u00e8ge de Gaza et demand\u00e9 sa lev\u00e9e.<\/span><\/p>\n<p><span style=\"font-weight: 400;\">Ils ont d\u00e9clar\u00e9 la \u00ab guerre totale \u00bb contre la Palestine, mena\u00e7ant d&#8217;une invasion militaire, appelant 350 000 r\u00e9servistes. Le sionisme est soutenu par l&#8217;imp\u00e9rialisme am\u00e9ricain et l&#8217;Union europ\u00e9enne, entre autres gouvernements capitalistes.<\/span><\/p>\n<p><span style=\"font-weight: 400;\">Joe Biden s\u2019est communiqu\u00e9 avec Netanyahu et a confirm\u00e9 qu&#8217;\u00ab Isra\u00ebl aura tout ce dont il a besoin pour se d\u00e9fendre\u00a0\u00bb. Le gouvernement am\u00e9ricain a annonc\u00e9 l&#8217;envoi de navires, d&#8217;avions de chasse et d&#8217;un porte-avions nucl\u00e9aire en M\u00e9diterran\u00e9e orientale pour soutenir Isra\u00ebl dans son offensive contre le peuple palestinien.<\/span><\/p>\n<p><span style=\"font-weight: 400;\">Joe Biden, Ursula von der Leyen, pr\u00e9sidente de la Commission europ\u00e9enne et le secr\u00e9taire g\u00e9n\u00e9ral de l&#8217;OTAN ont d\u00e9clar\u00e9 hypocritement qu&#8217;Isra\u00ebl \u00ab a le droit de se d\u00e9fendre\u00a0\u00bb. Ils font ainsi d&#8217;Isra\u00ebl une victime et justifient ses attaques g\u00e9nocidaires actuelles, alors que l&#8217;\u00c9tat sioniste a \u00e9t\u00e9 cr\u00e9\u00e9 en 1948, en usurpant la terre historique des Palestiniens. Isra\u00ebl n&#8217;est pas une \u00ab d\u00e9mocratie \u00bb dans la r\u00e9gion, comme le pr\u00e9tendent faussement ses centrales. Cependant, il poursuit jusqu&#8217;\u00e0 aujourd&#8217;hui une politique de colonisation, d&#8217;apartheid et de nettoyage ethnique par le biais de crimes contre l&#8217;humanit\u00e9.<\/span><\/p>\n<p><span style=\"font-weight: 400;\">C&#8217;est le peuple palestinien qui a le \u00ab droit de se d\u00e9fendre\u00a0\u00bb contre ces atrocit\u00e9s ! Depuis le d\u00e9but de l&#8217;ann\u00e9e, 250 Palestiniens ont \u00e9t\u00e9 tu\u00e9s par les colons et l&#8217;arm\u00e9e isra\u00e9lienne, dont 44 enfants. Le r\u00e9gime sioniste d\u00e9tient plus de 4 500 prisonniers palestiniens, dont beaucoup sont condamn\u00e9s \u00e0 des peines de 25 \u00e0 30 ans. Depuis 1967, on estime que 750 000 Palestiniens sont pass\u00e9s par les prisons sionistes.<\/span><\/p>\n<p><span style=\"font-weight: 400;\">Les colons arm\u00e9s et soutenus par les forces de s\u00e9curit\u00e9 tuent, attaquent les biens palestiniens, tandis que le nettoyage ethnique se poursuit sans rel\u00e2che, avec l&#8217;expulsion de Palestiniens dont les maisons sont d\u00e9molies. Des dizaines de colons isra\u00e9liens, soutenus par des organisations d&#8217;extr\u00eame droite et ultra-religieuses, ont p\u00e9n\u00e9tr\u00e9 \u00e0 plusieurs reprises et de force dans la mosqu\u00e9e Al Aqsa \u00e0 J\u00e9rusalem-Est occup\u00e9e. La mosqu\u00e9e est le troisi\u00e8me lieu saint du monde pour les musulmans.<\/span><\/p>\n<p><span style=\"font-weight: 400;\">C&#8217;est dans ce contexte que l&#8217;offensive palestinienne de Gaza, men\u00e9e par le Hamas, a eu lieu le samedi 7 octobre. Elle n&#8217;est qu&#8217;une r\u00e9action d\u00e9sesp\u00e9r\u00e9e \u00e0 la lassitude d&#8217;un peuple soumis. C&#8217;est une nouvelle expression du droit l\u00e9gitime du peuple palestinien \u00e0 se d\u00e9fendre contre le crime et le g\u00e9nocide.<\/span><\/p>\n<p><span style=\"font-weight: 400;\">Nous d\u00e9plorons la mort de civils, de femmes et d&#8217;enfants isra\u00e9liens. Mais, qui est responsable de cette guerre ? Ce n&#8217;est ni le Hamas ni les Palestiniens. C&#8217;est l&#8217;\u00c9tat sioniste et d&#8217;apartheid d&#8217;Isra\u00ebl qui, soutenu par les \u00c9tats-Unis, opprime le peuple palestinien. Cette guerre n&#8217;a pas commenc\u00e9 le samedi 7 octobre avec l&#8217;avanc\u00e9e de la r\u00e9sistance palestinienne. Elle a commenc\u00e9 il y a 75 ans avec l&#8217;occupation de terres et de maisons par le sionisme, soutenu par les \u00c9tats-Unis. Ainsi, ils sont responsables de la guerre et des victimes civiles isra\u00e9liennes et palestiniennes.<\/span><\/p>\n<p><span style=\"font-weight: 400;\">Les socialistes de l&#8217;UIT-QI soutiennent inconditionnellement la r\u00e9sistance palestinienne, mais nous n&#8217;apportons pas de soutien politique au Hamas et \u00e0 son gouvernement \u00e0 Gaza. En revanche, nous d\u00e9non\u00e7ons la trahison permanente de l&#8217;Autorit\u00e9 palestinienne, dirig\u00e9e par le Fatah-OLP, avec \u00e0 sa t\u00eate Mahmoud Abbas, en Cisjordanie. Mais, le Hamas est d\u00e9sormais dans le camp de ceux qui affrontent le sionisme. Nous avons de grandes diff\u00e9rences dans la mesure o\u00f9 il s&#8217;agit d&#8217;un courant islamo-bourgeois, qui soutient l&#8217;Iran, le Qatar et veut remplacer Isra\u00ebl par un \u00c9tat palestinien religieux et th\u00e9ocratique. Nous luttons pour le remplacement de l&#8217;Isra\u00ebl de l&#8217;apartheid par un seul \u00c9tat palestinien, la\u00efque, non raciste et d\u00e9mocratique, sur le territoire historique de la Palestine, o\u00f9 Arabes, Juifs, Chr\u00e9tiens et autres religions peuvent vivre c\u00f4te \u00e0 c\u00f4te.<\/span><\/p>\n<p><span style=\"font-weight: 400;\">Au-del\u00e0 de ces diff\u00e9rences avec le Hamas, nous faisons tous partie du grand mouvement de r\u00e9sistance palestinien. C&#8217;est pourquoi nous le soutenons inconditionnellement et appelons \u00e0 la solidarit\u00e9 internationale avec lui.\u00a0<\/span><\/p>\n<p><span style=\"font-weight: 400;\">Aujourd&#8217;hui, plus que jamais, pour mettre en \u00e9chec l&#8217;offensive criminelle d&#8217;Isra\u00ebl sur Gaza et le peuple palestinien, nous devons descendre dans la rue partout dans le monde pour faire cesser les bombardements et le si\u00e8ge g\u00e9nocidaire de la bande de Gaza. L&#8217;ultimatum de l&#8217;arm\u00e9e isra\u00e9lienne de retirer pr\u00e8s d&#8217;un million de Palestiniens du nord de Gaza, sachant qu&#8217;il n&#8217;y a pas de conditions pour eux, est un autre signe de sa politique coloniale et de nettoyage ethnique. Le peuple palestinien consid\u00e8re et d\u00e9nonce ce retrait comme une nouvelle \u00abNakba\u00bb (catastrophe), comme on appelait le nettoyage ethnique lors de la fondation de l&#8217;\u00c9tat sioniste d&#8217;Isra\u00ebl en 1948. De plus, il s&#8217;agit d&#8217;une menace de nouvelle invasion militaire de Gaza.<\/span><\/p>\n<p><span style=\"font-weight: 400;\">En solidarit\u00e9 avec le peuple palestinien, de grandes mobilisations ont eu lieu dans les pays du Moyen-Orient, en particulier au Liban, en Tunisie, o\u00f9 des milliers de personnes se sont mobilis\u00e9es, aux \u00c9tats-Unis, en Angleterre, en Espagne, en Turquie, en Am\u00e9rique latine et dans de nombreuses autres parties du monde. \u00c0 Paris, malgr\u00e9 l&#8217;interdiction du r\u00e9actionnaire et raciste Macron, plusieurs milliers de manifestants ont brav\u00e9 l&#8217;interdiction et la r\u00e9pression pour exprimer leur solidarit\u00e9 avec la Palestine. Lors des marches de soutien au peuple palestinien \u00e0 New York, il y avait une pr\u00e9sence surprenante de jeunes juifs avec des pancartes sur lesquelles on pouvait lire : \u00ab Juifs contre l&#8217;apartheid\u00a0\u00bb, \u00ab Descendants juifs des survivants de l&#8217;Holocauste contre l&#8217;apartheid isra\u00e9lien\u00a0\u00bb ou \u00ab Pas en notre nom\u00a0\u00bb, \u00ab Plus d&#8217;armes pour Isra\u00ebl\u00a0\u00bb.<\/span><\/p>\n<p><span style=\"font-weight: 400;\">Cette voie doit \u00eatre redoubl\u00e9e dans le monde entier. Les citoyens doivent exiger de leurs gouvernements qu&#8217;ils rompent tous les accords \u00e9conomiques, politiques et militaires avec Isra\u00ebl. Plus de livraisons d&#8217;armes en Isra\u00ebl et plus d&#8217;aide financi\u00e8re et militaire des \u00c9tats-Unis en Isra\u00ebl. Le retrait de la flotte am\u00e9ricaine des environs d&#8217;Isra\u00ebl et du Moyen-Orient. Que les peuples des pays arabes, par leur mobilisation, imposent de leurs gouvernements qu&#8217;ils soutiennent la r\u00e9sistance palestinienne avec tout ce qu&#8217;elle demande, et en particulier ceux qui ont reconnu Isra\u00ebl (comme l&#8217;\u00c9gypte, le Maroc ou les \u00c9mirats arabes), qu&#8217;ils rompent leurs relations d\u00e8s maintenant ! Toute la solidarit\u00e9 avec le peuple palestinien !<\/span><\/p>\n<p><span style=\"font-weight: 400;\">Depuis l&#8217;Unit\u00e9 internationale des travailleuses et des travailleurs \u2013 Quatri\u00e8me Internationale (UIT-QI), nous appelons \u00e0 des mobilisations unitaires pour mettre fin \u00e0 l&#8217;escalade g\u00e9nocidaire d&#8217;Isra\u00ebl.<\/span><\/p>\n<p>&nbsp;<\/p>\n<p><b>Stop les bombardements criminels sur Gaza ! Arr\u00eatez l&#8217;encerclement g\u00e9nocidaire !<\/b><\/p>\n<p><b>Rupture des relations avec Isra\u00ebl !<\/b><\/p>\n<p><b>Lib\u00e9ration des prisonniers palestiniens !<\/b><\/p>\n<p><b>Tout le soutien \u00e0 la r\u00e9sistance palestinienne !<\/b><\/p>\n<p>&nbsp;<\/p>\n<p><b>Unit\u00e9 internationale des travailleuses et des travailleurs \u2013 Quatri\u00e8me Internationale (UIT-QI)<\/b><br \/>\n<strong>14\/10\/2023<\/strong><\/p>\n","protected":false},"excerpt":{"rendered":"<p>Tout le soutien au peuple palestinien Isra\u00ebl a d\u00e9clench\u00e9 une nouvelle attaque g\u00e9nocidaire sur la bande de Gaza, dans ce qu&#8217;il a appel\u00e9 l&#8217;op\u00e9ration \u00ab\u00a0#Ep\u00e9e de Fer\u00a0\u00bb. Des avions de guerre et l&#8217;arm\u00e9e de l&#8217;entit\u00e9 sioniste bombardent la bande de Gaza. \u00c0 ce jour, plus de 2 000 Palestiniens ont \u00e9t\u00e9 tu\u00e9s, 6 500 bless\u00e9s [&hellip;]<\/p>\n","protected":false},"author":2,"featured_media":15854,"comment_status":"closed","ping_status":"closed","sticky":false,"template":"","format":"standard","meta":[],"categories":[1],"tags":[],"_links":{"self":[{"href":"https:\/\/uit-ci.org\/index.php\/wp-json\/wp\/v2\/posts\/17865"}],"collection":[{"href":"https:\/\/uit-ci.org\/index.php\/wp-json\/wp\/v2\/posts"}],"about":[{"href":"https:\/\/uit-ci.org\/index.php\/wp-json\/wp\/v2\/types\/post"}],"author":[{"embeddable":true,"href":"https:\/\/uit-ci.org\/index.php\/wp-json\/wp\/v2\/users\/2"}],"replies":[{"embeddable":true,"href":"https:\/\/uit-ci.org\/index.php\/wp-json\/wp\/v2\/comments?post=17865"}],"version-history":[{"count":1,"href":"https:\/\/uit-ci.org\/index.php\/wp-json\/wp\/v2\/posts\/17865\/revisions"}],"predecessor-version":[{"id":17866,"href":"https:\/\/uit-ci.org\/index.php\/wp-json\/wp\/v2\/posts\/17865\/revisions\/17866"}],"wp:featuredmedia":[{"embeddable":true,"href":"https:\/\/uit-ci.org\/index.php\/wp-json\/wp\/v2\/media\/15854"}],"wp:attachment":[{"href":"https:\/\/uit-ci.org\/index.php\/wp-json\/wp\/v2\/media?parent=17865"}],"wp:term":[{"taxonomy":"category","embeddable":true,"href":"https:\/\/uit-ci.org\/index.php\/wp-json\/wp\/v2\/categories?post=17865"},{"taxonomy":"post_tag","embeddable":true,"href":"https:\/\/uit-ci.org\/index.php\/wp-json\/wp\/v2\/tags?post=17865"}],"curies":[{"name":"wp","href":"https:\/\/api.w.org\/{rel}","templated":true}]}}