{"id":17920,"date":"2024-05-06T15:53:29","date_gmt":"2024-05-06T15:53:29","guid":{"rendered":"http:\/\/uit-ci.org\/?p=17920"},"modified":"2024-07-31T16:32:22","modified_gmt":"2024-07-31T16:32:22","slug":"estado-espanol-acampes-estudiantiles-en-la-universidad-de-barcelona-en-apoyo-al-pueblo-palestino","status":"publish","type":"post","link":"https:\/\/uit-ci.org\/index.php\/2024\/05\/06\/estado-espanol-acampes-estudiantiles-en-la-universidad-de-barcelona-en-apoyo-al-pueblo-palestino\/","title":{"rendered":"Estado espa\u00f1ol: Acampes estudiantiles en la Universidad de Barcelona en apoyo al pueblo palestino"},"content":{"rendered":"<p>Por <strong>Lucha Internacionalista<\/strong>, secci\u00f3n de la UIT-CI del Estado espa\u00f1ol<\/p>\n<p><em>Como en el 68, \u00a1El movimiento estudiantil contra el colonialismo y la represi\u00f3n! \u00a1Todo el apoyo a las acampadas universitarias!<\/em><\/p>\n<p>6\/05\/2024. La irrupci\u00f3n de las estudiantes de la Universidad de Columbia en Nueva York ha provocado una oleada de movilizaciones y ocupaciones de universidades mediante acampadas en decenas de campus en Estados Unidos. Las exigencias de los j\u00f3venes, a las que tambi\u00e9n se han sumado parte importante del profesorado, son claras: el alto el fuego permanente en Gaza y el fin del genocidio del Estado de Israel contra el pueblo palestino. En concreto, exigen tambi\u00e9n a las autoridades universitarias la desinversi\u00f3n y ruptura de relaciones acad\u00e9micas y de colaboraci\u00f3n con el Estado sionista. Reivindican el boicot acad\u00e9mico, es decir, el fin de todo tipo de relaciones con las instituciones acad\u00e9micas de Israel, en tanto que son parte indispensable de la maquinaria reproductora del aparato pol\u00edtico y militar y, sobre todo, de legitimaci\u00f3n y normalizaci\u00f3n ideol\u00f3gica del genocidio. Tambi\u00e9n denuncian la complicidad del Gobierno de Biden. No podemos olvidar que Estados Unidos es el principal proveedor de armas para Israel, pues utiliza Israel como portaaviones en Oriente Medio. Como en el 68 contra la guerra de Vietnam, el movimiento estudiantil pasa a la ofensiva por denunciar las pol\u00edticas imperialistas y colonialistas contra los pueblos del mundo.<\/p>\n<p>Otros pa\u00edses se han contagiado. En M\u00e9xico, Costa Rica, Francia, Reino Unido, Estado espa\u00f1ol y Alemania miles de estudiantes han sacado las tiendas para ocupar edificios universitarios en solidaridad con Palestina. Despu\u00e9s de m\u00e1s de 6 meses de esta brutal escalada en la historia de la ocupaci\u00f3n del territorio palestino, con m\u00e1s de 40 000 asesinatos y 2 millones de personas atrapadas en Gaza, las estudiantes han dicho basta al genocidio, a la complicidad y a la normalizaci\u00f3n.<\/p>\n<p>Sin embargo, la represi\u00f3n de los gobiernos, consecuentes con sus pol\u00edticas de complicidad, no se ha hecho esperar. En Estados Unidos, Francia o Alemania, la polic\u00eda ha intervenido las acampadas \u2013y en muchos casos han impedido que se lleven a cabo\u2013 con cargas, multas y toda una serie de prohibiciones. Una continuidad de lo que ya hab\u00edamos visto contra las movilizaciones populares en solidaridad con Palestina. En algunos casos han llegado al punto de prohibir que pueda hablarse en \u00e1rabe, lo que denota el car\u00e1cter racista e islam\u00f3fobo de sus pol\u00edticas. Los gobiernos se justifican alegando un supuesto contenido antisemita de las protestas cuando saben perfectamente de la diferencia fundamental entre esto y el antisionismo. Por eso atacan tambi\u00e9n a los jud\u00edos antisionistas que se manifiestan, porque son la evidencia contundente de que la lucha contra el holocausto es hoy la lucha contra el genocidio del pueblo palestino.<\/p>\n<p>Sin embargo, como en muchos casos, la represi\u00f3n no ha hecho m\u00e1s que hacer crecer el movimiento, ganar m\u00e1s apoyos y que las acampadas cada vez lleguen a m\u00e1s ciudades del mundo. En este sentido,\u00a0el movimiento estudiantil de la Universidad de Barcelona est\u00e1 convocando a ocupar el Edificio Hist\u00f3rico a partir de este lunes 6 de mayo. Exigen la ruptura de relaciones acad\u00e9micas de la universidad con las instituciones sionistas, pero tambi\u00e9n con todas las empresas c\u00f3mplices del apartheid con las que se tienen convenios de colaboraci\u00f3n. Tambi\u00e9n denuncian al Gobierno del Estado, que ha mantenido el comercio de armas con Israel, y al Gobierno de Catalunya, que mantiene tambi\u00e9n todos sus v\u00ednculos.<\/p>\n<p>Es fundamental todo el apoyo a esta iniciativa para que pueda ser tambi\u00e9n un precedente hacia otras universidades y, en general, hacia la movilizaci\u00f3n m\u00e1s contundente del movimiento de solidaridad.\u00a0A lo largo de la historia, el movimiento estudiantil ha tenido un rol fundamental y ha sido punta de lanza para procesos de movilizaciones generalizados: contra el imperialismo y el colonialismo, contra el patriarcado, contra las dictaduras y la represi\u00f3n y, en general, en defensa de los derechos y libertades.\u00a0Hoy tiene una nueva oportunidad para hacer historia.<\/p>\n<p><i>Lucha Internacionalista<\/i><\/p>\n<hr \/>\n<p>Intervenci\u00f3n del compa\u00f1ero Marc del Alc\u00e1zar de Lucha Internacionalista, en los acampes de la Universidad de Barcelona.<\/p>\n<blockquote class=\"twitter-tweet\" data-width=\"500\" data-dnt=\"true\">\n<p lang=\"es\" dir=\"ltr\">La juventud del mundo est\u00e1 con <a href=\"https:\/\/twitter.com\/hashtag\/Palestina?src=hash&amp;ref_src=twsrc%5Etfw\">#Palestina<\/a> y la paz.<br \/>Vamos a detener el genocido en <a href=\"https:\/\/twitter.com\/hashtag\/Gaza?src=hash&amp;ref_src=twsrc%5Etfw\">#Gaza<\/a> <a href=\"https:\/\/twitter.com\/hashtag\/Rafah?src=hash&amp;ref_src=twsrc%5Etfw\">#Rafah<\/a><a href=\"https:\/\/twitter.com\/hashtag\/Israel?src=hash&amp;ref_src=twsrc%5Etfw\">#Israel<\/a> ya ha perdido la guerra!<br \/>\u00a1Gracias por estar aqu\u00ed!<a href=\"https:\/\/twitter.com\/hashtag\/FreePalestine?src=hash&amp;ref_src=twsrc%5Etfw\">#FreePalestine<\/a> <a href=\"https:\/\/twitter.com\/hashtag\/RafahHolocaust?src=hash&amp;ref_src=twsrc%5Etfw\">#RafahHolocaust<\/a> <a href=\"https:\/\/twitter.com\/hashtag\/RafahUnderAttack?src=hash&amp;ref_src=twsrc%5Etfw\">#RafahUnderAttack<\/a> <a href=\"https:\/\/t.co\/SuQoYRpm2d\">pic.twitter.com\/SuQoYRpm2d<\/a><\/p>\n<p>&mdash; Manel M\u00e1rquez \ud83d\udd3b \ud83c\uddf5\ud83c\uddf8 (@manelmarquez) <a href=\"https:\/\/twitter.com\/manelmarquez\/status\/1788232381964370195?ref_src=twsrc%5Etfw\">May 8, 2024<\/a><\/p><\/blockquote>\n<p><script async src=\"https:\/\/platform.twitter.com\/widgets.js\" charset=\"utf-8\"><\/script><\/p>\n<p>&nbsp;<\/p>\n<p>&nbsp;<\/p>\n","protected":false},"excerpt":{"rendered":"<p>Por Lucha Internacionalista, secci\u00f3n de la UIT-CI del Estado espa\u00f1ol Como en el 68, \u00a1El movimiento estudiantil contra el colonialismo y la represi\u00f3n! \u00a1Todo el apoyo a las acampadas universitarias! 6\/05\/2024. La irrupci\u00f3n de las estudiantes de la Universidad de Columbia en Nueva York ha provocado una oleada de movilizaciones y ocupaciones de universidades mediante [&hellip;]<\/p>\n","protected":false},"author":2,"featured_media":17921,"comment_status":"closed","ping_status":"closed","sticky":false,"template":"","format":"standard","meta":[],"categories":[308,47,39],"tags":[1949,1025,1857,1425,255,208,254,1750,279,1950,1208,1951],"_links":{"self":[{"href":"https:\/\/uit-ci.org\/index.php\/wp-json\/wp\/v2\/posts\/17920"}],"collection":[{"href":"https:\/\/uit-ci.org\/index.php\/wp-json\/wp\/v2\/posts"}],"about":[{"href":"https:\/\/uit-ci.org\/index.php\/wp-json\/wp\/v2\/types\/post"}],"author":[{"embeddable":true,"href":"https:\/\/uit-ci.org\/index.php\/wp-json\/wp\/v2\/users\/2"}],"replies":[{"embeddable":true,"href":"https:\/\/uit-ci.org\/index.php\/wp-json\/wp\/v2\/comments?post=17920"}],"version-history":[{"count":4,"href":"https:\/\/uit-ci.org\/index.php\/wp-json\/wp\/v2\/posts\/17920\/revisions"}],"predecessor-version":[{"id":18019,"href":"https:\/\/uit-ci.org\/index.php\/wp-json\/wp\/v2\/posts\/17920\/revisions\/18019"}],"wp:featuredmedia":[{"embeddable":true,"href":"https:\/\/uit-ci.org\/index.php\/wp-json\/wp\/v2\/media\/17921"}],"wp:attachment":[{"href":"https:\/\/uit-ci.org\/index.php\/wp-json\/wp\/v2\/media?parent=17920"}],"wp:term":[{"taxonomy":"category","embeddable":true,"href":"https:\/\/uit-ci.org\/index.php\/wp-json\/wp\/v2\/categories?post=17920"},{"taxonomy":"post_tag","embeddable":true,"href":"https:\/\/uit-ci.org\/index.php\/wp-json\/wp\/v2\/tags?post=17920"}],"curies":[{"name":"wp","href":"https:\/\/api.w.org\/{rel}","templated":true}]}}