{"id":1795,"date":"2017-10-12T03:07:51","date_gmt":"2017-10-12T03:07:51","guid":{"rendered":"http:\/\/uit-ci.org\/index.php\/2017\/10\/12\/una-santa-alianza-contra-el-pueblo-catalan\/"},"modified":"2017-10-12T03:07:51","modified_gmt":"2017-10-12T03:07:51","slug":"una-santa-alianza-contra-el-pueblo-catalan","status":"publish","type":"post","link":"https:\/\/uit-ci.org\/index.php\/2017\/10\/12\/una-santa-alianza-contra-el-pueblo-catalan\/","title":{"rendered":"Una \u201csanta alianza\u201d contra el pueblo catal\u00e1n"},"content":{"rendered":"<p><strong><img loading=\"lazy\" class=\" alignleft size-full wp-image-1792\" src=\"http:\/\/uit-ci.org\/wp-content\/uploads\/2017\/10\/Huelga-general-en-Barcelona.jpg\" width=\"240\" height=\"148\" alt=\"Huelga general en Barcelona\" style=\"margin-right: 5px; float: left;\" \/>Por: Sim\u00f3n Rodr\u00edguez Porras<\/strong><\/p>\n<p>El vacilante Puigdemont dej\u00f3 en suspenso la independencia y la supedit\u00f3 a una negociaci\u00f3n con Madrid. Solo la movilizaci\u00f3n popular y obrera, junto con la solidaridad de los trabajadores del resto del Estado espa\u00f1ol, puede lograr que se haga efectiva la decisi\u00f3n de la mayor\u00eda del pueblo catal\u00e1n de constituir una rep\u00fablica independiente.<\/p>\n<p>  <!--more-->  <\/p>\n<p>Decenas de miles de manifestantes se reunieron en torno del Parlamento catal\u00e1n la tarde del 10 de octubre para esperar la declaraci\u00f3n de la independencia. El jefe del gobierno catal\u00e1n suspendi\u00f3 la declaraci\u00f3n y la condicion\u00f3 a negociaciones con el r\u00e9gimen mon\u00e1rquico. Miles abuchearon a Puigdemont y se retiraron en se\u00f1al de protesta. La Candidatura de Unidad Popular (CUP) rechaz\u00f3 la suspensi\u00f3n de la independencia.<\/p>\n<p>El frente contra la independencia lo encabeza el imperialismo. En su reuni\u00f3n del 26 de septiembre con Rajoy en la Casa Blanca, Trump fue claro en su apoyo al r\u00e9gimen mon\u00e1rquico y la unidad del Estado espa\u00f1ol. \u00abCreo que Espa\u00f1a es un gran pa\u00eds y tendr\u00eda que seguir unido\u00bb, asegur\u00f3 el magnate racista que gobierna los Estado Unidos, a menos de una semana del referendo en el que m\u00e1s del 90% de los votantes catalanes se expresaron a favor de la independencia. La respuesta del propio Rajoy a este ejercicio democr\u00e1tico fue enviar a miles de represores a atacar con sa\u00f1a a los votantes, generando centenares de heridos. Luego de la gran huelga general en la que los trabajadores catalanes dieron una respuesta unificada a la represi\u00f3n y en defensa de la independencia, grandes empresas como CaixaBank, Banc Sabadell, Gas Natural, VidaCaixa, Colonial, Abertis, Mediolanum y veinte m\u00e1s anunciaron su retiro de Catalunya en boicot a la independencia y por el clima de movilizaci\u00f3n popular que consideran poco propicio para los negocios capitalistas. El 5 de octubre el papa Bergoglio le manifest\u00f3 al embajador espa\u00f1ol que estaba en contra de la autodeterminaci\u00f3n del pueblo catal\u00e1n. En el mismo tenor se han pronunciado autoridades de la Uni\u00f3n Europea luego del referendo, los grandes bloques del Parlamento Europeo y la Comisi\u00f3n Europea, apoyando la represi\u00f3n de Rajoy.<\/p>\n<p>Adicionalmente, el r\u00e9gimen espa\u00f1ol ha dejado actuar impunemente a grupos neonazis en Zaragoza y Valencia y se han realizado movilizaciones en Madrid y Barcelona con consignas espa\u00f1olistas y c\u00e1nticos franquistas. Incluso el portavoz del oficialista Partido Popular, Pablo Casado, amenaz\u00f3 a los independentistas con un destino similar al de Lluis Companys, cuyo movimiento independentista fue aplastado militarmente en 1934 y a\u00f1os despu\u00e9s fue capturado en Francia y entregado por los nazis a Franco, quien lo hizo torturar y fusilar. El PSOE e Izquierda Unida, donde est\u00e1n los restos del PC espa\u00f1ol, defienden al r\u00e9gimen del 78. Podemos llama a un movimiento por la negociaci\u00f3n, \u00abParlem\u00bb.<\/p>\n<p>Ante esta ofensiva, el gobierno aut\u00f3nomo de Catalunya incumpli\u00f3 su promesa de declarar la independencia a 48 horas del referendo y finalmente ha emitido una ambigua declaraci\u00f3n de independencia en suspenso. Hay que hacer valer la voluntad mayoritaria del pueblo catal\u00e1n de independizarse, la que se expres\u00f3 en el referendo y en la huelga general. Los compa\u00f1eros de Lucha Internacionalista (LI) advierten en una declaraci\u00f3n del 6 de octubre que retroceder ante las presiones del r\u00e9gimen ser\u00eda desastroso: \u00abSolo la proclamaci\u00f3n de la rep\u00fablica, acompa\u00f1ando la firme voluntad popular, nos pondr\u00e1 en mejores condiciones para neutralizar la represi\u00f3n. De encarar mejor lo que vendr\u00e1 como un conflicto entre la Rep\u00fablica Catalana y la Monarqu\u00eda espa\u00f1ola, que no desde el marco de una autonom\u00eda intervenida [&#8230;] Proclamar y mantener con firmeza la Rep\u00fablica catalana es mantener la movilizaci\u00f3n en la calle. Por eso nos tenemos que organizar desde abajo, en los centros de trabajo y estudio, y profundizar los organismos que fueron claves el 1-O: los comit\u00e9s en defensa del refer\u00e9ndum, ahora de defensa de la rep\u00fablica. Su coordinaci\u00f3n y fusi\u00f3n con las fuerzas sindicales y el movimiento estudiantil que hicieron posible la huelga general es urgente, con un plan de continuidad que incluya nuevas convocatorias de huelga\u00bb. M\u00e1s del 80% de la poblaci\u00f3n en Catalunya y el Pa\u00eds Vasco repudia la represi\u00f3n de Rajoy y casi el 50% en el resto del Estado espa\u00f1ol. Es crucial para derrotar al podrido r\u00e9gimen espa\u00f1ol la unidad de los trabajadores de todo el territorio ib\u00e9rico y la profundizaci\u00f3n de la movilizaci\u00f3n y la organizaci\u00f3n popular aut\u00f3noma. Lamentablemente la Intersindical-CSC desconvoc\u00f3 la segunda huelga general, ante las tentativas de criminalizaci\u00f3n. Como plantea LI, \u00aben Catalunya se juega el futuro inmediato de la Monarqu\u00eda en todo el estado. Por eso las protestas ya se han empezado a expresar con fuerza en las calles del Pa\u00eds Vasco, Madrid o Andaluc\u00eda. Hay que hacer un llamamiento a la solidaridad de los pueblos y trabajadores del estado espa\u00f1ol e internacionales. Habr\u00eda que convocar en Barcelona un encuentro con organizaciones pol\u00edticas, sindicales y sociales de todas partes\u00bb.<\/p>\n","protected":false},"excerpt":{"rendered":"<p>Por: Sim\u00f3n Rodr\u00edguez Porras El vacilante Puigdemont dej\u00f3 en suspenso la independencia y la supedit\u00f3 a una negociaci\u00f3n con Madrid. Solo la movilizaci\u00f3n popular y obrera, junto con la solidaridad de los trabajadores del resto del Estado espa\u00f1ol, puede lograr que se haga efectiva la decisi\u00f3n de la mayor\u00eda del pueblo catal\u00e1n de constituir una [&hellip;]<\/p>\n","protected":false},"author":1,"featured_media":1792,"comment_status":"open","ping_status":"open","sticky":false,"template":"","format":"standard","meta":[],"categories":[21],"tags":[],"_links":{"self":[{"href":"https:\/\/uit-ci.org\/index.php\/wp-json\/wp\/v2\/posts\/1795"}],"collection":[{"href":"https:\/\/uit-ci.org\/index.php\/wp-json\/wp\/v2\/posts"}],"about":[{"href":"https:\/\/uit-ci.org\/index.php\/wp-json\/wp\/v2\/types\/post"}],"author":[{"embeddable":true,"href":"https:\/\/uit-ci.org\/index.php\/wp-json\/wp\/v2\/users\/1"}],"replies":[{"embeddable":true,"href":"https:\/\/uit-ci.org\/index.php\/wp-json\/wp\/v2\/comments?post=1795"}],"version-history":[{"count":0,"href":"https:\/\/uit-ci.org\/index.php\/wp-json\/wp\/v2\/posts\/1795\/revisions"}],"wp:featuredmedia":[{"embeddable":true,"href":"https:\/\/uit-ci.org\/index.php\/wp-json\/wp\/v2\/media\/1792"}],"wp:attachment":[{"href":"https:\/\/uit-ci.org\/index.php\/wp-json\/wp\/v2\/media?parent=1795"}],"wp:term":[{"taxonomy":"category","embeddable":true,"href":"https:\/\/uit-ci.org\/index.php\/wp-json\/wp\/v2\/categories?post=1795"},{"taxonomy":"post_tag","embeddable":true,"href":"https:\/\/uit-ci.org\/index.php\/wp-json\/wp\/v2\/tags?post=1795"}],"curies":[{"name":"wp","href":"https:\/\/api.w.org\/{rel}","templated":true}]}}