{"id":17982,"date":"2024-05-08T21:54:56","date_gmt":"2024-05-08T21:54:56","guid":{"rendered":"http:\/\/uit-ci.org\/?p=17982"},"modified":"2024-05-08T21:54:56","modified_gmt":"2024-05-08T21:54:56","slug":"con-un-34-la-formula-ricardo-martinelli-condenado-por-corrupcion-jose-raul-molino-gano-las-elecciones-en-panama","status":"publish","type":"post","link":"https:\/\/uit-ci.org\/index.php\/2024\/05\/08\/con-un-34-la-formula-ricardo-martinelli-condenado-por-corrupcion-jose-raul-molino-gano-las-elecciones-en-panama\/","title":{"rendered":"Con un 34% la f\u00f3rmula Ricardo Martinelli (condenado por corrupci\u00f3n)- Jos\u00e9 Ra\u00fal Molino, gan\u00f3 las elecciones en Panam\u00e1"},"content":{"rendered":"<p>Por <strong>Propuesta Socialista<\/strong>, secci\u00f3n de la UIT-CI de Panam\u00e1<\/p>\n<p>8\/05\/2024. La formula presidencial de extrema derecha, Ricardo Martinelli- Mulino, sufri\u00f3 un traspi\u00e9s luego de que Martinelli fuera inhabilitado por haber sido condenado a 10 a\u00f1os de prisi\u00f3n por actos de corrupci\u00f3n. Para evadir la justicia, se asil\u00f3 en la Embajada de Nicaragua desde donde lider\u00f3 la campa\u00f1a pol\u00edtica de Mulino. Esto a pesar de la advertencia tard\u00eda del Tribuna Electoral que no pod\u00eda participar en la campa\u00f1a.<\/p>\n<p>No obstante la Corte Suprema de Justicia determin\u00f3; a pocas horas de las elecciones que la candidatura de Mulino no era inconstitucional, permitiendo que corriera y de paso pudiera hacer propaganda durante el per\u00edodo de veda electoral.<\/p>\n<p>Mulino se mostr\u00f3 como \u201cun hombre fuerte\u201d, que arremeti\u00f3 contra el movimiento obrero y popular, particularmente se refiri\u00f3 los gremios magisteriales, plante\u00f3 que el ministro de educaci\u00f3n ser\u00eda un empresario, y que continuar\u00eda con la pol\u00edtica de judicializaci\u00f3n de los y las que luchan, encarcelar\u00eda a los que cierren calles entre otras medidas represivas. Adem\u00e1s reivindic\u00f3 su pasado pol\u00edtico en el ministerio de relaciones exteriores en el gobierno post invasi\u00f3n tutelado por el imperialismo yanqui de Guillermo Endara, y en ministerio de seguridad del gobierno de Martinelli. Dirigi\u00f3 la dura represi\u00f3n contra los pueblos, originarios, bocatore\u00f1o. colonense, y al movimiento obrero y popular que enfrentaron su plan empresarial de despojo a la clase trabajadora y al pueblo dejando muertos y heridos como Ger\u00f3nimo Tugr\u00ed.<\/p>\n<p>Mulino, que abiertamente pretende no respetar el fallo de CSJ, mediante el cual se declaro inconstitucional el contrato minero con la transnacional First Cuantum, y permitir con ello que la misma siga funcionando.<\/p>\n<p>\u201cEl gobierno manda y si se equivoca vuelve y manda\u201d, dijo Mulino asegurando el indulto a Martinelli y muchos otros miembros del equipo de gobierno. No obstante lo anterior, el hartazgo popular con el gobierno Cortizo &#8211; Carrizo y el \u201crobo pero hizo\u201d, condujo equivocadamente a la poblaci\u00f3n hacia una variante de ultraderecha.<\/p>\n<p>En su discurso al conocerse los resultados, Mulino reiter\u00f3: \u201cimpulsaremos un gobierno pro &#8211; inversi\u00f3n pro empresa privada\u201d y \u201cque pagar\u00e1 la impagable deuda externa\u201d la cual en el gobierno de Martinelli se increment\u00f3. Una vez conocido el resultado Mulino recibi\u00f3 el benepl\u00e1cito del secretario de Estados de los Estados Unidos Antony Blinken, quien le dijo a Mulino \u201cque esperaba una asociaci\u00f3n bilateral que incluye frenar la migraci\u00f3n irregular\u201d, es decir que le sigui\u00e9ramos cuidando su frontera.<\/p>\n<p>Por su parte el embajador de Israel en Panam\u00e1, Itai Bardov escribi\u00f3 en su cuenta X \u201cseguiremos trabajando juntos para fortalecer la nuestra estrecha alianza y las relaciones fraternales entre Panam\u00e1 e Israel.\u201d<\/p>\n<p>Propuesta Socialista UIT-CI, reinvidica la participaci\u00f3n de la izquierda y el movimiento popular en estas elecciones apoyando la f\u00f3rmula Maribel Gord\u00f3n -Richard Morales y la decisi\u00f3n de enfrentar en unidad el ajuste, saqueo las libertades democr\u00e1ticas, el derecho a la protesta, contra las imposiciones del fondo Monetario Internacional FMI, contra la criminalizaci\u00f3n de la protesta y la impunidad y la corrupci\u00f3n de ayer y de hoy.<\/p>\n<p>Propugnamos por un gobierno de las y los trabajadores como salida de fondo para el pueblo humilde y trabajador y llamamos a movilizarnos y luchar desde YA contra las medidas antiobreras, antipopulares de Mulino que se arrodilla al Fondo Monetario Internacional y al imperialismo yanki.<\/p>\n<p>&nbsp;<\/p>\n","protected":false},"excerpt":{"rendered":"<p>Por Propuesta Socialista, secci\u00f3n de la UIT-CI de Panam\u00e1 8\/05\/2024. La formula presidencial de extrema derecha, Ricardo Martinelli- Mulino, sufri\u00f3 un traspi\u00e9s luego de que Martinelli fuera inhabilitado por haber sido condenado a 10 a\u00f1os de prisi\u00f3n por actos de corrupci\u00f3n. Para evadir la justicia, se asil\u00f3 en la Embajada de Nicaragua desde donde lider\u00f3 [&hellip;]<\/p>\n","protected":false},"author":2,"featured_media":17983,"comment_status":"closed","ping_status":"closed","sticky":false,"template":"","format":"standard","meta":[],"categories":[29],"tags":[191,162,157,638,1956,1955,1089],"_links":{"self":[{"href":"https:\/\/uit-ci.org\/index.php\/wp-json\/wp\/v2\/posts\/17982"}],"collection":[{"href":"https:\/\/uit-ci.org\/index.php\/wp-json\/wp\/v2\/posts"}],"about":[{"href":"https:\/\/uit-ci.org\/index.php\/wp-json\/wp\/v2\/types\/post"}],"author":[{"embeddable":true,"href":"https:\/\/uit-ci.org\/index.php\/wp-json\/wp\/v2\/users\/2"}],"replies":[{"embeddable":true,"href":"https:\/\/uit-ci.org\/index.php\/wp-json\/wp\/v2\/comments?post=17982"}],"version-history":[{"count":1,"href":"https:\/\/uit-ci.org\/index.php\/wp-json\/wp\/v2\/posts\/17982\/revisions"}],"predecessor-version":[{"id":17989,"href":"https:\/\/uit-ci.org\/index.php\/wp-json\/wp\/v2\/posts\/17982\/revisions\/17989"}],"wp:featuredmedia":[{"embeddable":true,"href":"https:\/\/uit-ci.org\/index.php\/wp-json\/wp\/v2\/media\/17983"}],"wp:attachment":[{"href":"https:\/\/uit-ci.org\/index.php\/wp-json\/wp\/v2\/media?parent=17982"}],"wp:term":[{"taxonomy":"category","embeddable":true,"href":"https:\/\/uit-ci.org\/index.php\/wp-json\/wp\/v2\/categories?post=17982"},{"taxonomy":"post_tag","embeddable":true,"href":"https:\/\/uit-ci.org\/index.php\/wp-json\/wp\/v2\/tags?post=17982"}],"curies":[{"name":"wp","href":"https:\/\/api.w.org\/{rel}","templated":true}]}}