{"id":1837,"date":"2017-12-02T17:07:21","date_gmt":"2017-12-02T17:07:21","guid":{"rendered":"http:\/\/uit-ci.org\/index.php\/2017\/12\/02\/basta-de-represion-al-pueblo-mapuche-a-rafael-nahuel-lo-asesinaron\/"},"modified":"2017-12-02T17:07:21","modified_gmt":"2017-12-02T17:07:21","slug":"basta-de-represion-al-pueblo-mapuche-a-rafael-nahuel-lo-asesinaron","status":"publish","type":"post","link":"https:\/\/uit-ci.org\/index.php\/2017\/12\/02\/basta-de-represion-al-pueblo-mapuche-a-rafael-nahuel-lo-asesinaron\/","title":{"rendered":"Basta de represi\u00f3n al pueblo mapuche: A Rafael Nahuel lo asesinaron"},"content":{"rendered":"<p><strong><img loading=\"lazy\" class=\" alignleft size-full wp-image-1836\" src=\"http:\/\/uit-ci.org\/wp-content\/uploads\/2017\/12\/Bullrich-represora.jpg\" width=\"240\" height=\"148\" alt=\"Bullrich represora\" style=\"margin-right: 5px; float: left;\" srcset=\"https:\/\/uit-ci.org\/wp-content\/uploads\/2017\/12\/Bullrich-represora.jpg 600w, https:\/\/uit-ci.org\/wp-content\/uploads\/2017\/12\/Bullrich-represora-300x185.jpg 300w\" sizes=\"(max-width: 240px) 100vw, 240px\" \/>Por: Mariana Morena<\/strong><\/p>\n<p>Durante el desalojo de un predio en Villa Mascardi una patrulla de Prefectura Naval fusil\u00f3 por la espalda al joven mapuche Rafael Nahuel. Como en el caso de Santiago Maldonado, mientras el gobierno sali\u00f3 a justificar la represi\u00f3n como un \u00abenfrentamiento\u00bb con un grupo armado, los testimonios mapuches refieren a una nueva \u00abcacer\u00eda\u00bb en el marco de la recuperaci\u00f3n de sus tierras ancestrales usurpadas. Exigimos castigo a los culpables.<\/p>\n<p>  <!--more-->  <\/p>\n<p>El jueves 23 unos 300 efectivos del grupo Albatros de Prefectura Naval, con orden judicial del juez federal Gustavo Villanueva, arremetieron contra la Lof Laufken Winkul Mapu, que ocupaba un predio recuperado en el Parque Nacional Nahuel Huapi, en Villa Mascardi, provincia de R\u00edo Negro. Las fuerzas federales portaban pistolas ametralladoras MP5 de 9 mm y estaban autorizadas a disparar. Desalojaron el campamento y detuvieron incluso a mujeres y ni\u00f1os. Otros mapuches buscaron escondite en los cerros. El s\u00e1bado 25 una patrulla volvi\u00f3 a rastrillar la zona para atraparlos y, durante la avanzada, el joven mapuche Rafael Nahuel, de 22 a\u00f1os, fue asesinado por la espalda por un proyectil de 9 mm, seg\u00fan confirm\u00f3 la autopsia. Hubo otros dos mapuches heridos por balas de plomo y dos detenidos. Como en el caso de Santiago Maldonado, los testimonios de los mapuches apuntan a una nueva \u00abcacer\u00eda\u00bb de las fuerzas federales. \u00abSolo respondieron con piedras a las agresiones. Fueron baleados\u00bb, afirm\u00f3 una de las dirigentes de la Lof.<\/p>\n<p>La izquierda y otras agrupaciones pol\u00edticas, sociales y de derechos humanos se sumaron el domingo a la convocatoria del Encuentro Memoria, Verdad y Justicia en Plaza de Mayo y en numerosas plazas del pa\u00eds (como Bariloche, El Bols\u00f3n, Neuqu\u00e9n, Viedma, C\u00f3rdoba) para repudiar el asesinato de Rafael Nahuel, responsabilizando al gobierno y exigiendo justicia. Lamentablemente las organizaciones de derechos humanos y pol\u00edticas vinculadas al kirchnerismo brillaron por su ausencia.<\/p>\n<p><strong>Las mentiras de Bullrich<\/strong><\/p>\n<p>El Ministerio de Seguridad, por su parte, sali\u00f3 a defender el accionar de los prefectos. En un informe mentiroso e indignante afirm\u00f3 que fueron emboscados por abor\u00edgenes encapuchados con m\u00e1scaras antigases, banderas, armas blancas y otras de calibre grueso, que avanzaban con gritos amenazantes y movimientos t\u00e1cticos militares; frente a quienes se defendieron con \u00abdisparos intimidatorios\u00bb de armas no letales, \u00absiempre en direcci\u00f3n hacia los \u00e1rboles\u00bb, caracterizando sin pruebas el incidente como un \u00abvirulento enfrentamiento\u00bb con el supuesto \u00abgrupo violento\u00bb RAM (Resistencia Ancestral Mapuche). Nada se dice de que no hubo prefectos heridos ni armamento incautado. Intentando despejar dudas, el lunes la ministra Bullrich advirti\u00f3 en conferencia de prensa que llevaron adelante \u00abuna acci\u00f3n legal y leg\u00edtima\u00bb frente a la escalada de \u00abgrupos violentos que no respetan la ley y no reconocen a la Argentina, el Estado, la Constituci\u00f3n, los s\u00edmbolos\u00bb. Y remat\u00f3: \u00abNosotros no tenemos que probar lo que hacen las fuerzas en el marco de una tarea con orden judicial\u00bb, aparentando desconocer la nefasta historia de violaciones a los derechos humanos de las fuerzas de seguridad. La vicepresidenta Gabriela Michetti fue m\u00e1s lejos todav\u00eda, dijo que ante el \u00abbeneficio de la duda\u00bb, ella le daba la raz\u00f3n a la Prefectura.<\/p>\n<p><strong>Reprimen para defender a los terratenientes<\/strong><\/p>\n<p>Desde Izquierda Socialista no dudamos: como en el caso de Maldonado, se trat\u00f3 de otro operativo represivo sobre una comunidad mapuche en medio de una leg\u00edtima recuperaci\u00f3n de tierras ancestrales usurpadas, y en el contexto general de criminalizaci\u00f3n de la protesta social. Es claro que en esta disputa por las tierras el gobierno de empresarios de Macri sigue ignorando la ley 26.160 de emergencia ind\u00edgena (votada hace m\u00e1s de 20 a\u00f1os y prorrogada recientemente hasta 2021) que suspende los desalojos con el objetivo de relevar los territorios ind\u00edgenas y entregarle la tierra a sus leg\u00edtimos due\u00f1os originarios. Por el contrario, Macri y los gobernadores act\u00faan en defensa de los intereses de sus socios, los grandes terratenientes y multinacionales, como los \u00abladrones de guante blanco\u00bb Lewis, Benetton, las hidroel\u00e9ctricas, las megamineras y las petroleras. Por eso el gobierno desaloja con ametralladoras a familias indefensas bajo la farsa de combatir a un grupo terrorista ficticio, asesinando en el medio a j\u00f3venes solidarios como Santiago y Rafael. Por eso vamos a seguir movilizados para exigir el castigo a los responsables materiales y pol\u00edticos de estas muertes. Exigimos que renuncien la ministra Bullrich y sus secuaces Noceti y Burzaco. Por el fin de la represi\u00f3n y criminalizaci\u00f3n de los mapuches, la libertad para Facundo Jones Huala y todos los detenidos y la implementaci\u00f3n efectiva de la ley 26.160. \u00a1Fuera Benetton y todos los terratenientes y multinacionales de la Patagonia!<\/p>\n","protected":false},"excerpt":{"rendered":"<p>Por: Mariana Morena Durante el desalojo de un predio en Villa Mascardi una patrulla de Prefectura Naval fusil\u00f3 por la espalda al joven mapuche Rafael Nahuel. Como en el caso de Santiago Maldonado, mientras el gobierno sali\u00f3 a justificar la represi\u00f3n como un \u00abenfrentamiento\u00bb con un grupo armado, los testimonios mapuches refieren a una nueva [&hellip;]<\/p>\n","protected":false},"author":1,"featured_media":1836,"comment_status":"open","ping_status":"open","sticky":false,"template":"","format":"standard","meta":[],"categories":[21],"tags":[],"_links":{"self":[{"href":"https:\/\/uit-ci.org\/index.php\/wp-json\/wp\/v2\/posts\/1837"}],"collection":[{"href":"https:\/\/uit-ci.org\/index.php\/wp-json\/wp\/v2\/posts"}],"about":[{"href":"https:\/\/uit-ci.org\/index.php\/wp-json\/wp\/v2\/types\/post"}],"author":[{"embeddable":true,"href":"https:\/\/uit-ci.org\/index.php\/wp-json\/wp\/v2\/users\/1"}],"replies":[{"embeddable":true,"href":"https:\/\/uit-ci.org\/index.php\/wp-json\/wp\/v2\/comments?post=1837"}],"version-history":[{"count":0,"href":"https:\/\/uit-ci.org\/index.php\/wp-json\/wp\/v2\/posts\/1837\/revisions"}],"wp:featuredmedia":[{"embeddable":true,"href":"https:\/\/uit-ci.org\/index.php\/wp-json\/wp\/v2\/media\/1836"}],"wp:attachment":[{"href":"https:\/\/uit-ci.org\/index.php\/wp-json\/wp\/v2\/media?parent=1837"}],"wp:term":[{"taxonomy":"category","embeddable":true,"href":"https:\/\/uit-ci.org\/index.php\/wp-json\/wp\/v2\/categories?post=1837"},{"taxonomy":"post_tag","embeddable":true,"href":"https:\/\/uit-ci.org\/index.php\/wp-json\/wp\/v2\/tags?post=1837"}],"curies":[{"name":"wp","href":"https:\/\/api.w.org\/{rel}","templated":true}]}}