{"id":18650,"date":"2024-06-24T18:46:20","date_gmt":"2024-06-24T18:46:20","guid":{"rendered":"http:\/\/uit-ci.org\/?p=18650"},"modified":"2024-06-24T18:52:11","modified_gmt":"2024-06-24T18:52:11","slug":"portugal-solidaridad-con-las-personas-presas-politicas-en-argentina-desde-el-congreso-del-mas","status":"publish","type":"post","link":"https:\/\/uit-ci.org\/index.php\/2024\/06\/24\/portugal-solidaridad-con-las-personas-presas-politicas-en-argentina-desde-el-congreso-del-mas\/","title":{"rendered":"Portugal: Solidaridad con las personas presas pol\u00edticas en Argentina desde el Congreso del MAS"},"content":{"rendered":"<p>Por <strong>Prensa UIT-CI<\/strong><\/p>\n<p>24\/06\/2024. Desde el Congreso del partido MAS, secci\u00f3n de la UIT-CI de Portugal, la dirigenta Renata Cambra junto a lxs camaradas que la acompa\u00f1an, env\u00edan solidaridad con las personas presas pol\u00edticas en Argentina, detenidas en la manifestaci\u00f3n contra la votaci\u00f3n de la Ley Bases parte del plan de ajuste y miseria del gobierno de Javier Milei.<\/p>\n","protected":false},"excerpt":{"rendered":"<p>Por Prensa UIT-CI 24\/06\/2024. Desde el Congreso del partido MAS, secci\u00f3n de la UIT-CI de Portugal, la dirigenta Renata Cambra junto a lxs camaradas que la acompa\u00f1an, env\u00edan solidaridad con las personas presas pol\u00edticas en Argentina, detenidas en la manifestaci\u00f3n contra la votaci\u00f3n de la Ley Bases parte del plan de ajuste y miseria del [&hellip;]<\/p>\n","protected":false},"author":2,"featured_media":18652,"comment_status":"closed","ping_status":"closed","sticky":false,"template":"","format":"video","meta":[],"categories":[1848,1],"tags":[232,119,1187,93,1963,483,208,637,788,333,219,150],"_links":{"self":[{"href":"https:\/\/uit-ci.org\/index.php\/wp-json\/wp\/v2\/posts\/18650"}],"collection":[{"href":"https:\/\/uit-ci.org\/index.php\/wp-json\/wp\/v2\/posts"}],"about":[{"href":"https:\/\/uit-ci.org\/index.php\/wp-json\/wp\/v2\/types\/post"}],"author":[{"embeddable":true,"href":"https:\/\/uit-ci.org\/index.php\/wp-json\/wp\/v2\/users\/2"}],"replies":[{"embeddable":true,"href":"https:\/\/uit-ci.org\/index.php\/wp-json\/wp\/v2\/comments?post=18650"}],"version-history":[{"count":2,"href":"https:\/\/uit-ci.org\/index.php\/wp-json\/wp\/v2\/posts\/18650\/revisions"}],"predecessor-version":[{"id":18658,"href":"https:\/\/uit-ci.org\/index.php\/wp-json\/wp\/v2\/posts\/18650\/revisions\/18658"}],"wp:featuredmedia":[{"embeddable":true,"href":"https:\/\/uit-ci.org\/index.php\/wp-json\/wp\/v2\/media\/18652"}],"wp:attachment":[{"href":"https:\/\/uit-ci.org\/index.php\/wp-json\/wp\/v2\/media?parent=18650"}],"wp:term":[{"taxonomy":"category","embeddable":true,"href":"https:\/\/uit-ci.org\/index.php\/wp-json\/wp\/v2\/categories?post=18650"},{"taxonomy":"post_tag","embeddable":true,"href":"https:\/\/uit-ci.org\/index.php\/wp-json\/wp\/v2\/tags?post=18650"}],"curies":[{"name":"wp","href":"https:\/\/api.w.org\/{rel}","templated":true}]}}