{"id":19440,"date":"2024-09-10T22:05:24","date_gmt":"2024-09-10T22:05:24","guid":{"rendered":"http:\/\/uit-ci.org\/?p=19440"},"modified":"2024-09-10T22:05:24","modified_gmt":"2024-09-10T22:05:24","slug":"venezuela-campana-basta-de-represion-libertadparalxspresxsxprotestar","status":"publish","type":"post","link":"https:\/\/uit-ci.org\/index.php\/2024\/09\/10\/venezuela-campana-basta-de-represion-libertadparalxspresxsxprotestar\/","title":{"rendered":"Venezuela: Campa\u00f1a basta de represi\u00f3n #LibertadParaLxsPresxsXProtestar"},"content":{"rendered":"<p>Por <strong>Prensa UIT-CI<\/strong><\/p>\n<p>10\/09\/2024. A ra\u00edz del escandaloso fraude perpetrado por el gobierno de Maduro el pasado 28 de julio, se produjeron masivas protestas que tuvieron su epicentro en barrios populares de Caracas y otras ciudades venezolanas, ante ello el gobierno reaccion\u00f3 con una violenta e indiscriminada represi\u00f3n, que tuvo como saldo unas 25 personas asesinadas y m\u00e1s de 2000 detenidos. En ese marco varias organizaciones venimos impulsando una campa\u00f1a nacional e internacional de firmas exigiendo <b>\u00a1Basta de represi\u00f3n! \u00a1Libertad para los presos por protestar! \u00a1La protesta popular no es delito!<\/b><\/p>\n<p>En la campa\u00f1a participan el Comit\u00e9 de Familiares y Amigos por la Libertad de lxs Trabajadorxs Presxs, Partido Patria para Todos (PPT-APR), la Liga de Trabajadores por el Socialismo (LTS), Lucha de Clases, Marea Socialista, enCom\u00fan, el Partido Comunista de Venezuela (PCV), el Partido Socialismo y Libertad (PSL), Mujeres en Lucha y Pan y Rosas Venezuela.<\/p>\n<p>&nbsp;<\/p>\n<p>Firme aqu\u00ed el petitorio:<\/p>\n<p><a href=\"https:\/\/acortar.link\/Dd1uHd\" target=\"_blank\" rel=\"noopener\">https:\/\/acortar.link\/Dd1uHd<\/a><\/p>\n","protected":false},"excerpt":{"rendered":"<p>Por Prensa UIT-CI 10\/09\/2024. A ra\u00edz del escandaloso fraude perpetrado por el gobierno de Maduro el pasado 28 de julio, se produjeron masivas protestas que tuvieron su epicentro en barrios populares de Caracas y otras ciudades venezolanas, ante ello el gobierno reaccion\u00f3 con una violenta e indiscriminada represi\u00f3n, que tuvo como saldo unas 25 personas [&hellip;]<\/p>\n","protected":false},"author":2,"featured_media":19190,"comment_status":"closed","ping_status":"closed","sticky":false,"template":"","format":"standard","meta":[],"categories":[308,31],"tags":[225,480,120,157,319,93,226,271,324,1047,333,150,221],"_links":{"self":[{"href":"https:\/\/uit-ci.org\/index.php\/wp-json\/wp\/v2\/posts\/19440"}],"collection":[{"href":"https:\/\/uit-ci.org\/index.php\/wp-json\/wp\/v2\/posts"}],"about":[{"href":"https:\/\/uit-ci.org\/index.php\/wp-json\/wp\/v2\/types\/post"}],"author":[{"embeddable":true,"href":"https:\/\/uit-ci.org\/index.php\/wp-json\/wp\/v2\/users\/2"}],"replies":[{"embeddable":true,"href":"https:\/\/uit-ci.org\/index.php\/wp-json\/wp\/v2\/comments?post=19440"}],"version-history":[{"count":1,"href":"https:\/\/uit-ci.org\/index.php\/wp-json\/wp\/v2\/posts\/19440\/revisions"}],"predecessor-version":[{"id":19441,"href":"https:\/\/uit-ci.org\/index.php\/wp-json\/wp\/v2\/posts\/19440\/revisions\/19441"}],"wp:featuredmedia":[{"embeddable":true,"href":"https:\/\/uit-ci.org\/index.php\/wp-json\/wp\/v2\/media\/19190"}],"wp:attachment":[{"href":"https:\/\/uit-ci.org\/index.php\/wp-json\/wp\/v2\/media?parent=19440"}],"wp:term":[{"taxonomy":"category","embeddable":true,"href":"https:\/\/uit-ci.org\/index.php\/wp-json\/wp\/v2\/categories?post=19440"},{"taxonomy":"post_tag","embeddable":true,"href":"https:\/\/uit-ci.org\/index.php\/wp-json\/wp\/v2\/tags?post=19440"}],"curies":[{"name":"wp","href":"https:\/\/api.w.org\/{rel}","templated":true}]}}