{"id":19448,"date":"2024-09-11T14:27:45","date_gmt":"2024-09-11T14:27:45","guid":{"rendered":"http:\/\/uit-ci.org\/?p=19448"},"modified":"2025-07-28T21:13:48","modified_gmt":"2025-07-28T21:13:48","slug":"iii-evento-academico-internacional-trotsky","status":"publish","type":"post","link":"https:\/\/uit-ci.org\/index.php\/2024\/09\/11\/iii-evento-academico-internacional-trotsky\/","title":{"rendered":"III Evento Acad\u00e9mico Internacional Le\u00f3n Trotsky"},"content":{"rendered":"<p>Por <strong>Prensa UIT-CI<\/strong><\/p>\n<p>11\/09\/2024. Desde la UIT-Ci somos convocantes del III Evento Acad\u00e9mico Internacional Le\u00f3n Trotsky. Este importante evento, organizado por el soci\u00f3logo e historiador cubano Frank Garc\u00eda Hern\u00e1ndez, se realizar\u00e1 desde el 22 al 26 de octubre en la ciudad de Buenos Aires. Compartimos la intervenci\u00f3n de nuestro compa\u00f1ero de Izquierda Socialista, secci\u00f3n argentina, Pablo Almeida donde destaca la relevancia del evento e invitamos a participar con la elaboraci\u00f3n de ponencias, como as\u00ed tambi\u00e9n a participar de las mesas de debate que se realizar\u00e1n.<\/p>\n","protected":false},"excerpt":{"rendered":"<p>Por Prensa UIT-CI 11\/09\/2024. Desde la UIT-Ci somos convocantes del III Evento Acad\u00e9mico Internacional Le\u00f3n Trotsky. Este importante evento, organizado por el soci\u00f3logo e historiador cubano Frank Garc\u00eda Hern\u00e1ndez, se realizar\u00e1 desde el 22 al 26 de octubre en la ciudad de Buenos Aires. Compartimos la intervenci\u00f3n de nuestro compa\u00f1ero de Izquierda Socialista, secci\u00f3n argentina, [&hellip;]<\/p>\n","protected":false},"author":2,"featured_media":19464,"comment_status":"closed","ping_status":"closed","sticky":false,"template":"","format":"video","meta":[],"categories":[2548],"tags":[2145,429,119,2144,2143,481,485,845,1220,835,999],"_links":{"self":[{"href":"https:\/\/uit-ci.org\/index.php\/wp-json\/wp\/v2\/posts\/19448"}],"collection":[{"href":"https:\/\/uit-ci.org\/index.php\/wp-json\/wp\/v2\/posts"}],"about":[{"href":"https:\/\/uit-ci.org\/index.php\/wp-json\/wp\/v2\/types\/post"}],"author":[{"embeddable":true,"href":"https:\/\/uit-ci.org\/index.php\/wp-json\/wp\/v2\/users\/2"}],"replies":[{"embeddable":true,"href":"https:\/\/uit-ci.org\/index.php\/wp-json\/wp\/v2\/comments?post=19448"}],"version-history":[{"count":1,"href":"https:\/\/uit-ci.org\/index.php\/wp-json\/wp\/v2\/posts\/19448\/revisions"}],"predecessor-version":[{"id":19449,"href":"https:\/\/uit-ci.org\/index.php\/wp-json\/wp\/v2\/posts\/19448\/revisions\/19449"}],"wp:featuredmedia":[{"embeddable":true,"href":"https:\/\/uit-ci.org\/index.php\/wp-json\/wp\/v2\/media\/19464"}],"wp:attachment":[{"href":"https:\/\/uit-ci.org\/index.php\/wp-json\/wp\/v2\/media?parent=19448"}],"wp:term":[{"taxonomy":"category","embeddable":true,"href":"https:\/\/uit-ci.org\/index.php\/wp-json\/wp\/v2\/categories?post=19448"},{"taxonomy":"post_tag","embeddable":true,"href":"https:\/\/uit-ci.org\/index.php\/wp-json\/wp\/v2\/tags?post=19448"}],"curies":[{"name":"wp","href":"https:\/\/api.w.org\/{rel}","templated":true}]}}