{"id":19478,"date":"2024-09-13T14:28:29","date_gmt":"2024-09-13T14:28:29","guid":{"rendered":"http:\/\/uit-ci.org\/?p=19478"},"modified":"2024-09-18T18:22:57","modified_gmt":"2024-09-18T18:22:57","slug":"chacon-murio-fujimori-sigue-vivo-el-fujimorismo","status":"publish","type":"post","link":"https:\/\/uit-ci.org\/index.php\/2024\/09\/13\/chacon-murio-fujimori-sigue-vivo-el-fujimorismo\/","title":{"rendered":"Enrique Fern\u00e1ndez Chac\u00f3n: Muri\u00f3 Fujimori\u2026sigue vivo el fujimorismo"},"content":{"rendered":"<p>Por <strong>Enrique Fern\u00e1ndez Chac\u00f3n<\/strong>, dirigente del PT-UN\u00cdOS secci\u00f3n de la UIT-CI<\/p>\n<p>Fujimorismo en el Per\u00fa es sin\u00f3nimo de dictadura, de violaci\u00f3n sistem\u00e1tica de derechos humanos, de entreguismo de los recursos naturales, de privatizaciones, de destrucci\u00f3n del aparato productivo, de mafia y corrupci\u00f3n, de grupos paramilitares para asesinatos selectivos, de miles de despedidos, de liquidaci\u00f3n de los derechos adquiridos de los trabajadores y de primarizaci\u00f3n de la econom\u00eda, padre de las AFPs y de las pensiones miserables. Y como si todo esto fuera poco dejo una Constituci\u00f3n espuria que dio marco legal para santificar la entrega del pa\u00eds.<\/p>\n<p>Los gobiernos que lo sucedieron prosiguieron la ruta marcada por la pol\u00edtica econ\u00f3mica a favor de las empresas imperialistas. Aunque la Constituci\u00f3n fujimorista de 1993, ha sido muchas veces modificada, ha manteniendo intacta la esencia de la pol\u00edtica entreguista ajena a los intereses del pa\u00eds que la caracteriza.<\/p>\n<p>No falta quienes, a la muerte de Fujimori, le reconozca m\u00e9ritos que no se merece y si tuvo alguno, como derrotar electoralmente, a la derecha organizada en torno de Vargas Llosa en 1990, despu\u00e9s de ser elegido se someti\u00f3 sin vacilaciones al plan econ\u00f3mico que dise\u00f1\u00f3 el Fondo Monetario Internacional y Hernando de Soto con el embajador P\u00e9rez de Cuellar.<\/p>\n<p>Se dice que el gobierno Fujimori fue quien orden\u00f3 la pol\u00edtica econ\u00f3mica del pa\u00eds, pero no se habla que todo el peso del schock lo tuvo que soportar sobre sus hombros el pueblo, mientras que a ninguno de los 12 ap\u00f3stoles para quien gobern\u00f3 Alan Garc\u00eda se les toco los bolsillos. No dicen que el pueblo pasaba hambre mientras que el entorno fujimorista con la asesor\u00eda de Montesinos se enriquec\u00eda.<\/p>\n<p>Es cierto que la econom\u00eda peruana tuvo un fuerte crecimiento durante 30 a\u00f1os post Fujimori, esto m\u00e1s se debe al alza de los precios de los minerales, a consecuencia del crecimiento de la econom\u00eda China, que por m\u00e9rito de los gobiernos que lo sucedieron. Lo que s\u00ed es responsabilidad de los gobiernos, desde Fujimori al actual gobierno de la Sra. Boluarte, que dicho crecimiento solo ha servido para anchar las ganancias de los capitalistas, que amasan fortunas y no para mejorar la calidad de vida del pueblo trabajador, ni mejorara los sueldos, salarios y pensiones, ni de eliminar el empleo precario de m\u00e1s del 70% de la masa trabajadora.<\/p>\n<p>Fujimori en su versi\u00f3n dictatorial, asociado de Montesinos, tomo el control de todas las instituciones del estado, privatiz\u00f3 por migajas los bienes del estado, aumento la edad jubilatoria de 10 a\u00f1os m\u00e1s a las mujeres y 5 para los hombres, copi\u00f3 las AFP de Pinochet, Etc.<\/p>\n<p>Igual se le da todo el cr\u00e9dito por la derrota del terrorismo, pero no se dice nada que precisamente ante la incapacidad de las Fuerzas Armadas y Policiales de lograrlo, tuvieron que reconocer y armar a los m\u00e1s de 7,000 Comit\u00e9s de Autodefensa Campesina (CAD) que se organizaron en todo el pa\u00eds, para enfrentar y derrotar al senderismo.<\/p>\n<p>En UNIOS, no somos, ni seremos, ni en estas circunstancias parte de los que lamentan la muerte de un dictador, entreguista y violador de derechos humanos como Fujimori. En \u00faltima instancia nuestra visi\u00f3n y punto de vista es esencialmente pol\u00edtico. Estamos al lado de los agredidos de la pol\u00edtica econ\u00f3mica, de los que perdieron sus empleos, que los que perdieron a sus familiares por la acci\u00f3n de los para militares de la Fujimori y Montesinos, estamos de las mujeres esterilizadas contra su voluntad, estamos al lado de los ponen los delante los intereses del pa\u00eds y luchan por construir organizaciones pol\u00edticas que representen y defiendan los derechos de los trabajadores y los pueblos oprimidos. En suma, estamos por la sociedad socialista que destierre por completamente la explotaci\u00f3n de los hombres y mujeres de la ciudad y del campo.<\/p>\n<p>La sangre derramada jam\u00e1s ser\u00e1 olvidada.<\/p>\n<p>Por el CEN de UNIOS partido de los trabajadores<br \/>\nEnrique Fern\u00e1ndez Chac\u00f3n<\/p>\n<p>Lima, 12 de setiembre 2024<\/p>\n","protected":false},"excerpt":{"rendered":"<p>Por Enrique Fern\u00e1ndez Chac\u00f3n, dirigente del PT-UN\u00cdOS secci\u00f3n de la UIT-CI Fujimorismo en el Per\u00fa es sin\u00f3nimo de dictadura, de violaci\u00f3n sistem\u00e1tica de derechos humanos, de entreguismo de los recursos naturales, de privatizaciones, de destrucci\u00f3n del aparato productivo, de mafia y corrupci\u00f3n, de grupos paramilitares para asesinatos selectivos, de miles de despedidos, de liquidaci\u00f3n de [&hellip;]<\/p>\n","protected":false},"author":2,"featured_media":19489,"comment_status":"closed","ping_status":"closed","sticky":false,"template":"","format":"standard","meta":[],"categories":[30],"tags":[232,2146,405,261,90,270,1231,1019,120,2147,332,93,972,2150,84,2149,150,2148],"_links":{"self":[{"href":"https:\/\/uit-ci.org\/index.php\/wp-json\/wp\/v2\/posts\/19478"}],"collection":[{"href":"https:\/\/uit-ci.org\/index.php\/wp-json\/wp\/v2\/posts"}],"about":[{"href":"https:\/\/uit-ci.org\/index.php\/wp-json\/wp\/v2\/types\/post"}],"author":[{"embeddable":true,"href":"https:\/\/uit-ci.org\/index.php\/wp-json\/wp\/v2\/users\/2"}],"replies":[{"embeddable":true,"href":"https:\/\/uit-ci.org\/index.php\/wp-json\/wp\/v2\/comments?post=19478"}],"version-history":[{"count":3,"href":"https:\/\/uit-ci.org\/index.php\/wp-json\/wp\/v2\/posts\/19478\/revisions"}],"predecessor-version":[{"id":19487,"href":"https:\/\/uit-ci.org\/index.php\/wp-json\/wp\/v2\/posts\/19478\/revisions\/19487"}],"wp:featuredmedia":[{"embeddable":true,"href":"https:\/\/uit-ci.org\/index.php\/wp-json\/wp\/v2\/media\/19489"}],"wp:attachment":[{"href":"https:\/\/uit-ci.org\/index.php\/wp-json\/wp\/v2\/media?parent=19478"}],"wp:term":[{"taxonomy":"category","embeddable":true,"href":"https:\/\/uit-ci.org\/index.php\/wp-json\/wp\/v2\/categories?post=19478"},{"taxonomy":"post_tag","embeddable":true,"href":"https:\/\/uit-ci.org\/index.php\/wp-json\/wp\/v2\/tags?post=19478"}],"curies":[{"name":"wp","href":"https:\/\/api.w.org\/{rel}","templated":true}]}}