{"id":1952,"date":"2018-03-20T19:46:34","date_gmt":"2018-03-20T19:46:34","guid":{"rendered":"http:\/\/uit-ci.org\/index.php\/2018\/03\/20\/capitulo-4-europa-inestabilidad-institucional-y-polarizacion-social\/"},"modified":"2018-03-20T19:46:34","modified_gmt":"2018-03-20T19:46:34","slug":"capitulo-4-europa-inestabilidad-institucional-y-polarizacion-social","status":"publish","type":"post","link":"https:\/\/uit-ci.org\/index.php\/2018\/03\/20\/capitulo-4-europa-inestabilidad-institucional-y-polarizacion-social\/","title":{"rendered":"Capitulo 4. Europa: Inestabilidad institucional y polarizaci\u00f3n social."},"content":{"rendered":"<p>La crisis ha impuesto una polarizaci\u00f3n social sin precedentes desde la II Guerra Mundial. El trasfondo de todo este movimiento es el impacto de brutales medidas de recortes de salarios y servicios p\u00fablicos esenciales, cierres y despidos, mayor precariedad. La diferencia entre las clases se ha profundizado y sobre esa base material se han debilitado y empobrecido las llamadas clases medias: la peque\u00f1a burgues\u00eda y sectores acomodados de la clase obrera. Estos sectores sociales han sido claves en la estabilidad de los reg\u00edmenes parlamentarios de la postguerra y eran el punto de apoyo de los partidos de derecha y socialdem\u00f3cratas, partidos que han soportado las instituciones europeas por d\u00e9cadas. Con la polarizaci\u00f3n partidos hist\u00f3ricos han desaparecido y surgen nuevas fuerzas a derecha e izquierda, se acaba con el bipartidismo y crece la inestabilidad pol\u00edtica.<\/p>\n<p>El estado espa\u00f1ol ha pasado pr\u00e1cticamente un a\u00f1o con un gobierno en funciones, por la incapacidad -a pesar de haber repetido las elecciones- de conformar una mayor\u00eda parlamentaria que lo sustentara. En Italia se suceden gobiernos que intentan estabilizar la situaci\u00f3n sin lograrlo, y la \u00absoluci\u00f3n\u00bb de la reforma Constitucional de Renzi para lograr mayor\u00eda m\u00e1s estables, ha sido derrotada en el refer\u00e9ndum. Esc\u00e1ndalos de corrupci\u00f3n surgen, no porque ahora haya m\u00e1s, sino porque los mecanismos institucionales que permit\u00edan una mayor impunidad est\u00e1n en crisis.<\/p>\n<p>  <!--more-->  <\/p>\n<p>En Rumania se produjo, en febrero, una movilizaci\u00f3n de masas contra un decreto del gobierno socialdem\u00f3crata, despenalizando los casos \u00abmenores\u00bb de corrupci\u00f3n. Lo que desencaden\u00f3 gigantescas protestas, las m\u00e1s grandes desde 1989, con medio mill\u00f3n de manifestantes en las calles, que primero impusieron la anulaci\u00f3n del decreto y la ca\u00edda del ministro de Justicia y que luego continuaron reclamando que se vaya el gobierno.<\/p>\n<p>La crisis de gobernabilidad en pa\u00edses como Grecia o Italia llev\u00f3 a que la UE impusiera directamente \u00abtecn\u00f3cratas\u00bb para aplicar sus planes y tambi\u00e9n fracasaron. Incluso la canciller alemana Merkel y su CDU, s\u00edmbolo de fortaleza y poder en Europa, aparece amenazada de perder su mayor\u00eda relativa en las pr\u00f3ximas elecciones de septiembre 17, tanto por la izquierda como por la derecha.<\/p>\n<p>Hay una pugna abierta por quien va a canalizar esa reacci\u00f3n de masas contra lo establecido. En el centro y norte de Europa es la extrema derecha quien est\u00e1 canalizando electoralmente esa polarizaci\u00f3n y rechazo social, en el sur son nuevos partidos de izquierda reformista quienes est\u00e1n en condiciones de hacerlo. Pero estamos en una fase aun inicial de esa polarizaci\u00f3n. La crisis va a seguir y con ella se va a acrecentar la lucha de clases.<\/p>\n<p>4.1. Se hunde la socialdemocracia europea y se abre una recomposici\u00f3n en la izquierda.<\/p>\n<p>Por su importancia a la hora de integrar la clase obrera y los sectores populares en las instituciones burguesas, la crisis de la socialdemocracia junto a los ex partidos estalinistas, hoy socialdemocratizados, tiene una enorme trascendencia.<\/p>\n<p>La p\u00e9rdida media de la socialdemocracia europea tras 2008 ha sido de 12 puntos electorales. En Grecia, el PASOK pas\u00f3 de la mayor\u00eda absoluta en octubre 2009 a quedar en un 6&#8217;2% septiembre 2015. En el estado espa\u00f1ol, el PSOE en el mismo periodo pas\u00f3 de estar en el gobierno con un 43% al 22% del diciembre 2015. El SPD alem\u00e1n cay\u00f3 al 23% (2009) y 25&#8217;7% (2013), esto son los peores resultados desde la postguerra. Similar en Austria y Suecia. En Francia, a los socialistas en el gobierno les dan las encuestas un 5\u00ba lugar.<\/p>\n<p>No es una coincidencia. Con la crisis capitalista que se desencadena en el 2007, las necesidades del capital no dejan espacio a las migajas que precisa la socialdemocracia para delimitar su espacio pol\u00edtico. Un sector creciente trabajador que daba su voto a la socialdemocracia se lo retira tras la aplicaci\u00f3n de brutales recortes en materia legislativa (reformas laborales, aumento represi\u00f3n) y de servicios p\u00fablicos.<\/p>\n<p>La crisis de la socialdemocracia europea, que arrastra las formaciones del postestalinismo, libera un espacio pol\u00edtico en el que, en la perspectiva, puede producir una recomposici\u00f3n hist\u00f3rica. Participar en ese proceso, disputando con el neoreformismo de Syriza o Podemos, es vital para la construcci\u00f3n de partidos revolucionarios.<\/p>\n<p>4.2. Los refer\u00e9ndums los carga el diablo.<\/p>\n<p>En octubre del 2011, el primer ministro del PASOK griego, Yorgos Papandreu cay\u00f3 como primer ministro griego tras haber propuesto un refer\u00e9ndum para aceptar el acuerdo con la UE y el FMI para el segundo memor\u00e1ndum. En septiembre del 2014, Escocia vot\u00f3 sobre la independencia y por un escaso margen sali\u00f3 su continuidad en la Gran Breta\u00f1a, no obstante, el simple hecho de realizarse levant\u00f3 una enorme pol\u00e9mica dentro del Gobierno y en estados como el espa\u00f1ol, que niegan el derecho de autodeterminaci\u00f3n. D\u00edas antes del refer\u00e9ndum la City financiera de Londres se estremec\u00eda ante lo incierto del resultado. En julio del 2015 Syriza puso a refer\u00e9ndum la aceptaci\u00f3n del tercer memor\u00e1ndum y el pueblo trabajador dijo Oxi (no) con m\u00e1s del 60% de los votos, Txipras no obstante, lo aplic\u00f3. En junio de 2016 se produc\u00eda el Br\u00e9xit brit\u00e1nico que provoc\u00f3 la dimisi\u00f3n del primer ministro David Cameron &#8211;que hab\u00eda obtenido mayor\u00eda absoluta un a\u00f1o antes- y abri\u00f3 la crisis m\u00e1s profunda en la historia de la Uni\u00f3n Europea. En diciembre de 2016, en Italia, el 60% vota NO en el refer\u00e9ndum por la reforma constitucional, provocando la dimisi\u00f3n del primer ministro Mateo Renzi.<\/p>\n<p>\u00bfQu\u00e9 hay en com\u00fan en esos resultados que abren crisis pol\u00edticas? Cada vez que se plantea un plebiscito, el pueblo aprovecha para decir NO al establisment, como reacci\u00f3n ante los ataques sufridos por las clases populares. Un voto que canaliza la protesta y cuestiona las instituciones y el poder establecido. Por eso los gobiernos y las instituciones del imperialismo europeo tiemblan cada vez que puede hablar el pueblo: \u00a1y no le sobran motivos para temerlo! Hoy el estado espa\u00f1ol, por ejemplo, intenta impedir por todos los medios la decisi\u00f3n de las instituciones catalanas para realizar un refer\u00e9ndum sobre la independencia de Catalunya.<\/p>\n<p>4.3. Br\u00e9xit: la Uni\u00f3n Europea (UE) ante la mayor crisis pol\u00edtica.<\/p>\n<p>Crece el sentimiento de rechazo contra las instituciones burguesas de la UE, estado mayor de las pol\u00edticas de recortes de derechos y servicios sociales. El respeto a la decisi\u00f3n del pueblo trabajador griego en su NO al memor\u00e1ndum hubiera podido precipitar la salida de Grecia del euro o de la Uni\u00f3n Europea. As\u00ed como Grecia es el laboratorio que ha utilizado la UE para imponer los draconianos planes de ajuste, la resistencia de la clase obrera griega ha sido referencia y vanguardia para parar los planes en Europa.<\/p>\n<p>La siguiente cita de la UE con el voto popular fue la que dio lugar al br\u00e9xit en Gran Breta\u00f1a, con un gobierno conservador que \u2013aunque dividido- se pronunciaba por seguir en la UE. Decisivos fueron los votos de los sectores de la vieja clase obrera golpeados por la crisis. La prensa gast\u00f3 r\u00edos de tinta intentando identificar a esos obreros como la base de la extrema derecha del UKIP que hizo campa\u00f1a por romper con la UE, en base al racismo contra los inmigrantes. Buena parte de la izquierda institucional y alternativa acabaron dando su apoyo al remain y participando de la campa\u00f1a de criminalizaci\u00f3n de quienes votaban ruptura. Pero hab\u00eda tambi\u00e9n organizaciones de la izquierda por la ruptura, y nosotros que nos pronunciamos por el br\u00e9xit, afirmamos que el NO a la Europa de UE era tambi\u00e9n un NO al Gobierno, un No a la miseria en los planes de desertizaci\u00f3n capitalistas que han dejado sin futuro la clase obrera.<\/p>\n<p>La decisi\u00f3n del pueblo brit\u00e1nico aboca a la peor crisis vivida en la Uni\u00f3n Europea y abre la veda para que otros pueblos sigan por el mismo camino. La extrema derecha en Holanda o Francia apunta esa posibilidad con nuevos refer\u00e9ndums, intentado capitalizar ese amplio movimiento de descontento pol\u00edtico.<\/p>\n<p>Nosotros no creemos en la reforma de la Uni\u00f3n Europa, hay que derogarla. Que haya fuerzas de extrema derecha que est\u00e9n tambi\u00e9n contra la UE, no nos va a hacer cambiar de opini\u00f3n. Nuestro No a la Uni\u00f3n Europea es un no a la Europa del capital, y estas organizaciones de extrema derecha nacen para salvar al capital; su No a la UE es por su ultranacionalismo racista y xen\u00f3fobo, nuestro No es desde el internacionalismo, por una Europa de los trabajadores\/as y los pueblos, por unos Estados Unidos Socialistas de Europa.<\/p>\n<p>4.4. Derechos democr\u00e1ticos y nacionales.<\/p>\n<p>La crisis capitalista agudiza las reivindicaciones democr\u00e1ticas pendientes que la burgues\u00eda no resolvi\u00f3, que chocan con la tendencia al bonapartismo de los estados, a endurecer la represi\u00f3n y limitar los derechos y libertades. La divisa de combatir el terrorismo, en Europa como en Estados Unidos est\u00e1 al servicio de recortar de libertades democr\u00e1ticas que precisan los gobiernos para enfrentar la lucha social. Francia lleva m\u00e1s de un a\u00f1o en estado de emergencia, el Estado espa\u00f1ol aplica leyes como la conocida \u00abley mordaza\u00bb que limitan la libertad de expresi\u00f3n.<\/p>\n<p>Importantes movilizaciones se han desarrollado en defensa de los derechos democr\u00e1ticos. En Rumania contra el gobierno socialdem\u00f3crata que quiere limitar las leyes contra la corrupci\u00f3n. En Polonia contra las leyes del gobierno ultraconservador: a inicios del 2016 contra la restrictiva ley de prensa a fines de a\u00f1o decenas de miles de mujeres sal\u00edan por el derecho al aborto, que quiere prohibir, a fines de a\u00f1o centenares de miles de manifestantes bloquearon el parlamento de nuevo contra las leyes del gobierno.<\/p>\n<p>Tambi\u00e9n resurgen o se agudizan los problemas de las naciones oprimidas. Desde la lucha del pueblo kurdo contra la opresi\u00f3n y represi\u00f3n militar turca, hasta Escocia en la Gran Breta\u00f1a, pasando por la reunificaci\u00f3n de Irlanda, o el derecho de Catalu\u00f1a y el Pa\u00eds Vasco en el Estado espa\u00f1ol para poder ejercer el derecho de autodeterminaci\u00f3n.<\/p>\n<p>Tradicionalmente en el marxismo hemos distinguido tres situaciones diferentes: 1. La derivada de un proceso colonial como el control brit\u00e1nico sobre el norte de Irlanda o enclaves como Gibraltar, Ceuta o Melilla. Como hicimos en Malvinas en el que planteamos el fin del vestigio colonial, con el retorno de los enclaves a sus leg\u00edtimos due\u00f1os (sea la reunificaci\u00f3n de Irlanda, al Estado espa\u00f1ol, Marruecos o Argentina, respectivamente). El supuesto derecho a la autodeterminaci\u00f3n no es sino la manera de prolongar el hecho colonial que le dio origen. 2. La situaci\u00f3n de naciones oprimidas que viven bajo un estado, como el Kurdist\u00e1n, Chechenia o las del estado espa\u00f1ol, Escocia en Gran Breta\u00f1a, en que defendemos el derecho de autodeterminaci\u00f3n, es decir, su derecho a independizarse. 3. all\u00e1 donde se crea un problema \u00abnacional\u00bb donde no lo hab\u00eda para dividir la zona m\u00e1s rica de otras m\u00e1s pobres como el caso de la Liga Norte italiana con el Piamonte, que, como la Media Luna en Bolivia rechazamos esa divisi\u00f3n por reaccionaria.<\/p>\n<p>Nos solidarizamos con la lucha del pueblo kurdo. Denunciamos la agresi\u00f3n militar brutal a que est\u00e1 siendo sometido por el Gobierno de Erdogan. Exigimos el fin de las operaciones militares turcas en el kurdist\u00e1n, la libertad de los presos\/as, la reapertura de los medios de comunicaci\u00f3n y el reingreso de los despedidos, por el derecho de autodeterminaci\u00f3n del pueblo kurdo.<\/p>\n<p>En Catalunya a lo largo de 5 a\u00f1os se han realizado manifestaciones masivas por la independencia y la ruptura con el Estado espa\u00f1ol. Una mayor\u00eda del Parlamento auton\u00f3mico de Catalunya tambi\u00e9n se ha pronunciado por la separaci\u00f3n y ha decidido ejercer ese derecho mediante un refer\u00e9ndum. Nos pronunciamos contra las prohibiciones del estado espa\u00f1ol para realizarlo, as\u00ed como contra el procesamiento de los cargos electos catalanes por defender ese derecho. Apoyamos la constituci\u00f3n de una rep\u00fablica catalana soberana y por una federaci\u00f3n de rep\u00fablicas soberanas socialistas.<\/p>\n<p>4.5. La \u00abcrisis\u00bb de refugiados\/as.<\/p>\n<p>La llegada de refugiados\/as procedentes de las zonas en conflicto, no debiera ser ninguna crisis humanitaria para una Uni\u00f3n Europea de 500 millones de habitantes. En comparaci\u00f3n con el mill\u00f3n de inmigrantes que lleg\u00f3 a Europa, el L\u00edbano tiene otro tanto con una poblaci\u00f3n de 4,5 millones de habitantes. El problema es pol\u00edtico: es dif\u00edcil avanzar hacia un estado cada vez m\u00e1s policial y a la vez flexibilizar las fronteras. Son los estados los primeros en utilizar los y las refugiadas para dar una falsa sensaci\u00f3n de alud humano, desconociendo sus propias leyes internacionales que obligar\u00edan a acoger a los inmigrantes. Por el contrario, levantan leyes de extranjer\u00eda que criminalizan el inmigrante por el hecho de serlo y de buscar un lugar para sobrevivir.<\/p>\n<p>Los imperialismos de la Uni\u00f3n Europea, lejos de resolver los problemas que est\u00e1n en la base para que miles de personas huyan de la muerte, las dictaduras o la miseria que originan la emigraci\u00f3n, son directamente responsables de ellas: dan cobertura a dictadores, porque son necesarios para que las multinacionales europeas puedan expoliar los recursos, y alimentan las guerras con sus intervenciones militares.<\/p>\n<p>Mientras dicen no tener recursos para atender a quienes buscan refugio, se gastan enormes fortunas en blindar las fronteras con muros, con operaciones militares por mar como Fr\u00f3ntex. Gastan miles de millones a financiar a pa\u00edses como Marruecos y Turqu\u00eda (6000 M \u20ac) para que taponen el paso de inmigrantes, sin importar c\u00f3mo lo hacen y si respetan o no sus derechos.<\/p>\n<p>Los muros y las leyes contra la inmigraci\u00f3n, tampoco van a pararla, porque las causas que la empujan son de supervivencia. Lo que s\u00ed provocan los muros y las leyes de extranjer\u00eda son m\u00e1s muertos en el camino y sufrimiento a quien est\u00e1 decidido a hacer ese viaje, y que llegue arruinado, pagando a mafias los recursos que le permitir\u00edan empezar una nueva vida. El Mediterr\u00e1neo ya es la mayor fosa com\u00fan, s\u00f3lo en el 2016 murieron m\u00e1s de 5000 (un 25% m\u00e1s que el anterior), y hay miles de desaparecidos m\u00e1s.<\/p>\n<p>Ha habido importantes movilizaciones en toda Europa en solidaridad con los refugiados\/as, algunas directamente enfrentadas a movilizaciones de la extrema derecha, como las organizadas en Alemania por AFD y Pegida. En febrero se dio en Barcelona la movilizaci\u00f3n m\u00e1s grande en toda Europa por los refugiados. Se calcula en cerca de 500 mil manifestantes. Defendemos el derecho a la libertad de paso y de asilo. \u00a1Abajo los muros, fuera leyes de extranjer\u00eda! Denunciamos los imperialismos europeos y su responsabilidad en el saqueo de los pueblos.<\/p>\n<p>4.6. El auge de la extrema derecha.<\/p>\n<p>La agitaci\u00f3n que hacen los gobiernos de la UE sobre la imposibilidad de acoger los inmigrantes, el discurso de \u00abalud\u00bb en plena campa\u00f1a \u00abanti-terrorista\u00bb y con la miseria que ha engendrado la crisis sobre los sectores populares, se convierte en caldo de cultivo para la extrema derecha. No se trata de movimientos espont\u00e1neos o populares, tras la extrema derecha hay financiaci\u00f3n de sectores burgueses del gran capital que buscan el endurecimiento de los gobiernos y, m\u00e1s importante, canalizar el descontento popular no contra la burgues\u00eda dominante y su estado, que son los verdaderos responsables, sino desviarlo hacia el odio a colectivos de trabajadores\/as inmigrantes, dividendo la respuesta de clase.<\/p>\n<p>Si su populismo puede calar en sectores obreros es por la traici\u00f3n a los intereses de clase que ha hecho la socialdemocracia en el gobierno, aunque en las propuestas de la extrema derecha est\u00e1 la mano del gran capital. Su rechazo a la Uni\u00f3n Europea puede conectar con el odio creciente que viven los sectores populares contra las pol\u00edticas de ajuste y empobrecimiento que avala la Europa del capital. Pero la pol\u00edtica de estas formaciones se basa en exaltar la recuperaci\u00f3n de la grandeza de la patria imperialista y opresora, por la supremac\u00eda blanca y \u00abcristiana de occidente\u00bb. Su racismo intenta oponer la miseria creciente del trabajador aut\u00f3ctono al inmigrante y convierte la escasez de trabajo responsabilidad del capitalismo en una lucha sectaria, cultural y religiosa.<\/p>\n<p>El reflejo electoral de ese auge de partidos de extrema derecha van desde el nacionalismo racista y xen\u00f3fobo de UKIP (12,6% en 2015 Gran Breta\u00f1a) o FN (18% Francia) a grupos fascistas o nazis como Alba Dorada de Grecia. Controlan gobiernos: en Polonia el partido Ley y Justicia o en Hungr\u00eda con Viktor Orban. Particpan en coaliciones como el Partido Popular dan\u00e9s, el de los Verdaderos Filandeses o el Partido de Progreso noruego. La FP\u00d6 austr\u00edaca estuvo a punto de ganar la presidencia de la rep\u00fablica. AfD amenaza la primera posici\u00f3n de Merkel en Alemania. No hablamos que est\u00e9 a la orden del d\u00eda el fascismo, sino que estas formaciones pol\u00edticas est\u00e1n al servicio de acentuar el bonapartismo de los estados burgueses.<\/p>\n<p>La pol\u00edtica de la izquierda parlamentaria para parar a la derecha se limita a la defensa la democracia burguesa institucional, cuando no a aplicar las medidas que la propia extrema derecha reclama, cuando el crecimiento de la extrema denota que los mecanismos de la democracia ya no sirven para frenar la lucha de clases.<\/p>\n<p>Combatir la extrema derecha pasa por levantar la solidaridad con los inmigrantes, por la unidad de nuestra clase contra el capital y el imperialismo, pasa por poner en el centro la denuncia de las pol\u00edticas de los gobiernos, que les abonan el campo.<\/p>\n<p>4.7. Turqu\u00eda: el contragolpe de Erdogan.<\/p>\n<p>Desprovisto de apoyo popular e internacional y con fuerzas extremadamente limitadas, la tentativa de golpe de Estado del 15 de julio pasado fue derrotada en unas horas. Sin embargo, fue la ocasi\u00f3n para que el presidente de la Rep\u00fablica, Erdogan, declarara el estado de excepci\u00f3n y desencadenara una ola de represi\u00f3n sin precedentes contra todas las fuerzas de oposici\u00f3n, en un intento de consolidar su proyecto de r\u00e9gimen presidencialista y dictatorial. En este marco de excepci\u00f3n, Erdogan dirige el pa\u00eds a trav\u00e9s de decretos arbitrarios.<\/p>\n<p>De acuerdo con el MHP de extrema derecha, que tiene uno de sus pilares en la brutal agresi\u00f3n contra el pueblo kurdo y el otro en la promesa del restablecimiento de la pena de muerte, Erdog\u00e1n ha convocado para abril a un refer\u00e9ndum para reformar la constituci\u00f3n e instaurar un r\u00e9gimen presidencial, confeccionado a medida que borre la poca separaci\u00f3n de poderes que sigue existiendo.<\/p>\n<p>La represi\u00f3n tuvo como primer objetivo a los adeptos de la hermandad de Fethullah G\u00fclen, acusado de la tentativa de golpe. Pero despu\u00e9s la represi\u00f3n gir\u00f3 contra el movimiento kurdo y la izquierda. Decenas de electos del HDP (prokurdo) y de izquierdas, han sido detenidos. En total hay 50.000 detenidos y 35.000 encarceladas. Entre 70.000 y a 93.000 funcionarios han sido despedidos. Miles de instituciones, fundaciones y establecimientos han sido cerrados. Un millar son establecimientos escolares y 35 son centros m\u00e9dicos y hospitales. Tambi\u00e9n han sido clausuradas 15 universidades privadas y 19 sindicatos. Todos sus capitales, recursos financieros y bienes inmobiliarios han sido confiscados. M\u00e1s de un centenar de medios de comunicaci\u00f3n han sido prohibidos, entre ellos, cadenas de televisi\u00f3n cercanas a la causa kurda y a la extrema izquierda. 140 periodistas est\u00e1n encarcelados.<\/p>\n<p>La situaci\u00f3n de guerra abierta en el Kurdist\u00e1n, y ahora en Siria, junto a la \u00abpol\u00edtica antiterrorista\u00bb ayuda al gobierno a incrementar la represi\u00f3n. Tampoco ayuda, para construir un frente amplio en defensa de las libertades democr\u00e1ticas, la pol\u00edtica del PKK, que, en lugar de buscar al m\u00e1s amplio acuerdo con la izquierda y los sindicatos turcos, profundizando la pol\u00edtica desarrollada por el HDP, responde a la provocaci\u00f3n del r\u00e9gimen turco con atentados, alimentando la escalada represiva al servicio de la guerra que interesa a Erdog\u00e1n.<\/p>\n<p>Ha habido reacciones importantes. La movilizaci\u00f3n encabezada por mujeres contra la legalizaci\u00f3n de la violencia de g\u00e9nero en noviembre del 16 que hizo que cayera ese proyecto. En enero de 2017, 2200 trabajadores de tres empresas y 13 plantas saltaban a la huelga a pesar de la prohibici\u00f3n del gobierno. Finalmente, la patronal ha tenido que acceder al grueso de las demandas obreras.<\/p>\n<p>Apoyamos en la resistencia en defensa de los derechos y libertades y levantamos el No en el pr\u00f3ximo refer\u00e9ndum. Levantamos la campa\u00f1a internacional para detener la escalada represiva del estado y la guerra en Kurdist\u00e1n.<\/p>\n<p>4.8. La clase obrera y los sindicatos. Grecia y Francia los puntos m\u00e1s altos de luchas.<\/p>\n<p>La vanguardia en la defensa de la clase obrera contra los planes del capital ha estado en Grecia, con m\u00e1s de veinte huelgas generales. Tras la traici\u00f3n de Syriza y la aplicaci\u00f3n del memor\u00e1ndum el grado de movilizaci\u00f3n baj\u00f3 aunque hubo tres huelgas generales y se preparan movilizaciones para hacer frente a la nueva reforma laboral.<\/p>\n<p>La clase trabajadora y la juventud de Francia tomaron el relevo. Las m\u00e1s recientes las grandes movilizaciones de obreros y estudiantes mantenidas durante meses contra la reforma laboral conocida como &#8216;Ley El Khomri&#8217;. Si no se hizo efectiva la huelga general ha sido por las direcciones sindicales mayoritarias. En febrero miles salieron a las calles en solidaridad con el joven Theo que sufri\u00f3 un ataque racista de la polic\u00eda francesa. Como respuesta a la agresi\u00f3n se organizaron grandes movilizaciones en Aulnay-sous-Bois y r\u00e1pidamente se extendieron por todo el pa\u00eds. Previo a esa situaci\u00f3n hubo un proceso de radicalizaci\u00f3n de las luchas, siendo la m\u00e1s significativa, en enero de 2014, en la f\u00e1brica de Goodyear en Amiens, contra 1143 despidos. Los trabajadores ocuparon la empresa y retuvieron durante 30 horas a dos directivos. 8 sindicalistas terminar\u00e1n siendo condenados, a pesar de que la solidaridad se extendi\u00f3 por todo el pa\u00eds.<\/p>\n<p>Grecia y Francia son los puntos m\u00e1s altos o radicalizados de la resistencia a los planes de austeridad. A pesar de la ca\u00edda dura de las condiciones laborales, a\u00fan no ha habido un alza generalizada en la lucha obrera contra los planes de ajuste general en el continente. Esto ha sido debido a la pol\u00edtica de contenci\u00f3n y desmovilizaci\u00f3n de los sindicatos burocratizados mayoritarios. De igual forma se han venido dando luchas parciales, en especial en el sector de educaci\u00f3n, salud o servicios p\u00fablicos. En diciembre del 2016, en el Reino Unido Trenes, aviones y correos se vieron afectados por huelgas que culminan un a\u00f1o particularmente conflictivo, iniciado con un paro de m\u00e9dicos sin precedentes. En Italia tambi\u00e9n durante el 2016, hubo huelgas parciales en ferroviarios, controladores a\u00e9reos y en metal\u00fargicos. En el estado espa\u00f1ol, miles de estibadores salieron a las calles en febrero de este a\u00f1o y amenazaron con huelgas ante la amenaza de cambios en su convenio laboral. Los maquinistas del metro de Madrid iniciaron el 27 de febrero una segunda jornada de huelga con paros parciales en el transporte, para reclamar beneficios de Seguridad Social. En Bruselas, capital de B\u00e9lgica, en 2016 hubo varias marchas masivas en rechazo a los recortes sociales impuestos por el gobierno.<\/p>\n<p>No hay una salida m\u00e1gica para cambiar esa situaci\u00f3n. Es preciso pelear en cada conflicto y levantar corrientes de izquierda en los sindicatos, agrupando a luchadores\/as para impulsar la movilizaci\u00f3n.<\/p>\n<p>Con el grado de internacionalizaci\u00f3n de la econom\u00eda en el marco de la Uni\u00f3n Europea, es esencial la extensi\u00f3n y coordinaci\u00f3n internacional de las luchas. Sin embargo, quien debiera hacerlo, la CES, Confederaci\u00f3n europea de Sindicatos, bloquea cualquier iniciativa y act\u00faa de hecho como una instituci\u00f3n m\u00e1s de la Uni\u00f3n Europea.<\/p>\n<p>4.9. La recomposici\u00f3n de la izquierda.<\/p>\n<p>Dec\u00edamos m\u00e1s arriba que la crisis de la socialdemocracia, que arrastra las formaciones del post o neoestalinismo, libera un espacio pol\u00edtico en el que se puede producir una recomposici\u00f3n hist\u00f3rica.<\/p>\n<p>En el sur de Europa, castigado especialmente por las pol\u00edticas de ajuste, han surgido nuevos referentes de izquierdas, como Syriza, Podemos o el Bloco d&#8217;Esquerda, aunque su evoluci\u00f3n r\u00e1pida hacia la socialdemocracia les lleva a repetir la misma pol\u00edtica de los \u00abpartidos socialistas\u00bb. Ese mismo fen\u00f3meno tambi\u00e9n tiene su reflejo dentro mismo de los Partidos Socialistas. Aparecen nuevos dirigentes del ala izquierda en los partidos socialdem\u00f3cratas, es el caso de Jeremy Corbyn en el Partido Laborista brit\u00e1nico, con un discurso que gira a la izquierda. Ejemplos de ello vemos en el debate de los socialistas franceses y en la crisis del PSOE.<\/p>\n<p>La llegada de Syriza al Gobierno en enero de 2015, levant\u00f3 enormes expectativas en la izquierda y entre los trabajadores. Sin embargo, esas ilusiones se desvanecieron muy pronto, tras la decisi\u00f3n de Txipras de no acatar el resultado del refer\u00e9ndum e imponer el tercer memor\u00e1ndum. Syriza se escind\u00eda y nac\u00eda Izquierda Unida. Tsipras convoc\u00f3 r\u00e1pidamente a nuevas elecciones, hubo un incremento de la abstenci\u00f3n de m\u00e1s de 7 puntos, pero Syriza mantuvo gobierno. La respuesta a la pol\u00edtica del gobierno Syriza han sido ya tres huelgas generales. S\u00f3lo falt\u00f3 la pol\u00edtica de Syriza hacia los refugiados, que contrariamente a su programa, acab\u00f3 sin pol\u00edtica de acogida, encerr\u00e1ndolos en instalaciones penosas bajo el control del ej\u00e9rcito y con la militarizaci\u00f3n de la costa.<\/p>\n<p>Podemos fue arrastrado por el efecto Syriza hasta enero del 2015, y ya figuraba como primera fuerza en las encuestas. La direcci\u00f3n de Podemos se aline\u00f3 con Tsipras, y empez\u00f3 a girar a la derecha en el programa, copiando el del PSOE de hace unos a\u00f1os, a pasos gigantes. Cay\u00f3 a tercera en las elecciones de diciembre 2015 y en las repetidas de junio del 2016, a pesar de ir con Izquierda Unida (PCE y otros). Unos y otros querr\u00edan, como la socialdemocracia, que el gran capital se aviniese a ceder una parte de sus beneficios para pol\u00edticas sociales, pero la realidad es tozuda y demuestra que no hay espacio para humanizar el capitalismo, que no tiene reforma, que este exige todo y que o se le enfrenta o se termina cediendo. La estructura de Podemos est\u00e1 muy burocratizada y jerarquizada, ha ido difuminando el peso de las bases y se ha ido sucediendo crisis tras crisis. Como se reflej\u00f3 en su \u00faltimo congreso en el cual hubo dos listas, una encabezada por Pablo Iglesias, gan\u00f3 ampliamente, y otra por Errej\u00f3n, quien hab\u00eda sido antes su segundo.<\/p>\n<p>Las experiencias municipales de sus formaciones afines Ahora Madrid y Los Comunes de Ada Colau, confirman lo mismo: entre reforma y ruptura eligen reforma y nada de lo esencial cambia. Incluso tratan de aletargar movimientos como el catal\u00e1n a nombre de una futura reforma constitucional, cosa que ayuda a sostener un r\u00e9gimen en crisis.<\/p>\n<p>Un proceso anterior (1999) fue el del Bloco de Esquerda portugu\u00e9s, impulsado por el PSR del SU, nacido m\u00e1s como frente de partidos de izquierda \u2013que inclu\u00edan mao\u00edstas y escisiones del PCP-, ya en el primer a\u00f1o obtuvo 2 diputados, llegando a los 16 en 2009. Las diferencias internas se reflejaban desde muy al principio frente la guerra de Afganist\u00e1n o en la votaci\u00f3n a favor del rescate griego. El descalabro llegaba en 2011, cuando ya se han autodisuelto la mayor\u00eda de los partidos componentes del Bloco, perdiendo la mitad de los diputados. En 2015, con 19 diputados, daba apoyo parlamentario, al igual que el PCP, al gobierno del Partido Socialista de Antonio Costa a cambio del retroceso en algunos recortes anteriores.<\/p>\n<p>Y sin embargo, todas esas nuevas formaciones muestran que la experiencia con la vieja socialdemocracia y los socialdemocratizados PCs europeos est\u00e1 agot\u00e1ndose y la necesidad ha abierto los ojos a nuevas opciones. En ese espacio, y en este momento, nuestra pol\u00edtica debe ser agrupar fuerzas en torno a programas de ruptura anticapitalista y socialista, mientras seguimos construyendo nuestros partidos revolucionarios.<\/p>\n","protected":false},"excerpt":{"rendered":"<p>La crisis ha impuesto una polarizaci\u00f3n social sin precedentes desde la II Guerra Mundial. El trasfondo de todo este movimiento es el impacto de brutales medidas de recortes de salarios y servicios p\u00fablicos esenciales, cierres y despidos, mayor precariedad. La diferencia entre las clases se ha profundizado y sobre esa base material se han debilitado [&hellip;]<\/p>\n","protected":false},"author":1,"featured_media":0,"comment_status":"open","ping_status":"open","sticky":false,"template":"","format":"standard","meta":[],"categories":[64],"tags":[],"_links":{"self":[{"href":"https:\/\/uit-ci.org\/index.php\/wp-json\/wp\/v2\/posts\/1952"}],"collection":[{"href":"https:\/\/uit-ci.org\/index.php\/wp-json\/wp\/v2\/posts"}],"about":[{"href":"https:\/\/uit-ci.org\/index.php\/wp-json\/wp\/v2\/types\/post"}],"author":[{"embeddable":true,"href":"https:\/\/uit-ci.org\/index.php\/wp-json\/wp\/v2\/users\/1"}],"replies":[{"embeddable":true,"href":"https:\/\/uit-ci.org\/index.php\/wp-json\/wp\/v2\/comments?post=1952"}],"version-history":[{"count":0,"href":"https:\/\/uit-ci.org\/index.php\/wp-json\/wp\/v2\/posts\/1952\/revisions"}],"wp:attachment":[{"href":"https:\/\/uit-ci.org\/index.php\/wp-json\/wp\/v2\/media?parent=1952"}],"wp:term":[{"taxonomy":"category","embeddable":true,"href":"https:\/\/uit-ci.org\/index.php\/wp-json\/wp\/v2\/categories?post=1952"},{"taxonomy":"post_tag","embeddable":true,"href":"https:\/\/uit-ci.org\/index.php\/wp-json\/wp\/v2\/tags?post=1952"}],"curies":[{"name":"wp","href":"https:\/\/api.w.org\/{rel}","templated":true}]}}