{"id":19606,"date":"2024-09-26T14:27:39","date_gmt":"2024-09-26T14:27:39","guid":{"rendered":"http:\/\/uit-ci.org\/?p=19606"},"modified":"2024-10-01T18:30:35","modified_gmt":"2024-10-01T18:30:35","slug":"repudio-a-la-agresion-criminal-de-israel-al-libano","status":"publish","type":"post","link":"https:\/\/uit-ci.org\/index.php\/2024\/09\/26\/repudio-a-la-agresion-criminal-de-israel-al-libano\/","title":{"rendered":"\u00a1Repudio a la agresi\u00f3n criminal de Israel al L\u00edbano!"},"content":{"rendered":"<p><span style=\"font-weight: 400;\">Por <strong>Unidad Internacional de Trabajadoras y Trabajadores &#8211; Cuarta Internacional\u00a0<\/strong><\/span><\/p>\n<p><em>El sionismo israel\u00ed ha lanzado una nueva agresi\u00f3n, est\u00e1 vez contra el L\u00edbano.<\/em><\/p>\n<p><span style=\"font-weight: 400;\">Entre el lunes y el martes pasados, la aviaci\u00f3n israel\u00ed, por \u00f3rdenes del gobierno ultra reaccionario y fascista de Netanyahu, ejecut\u00f3 bombardeos masivos contra el L\u00edbano, matando hasta ahora a 558 personas, entre ellas, 50 ni\u00f1os y 94 mujeres.<\/span><\/p>\n<p><span style=\"font-weight: 400;\">Israel repite el expediente sangriento que viene ejecutando en Gaza desde el a\u00f1o pasado, asesinando civiles, particularmente menores.<\/span><\/p>\n<p><span style=\"font-weight: 400;\">Los bombardeos se han llevado a cabo en el sur del pa\u00eds pero tambi\u00e9n en la capital, Beirut, as\u00ed como en localidades del interior, y estar\u00edan prepar\u00e1ndose para atacar el valle del Bekka, en el noreste del L\u00edbano.<\/span><\/p>\n<p><span style=\"font-weight: 400;\">En este pa\u00eds no se produc\u00edan bombardeos de esta intensidad desde la agresi\u00f3n sionista del 2006.<\/span><\/p>\n<p><span style=\"font-weight: 400;\">Los bombardeos ejecutados con aviones F-35 facilitados por Estados Unidos, fueron precedidos por los ataques terroristas de la semana pasada cuando cientos de \u201cbeeper\u201d o \u201cbuscapersonas\u201d, dispositivos inal\u00e1mbricos de comunicaci\u00f3n, estallaron el martes 17 simult\u00e1neamente en distintas zonas del L\u00edbano, matando a 37 personas e hiriendo a otras 2.931. La explosi\u00f3n de los beeper fue seguida el d\u00eda siguiente por el estallido de cientos de \u201cwalkie-talkies\u201d, produci\u00e9ndose la muerte de al menos una 9 personas y cientos de heridos.<\/span><\/p>\n<p><span style=\"font-weight: 400;\">Los bombardeos al L\u00edbano se producen un a\u00f1o despu\u00e9s de iniciada la invasi\u00f3n y el genocidio en la Franja de Gaza, y en momentos en que el ej\u00e9rcito sionista ejecuta una fuerte escalada contra el pueblo palestino en la Cisjordania ocupada.<\/span><\/p>\n<p><span style=\"font-weight: 400;\">Sin duda, los bombardeos al L\u00edbano son una acci\u00f3n desesperada de Netanyahu y su gabinete religioso-ultraderechista, que tras casi un a\u00f1o de bombardeos indiscriminados en Gaza, no logran derrotar la f\u00e9rrea resistencia del pueblo palestino.<\/span><\/p>\n<p><span style=\"font-weight: 400;\">Hasta ahora no han podido materializar sus objetivos declarados al inicio de la invasi\u00f3n: derrotar a Hamas y al conjunto de la resistencia, y recuperar los rehenes.<\/span><\/p>\n<p><span style=\"font-weight: 400;\">La nueva masacre que est\u00e1 perpetrando Israel en el L\u00edbano, eventualmente el inicio de una invasi\u00f3n terrestre a ese pa\u00eds, ratifica el car\u00e1cter expansionista del sionismo, y su proyecto fascista y racista del \u201cGran Israel\u201d, aupado por el Partido Likud de Netanyahu y el Movimiento de la Tierra de Israel, entre otros, cuya base fundamental son los colonos de los asentamientos ilegales, que est\u00e1n por la anexi\u00f3n no s\u00f3lo de Gaza y Cisjordania, tambi\u00e9n de las tierras que se extienden desde el rio Nilo en Egipto hasta el \u00c9ufrates en Irak, partes de Jordania y el L\u00edbano.<\/span><\/p>\n<p><span style=\"font-weight: 400;\">Es precisamente en ese marco expansionista que Benjam\u00edn Netanyahu dijo recientemente que buscaba: \u201ccambiar el equilibrio de seguridad, el equilibrio de poder en el norte\u201d, lo que podr\u00eda significar prepararse para una invasi\u00f3n terrestre al L\u00edbano, con el objetivo inicial de conformar una zona de seguridad de varios kil\u00f3metros en la frontera entre Israel y el L\u00edbano, controlada directamente por el ej\u00e9rcito sionista.<\/span><\/p>\n<p><span style=\"font-weight: 400;\">Por otra parte, miles de habitantes del sur del L\u00edbano, fronterizo con Israel, han huido apresuradamente, congestionando las carreteras que conducen al centro y norte del pa\u00eds, particularmente a Beirut, a Tr\u00edpoli y otras ciudades m\u00e1s alejadas de Israel. Organizaciones no gubernamentales libanesas afirman que m\u00e1s de 100 mil personas han sido desplazadas de sus hogares.<\/span><\/p>\n<p><span style=\"font-weight: 400;\">Mientras tanto el ej\u00e9rcito sionista lleva a cabo una campa\u00f1a de terror, enviando mensajes de texto y de voz a los celulares, incluso llamando directamente a las personas, instandolos a abandonar las zonas donde residen. Incluso han interferido las transmisiones de emisoras radiales para transmitir mensajes exhortando a la evacuaci\u00f3n.<\/span><\/p>\n<p><span style=\"font-weight: 400;\">Todo esto deja en evidencia el car\u00e1cter agresivo y fascista del sionismo, y el gobierno de Netanyahu.\u00a0<\/span><\/p>\n<p><span style=\"font-weight: 400;\">Es completamente falso que quieran proteger a los civiles, ni a los rehenes en poder de Hamas ni a los habitantes del norte de Israel, y mucho menos a los pueblos palestino y liban\u00e9s, que es el que est\u00e1 sufriendo los bombardeos. Ya va la mitad de los muertos civiles que hubo en la invasi\u00f3n israel\u00ed al L\u00edbano de 2006.<\/span><\/p>\n<p><span style=\"font-weight: 400;\">Las im\u00e1genes en los medios y redes son elocuentes: bombardeos masivos en zonas densamente pobladas; edificios residenciales destruidos; miles de civiles desplazados.<\/span><\/p>\n<p><span style=\"font-weight: 400;\">Israel no quiere ning\u00fan acuerdo de paz. En este \u00faltimo a\u00f1o con su genocidio en Gaza se quit\u00f3 la careta, dejando de lado la mentira de la pol\u00edtica imperialista, ya fracasada, de \u201clos dos estados\u201d.\u00a0<\/span><\/p>\n<p><span style=\"font-weight: 400;\">Su verdadero objetivo es la limpieza \u00e9tnica en Gaza y Cisjordania, apoderarse de todas las tierras en la regi\u00f3n, incluyendo eventualmente al L\u00edbano, en el marco de su proyecto estrat\u00e9gico del \u201cGran Israel\u201d, como mencionamos previamente.<\/span><\/p>\n<p><span style=\"font-weight: 400;\">Todo esto se produce ante el silencio de la ONU, y la mirada complaciente del imperialismo norteamericano. Que sigue apoyando a Netanyahu. Ya anunciaron el env\u00edo de un contingente de tropas al Medio Oriente, que se sumar\u00e1 a los miles de soldados ya presentes en la regi\u00f3n, adem\u00e1s de los buques de guerra, aviones de combate y sistemas de defensa desplegados en la zona.<\/span><\/p>\n<p><span style=\"font-weight: 400;\">Reivindicamos que tras el receso de verano en Europa y Estados Unidos, se retoma la movilizaci\u00f3n mundial contra el genocidio en Gaza.\u00a0<\/span><\/p>\n<p><span style=\"font-weight: 400;\">En Londres recientemente miles salieron a las calles en apoyo al pueblo palestino, mientras en el Estado espa\u00f1ol las principales centrales sindicales anuncian para este 27 de septiembre una huelga general contra el genocidio sionista y en respaldo a los palestinos.<\/span><\/p>\n<p><span style=\"font-weight: 400;\">Desde la Unidad Internacional de Trabajadoras y Trabajadores-Cuarta Internacional (UIT-CI). y en v\u00edsperas de cumplirse un a\u00f1o de la agresi\u00f3n sionista en Gaza, llamamos a los pueblos del mundo a redoblar la movilizaci\u00f3n en las calles hasta derrotar al sionismo y parar el genocidio.<\/span><\/p>\n<p><span style=\"font-weight: 400;\">Exigimos a los gobiernos del mundo que rompan relaciones diplom\u00e1ticas, pol\u00edticas, econ\u00f3micas, militares y culturales con Israel \u00a1Basta de enviar armas! \u00a1Basta de financiar el genocidio! \u00a1Basta de muertos por hambre y enfermedades! \u00a1Apertura ya de las fronteras para el ingreso de la ayuda humanitaria! \u00a1Fuera Israel de Gaza, Cisjordania toda Palestina y del L\u00edbano! \u00a1Por una Palestina \u00fanica, laica, democr\u00e1tica y no racista! \u00a1Viva Palestina libre del r\u00edo al mar!<\/span><\/p>\n<p>&nbsp;<\/p>\n<p><b>Unidad Internacional de Trabajadoras y Trabajadores-Cuarta Internacional (UIT-CI)<br \/>\n<\/b><b>25 de septiembre de 2024<\/b><\/p>\n","protected":false},"excerpt":{"rendered":"<p>Por Unidad Internacional de Trabajadoras y Trabajadores &#8211; Cuarta Internacional\u00a0 El sionismo israel\u00ed ha lanzado una nueva agresi\u00f3n, est\u00e1 vez contra el L\u00edbano. Entre el lunes y el martes pasados, la aviaci\u00f3n israel\u00ed, por \u00f3rdenes del gobierno ultra reaccionario y fascista de Netanyahu, ejecut\u00f3 bombardeos masivos contra el L\u00edbano, matando hasta ahora a 558 personas, [&hellip;]<\/p>\n","protected":false},"author":2,"featured_media":19607,"comment_status":"closed","ping_status":"closed","sticky":false,"template":"","format":"standard","meta":[],"categories":[60],"tags":[363,263,1425,2157,991,255,662,2158,256,254,2159],"_links":{"self":[{"href":"https:\/\/uit-ci.org\/index.php\/wp-json\/wp\/v2\/posts\/19606"}],"collection":[{"href":"https:\/\/uit-ci.org\/index.php\/wp-json\/wp\/v2\/posts"}],"about":[{"href":"https:\/\/uit-ci.org\/index.php\/wp-json\/wp\/v2\/types\/post"}],"author":[{"embeddable":true,"href":"https:\/\/uit-ci.org\/index.php\/wp-json\/wp\/v2\/users\/2"}],"replies":[{"embeddable":true,"href":"https:\/\/uit-ci.org\/index.php\/wp-json\/wp\/v2\/comments?post=19606"}],"version-history":[{"count":2,"href":"https:\/\/uit-ci.org\/index.php\/wp-json\/wp\/v2\/posts\/19606\/revisions"}],"predecessor-version":[{"id":19631,"href":"https:\/\/uit-ci.org\/index.php\/wp-json\/wp\/v2\/posts\/19606\/revisions\/19631"}],"wp:featuredmedia":[{"embeddable":true,"href":"https:\/\/uit-ci.org\/index.php\/wp-json\/wp\/v2\/media\/19607"}],"wp:attachment":[{"href":"https:\/\/uit-ci.org\/index.php\/wp-json\/wp\/v2\/media?parent=19606"}],"wp:term":[{"taxonomy":"category","embeddable":true,"href":"https:\/\/uit-ci.org\/index.php\/wp-json\/wp\/v2\/categories?post=19606"},{"taxonomy":"post_tag","embeddable":true,"href":"https:\/\/uit-ci.org\/index.php\/wp-json\/wp\/v2\/tags?post=19606"}],"curies":[{"name":"wp","href":"https:\/\/api.w.org\/{rel}","templated":true}]}}