{"id":19724,"date":"2024-10-10T19:05:07","date_gmt":"2024-10-10T19:05:07","guid":{"rendered":"http:\/\/uit-ci.org\/?p=19724"},"modified":"2024-11-04T14:13:46","modified_gmt":"2024-11-04T14:13:46","slug":"brasil-elecciones-municipales-la-conciliacion-de-clases-de-lula-favorece-a-la-derecha","status":"publish","type":"post","link":"https:\/\/uit-ci.org\/index.php\/2024\/10\/10\/brasil-elecciones-municipales-la-conciliacion-de-clases-de-lula-favorece-a-la-derecha\/","title":{"rendered":"Brasil. Elecciones municipales: La conciliaci\u00f3n de clases de Lula favorece a la derecha"},"content":{"rendered":"<p>Por <strong>CST<\/strong>, secci\u00f3n de la UIT-CI de Brasil<\/p>\n<p><span style=\"font-weight: 400;\">09\/10\/2024. La primera vuelta de las elecciones estuvo marcada por la despolitizaci\u00f3n, sin debate sobre propuestas o proyectos. El gran vencedor fue el \u00abcentr\u00e3o\u00bb. La pol\u00edtica de traici\u00f3n de clase del PT y los pactos conservadores de Lula con estos partidos ayudaron al \u00abcentr\u00e3o\u00bb a crecer. En este contexto, las fuerzas a la izquierda del Frente Amplio ten\u00edan pocos votos. Lo que se necesitaba era un polo o frente unitario de la izquierda independiente.<\/span><\/p>\n<p><strong>El gran ganador fue el centrismo<\/strong><\/p>\n<p><span style=\"font-weight: 400;\">El gran vencedor de la disputa, como en 2020, fue el \u00abcentr\u00e3o\u00bb. Una aglomeraci\u00f3n de partidos burgueses que defienden agendas reaccionarias y ataques a la clase trabajadora, que apoyaron a Bolsonaro y actualmente est\u00e1n en el gobierno Lula\/Alckmin. El PSD, MDB, PP y Uni\u00e3o Brasil ganaron juntos m\u00e1s de la mitad de las alcald\u00edas. El PSD de Kassab, que tiene 3 ministros en el gobierno de Lula\/Alckmin, creci\u00f3 un 35%. El MDB, que tiene 3 ministros en el gobierno Lula, va a la segunda vuelta en S\u00e3o Paulo, la ciudad m\u00e1s importante del pa\u00eds. Los Republicanos, el partido de Tarc\u00edsio, que tiene 1 ministro en el gobierno federal, duplic\u00f3 su tama\u00f1o. Y el PP de Arthur Lira, que tiene un ministro, creci\u00f3 un 8%.<\/span><\/p>\n<p><strong>La conciliaci\u00f3n de clases de Lula favorece a la derecha<\/strong><\/p>\n<p><span style=\"font-weight: 400;\">La pol\u00edtica de traici\u00f3n de clase del PT y los pactos conservadores de Lula con estos partidos ayudaron al \u00abcentr\u00e3o\u00bb a crecer. No es desde\u00f1able el papel de los fondos ministeriales en el gobierno federal, as\u00ed como en algunos casos el apoyo derechista de Lula, como al PSD en R\u00edo. Del mismo modo, en gobiernos anteriores, los mandatos del PT (2003-2016) fortalecieron a conservadores como Crivela, Michel Temer y Eduardo Cunha del MDB, la Iglesia Universal del Partido Republicano, el PP y el propio PSD de Kassab, que conformaron el gobierno de Dilma. Claramente, la pol\u00edtica de alianzas del PT y de Lula est\u00e1 preparando retrocesos para la clase trabajadora. Con esta pol\u00edtica, Lula y el PT aplican el marco fiscal, recortan fondos de las \u00e1reas sociales de salud y educaci\u00f3n, atacan los salarios y destinan miles de millones al agronegocio y a las multinacionales responsables de las cat\u00e1strofes ambientales. En este contexto, la derecha crece y el centro-izquierda se fortalece. Este retroceso es el resultado de toda la confusi\u00f3n generada por el gobierno de conciliaci\u00f3n de clases y las mentirosas promesas de Lula, Dilma y el PT de que as\u00ed mejorar\u00eda la vida del pueblo trabajador.<\/span><\/p>\n<p><strong>El PT pierde protagonismo pol\u00edtico<\/strong><\/p>\n<p><span style=\"font-weight: 400;\">Es cierto que el PT gan\u00f3 unas elecciones con m\u00e1s votos que en las anteriores. Invirti\u00f3 el declive de 8 a\u00f1os en las alcald\u00edas. Esta vez, el PT creci\u00f3 un 39%, eligiendo 252 alcaldes. Pero esta cifra no oculta la falta de protagonismo, y que los mejores resultados del PT est\u00e1n fuera de los mayores centros urbanos. En el caso del ABC, el PT sigue retrocediendo. Hoy, en los mayores centros, el PT est\u00e1 por detr\u00e1s del PSD de Paes en R\u00edo, Jo\u00e3o Campos del PSB o en coalici\u00f3n con el PSOL-REDE en S\u00e3o Paulo y nombrando a Marta como su vicepresidenta (alguien que no estaba en el PT y vot\u00f3 a favor del impeachment de Dilma). En las capitales, los mejores resultados del PT pasan a la segunda vuelta en Fortaleza y Porto Alegre. Dos ciudades donde el PT sol\u00eda gobernar y era una potencia electoral. Esto demuestra que amplios sectores de la clase trabajadora y de sectores populares ya no creen en el PT y, lamentablemente, votan por error a la derecha.<\/span><\/p>\n<p><span style=\"font-weight: 400;\">El PL de Bolsonaro ha crecido<\/span><\/p>\n<p><span style=\"font-weight: 400;\">En este contexto, la extrema derecha vuelve a crecer electoralmente. El PL de Bolsonaro eligi\u00f3 510 alcaldes. En 2020 fueron 340. Un aumento de casi el 50%, incluso despu\u00e9s de perder el gobierno federal. El PL es ahora la quinta fuerza pol\u00edtica en alcald\u00edas. Y est\u00e1n en segunda vuelta en 23 ciudades. Se preparan para 2026 con buenos votos tambi\u00e9n en las alcald\u00edas, con campeones de votos como Carlos Bolsonaro en RJ, Lucas Pavanato en SP y Pablo Almeida en BH. Uno de sus problemas es la aparici\u00f3n de Mar\u00e7al, que dividi\u00f3 a la extrema derecha en S\u00e3o Paulo.<\/span><\/p>\n<p><strong>Faltaba un frente electoral a la izquierda del frente amplio<\/strong><\/p>\n<p><span style=\"font-weight: 400;\">La CST, como organizaci\u00f3n socialista revolucionaria independiente, ha trabajado para construir un polo a la izquierda del Frente Amplio, de partidos que no formen parte del gobierno Lula\/Alckmin y que no est\u00e9n en coalici\u00f3n con los partidos patronales. Hemos hecho estas propuestas innumerables veces desde diciembre de 2023. Nos entrevistamos y nos reunimos con los l\u00edderes de varias organizaciones como UP y PSTU, pero esta propuesta no fue aceptada por ellos. As\u00ed que en S\u00e3o Paulo, R\u00edo de Janeiro y Belo Horizonte, surgieron dos listas por fuera del Frente Amplio, sin alianzas patronales: la UP y el PSTU, priorizando la dispersi\u00f3n y la autoconstrucci\u00f3n en estas ciudades. Esto es un error en el actual contexto electoral.<\/span><\/p>\n<p><strong>Ha surgido una unidad electoral de la izquierda independiente<\/strong><\/p>\n<p><span style=\"font-weight: 400;\">A pesar de este escenario, afortunadamente surgi\u00f3 en la campa\u00f1a electoral una unidad electoral bajo la bandera democr\u00e1tica cedida por el PSTU a fuerzas como el MRT, SoB y Emancipaci\u00f3n Socialista, de la que formamos parte en la CST. Fue una campa\u00f1a que expres\u00f3 la independencia de clase. Consideramos positivo que el PCBR tambi\u00e9n participara de esta unidad en S\u00e3o Paulo. Por supuesto, habr\u00edamos sido m\u00e1s fuertes si hubiera habido un comit\u00e9 o bloque electoral unificado, cosa que los compa\u00f1eros del PSTU se negaron a hacer. Ahora, en la segunda vuelta en S\u00e3o Paulo, promovemos la convocatoria de una reuni\u00f3n de estas fuerzas para coordinar acciones en la segunda vuelta contra la extrema derecha de Nunes, Tarcisio y Bolsonaro.<\/span><\/p>\n<p><strong>La CST realiz\u00f3 una campa\u00f1a socialista revolucionaria<\/strong><\/p>\n<p><span style=\"font-weight: 400;\">La CST, secci\u00f3n brasile\u00f1a de la UIT-CI, present\u00f3 a nuestras compa\u00f1eras feministas socialistas Barbara Sinedino, Lorena Fernandes, Andressa Rocha y Jeane Carla. Pusimos nuestras campa\u00f1as al servicio de las huelgas y luchas y llevamos a cabo una solidaridad activa con la resistencia palestina. Nuestros panfletos defend\u00edan el fin del ajuste fiscal y del plan de recortes, la reestatizaci\u00f3n de Sabesp, Cedae y el Metro de BH, el no pago de la deuda y la fijaci\u00f3n de impuestos a los multimillonarios, la legalizaci\u00f3n del aborto, el fin de la PM, la emergencia clim\u00e1tica mediante la expropiaci\u00f3n de las multinacionales contaminantes y el castigo a los golpistas de extrema derecha. Hablamos con trabajadores y j\u00f3venes que son votantes del Frente Amplio, pero que escucharon nuestras cr\u00edticas a la pol\u00edtica de Lula y oyeron la idea de una izquierda independiente. Algunos de ellos estuvieron de acuerdo con nuestras propuestas, aunque siguieron votando al Frente Amplio. Este di\u00e1logo continuar\u00e1 en la segunda vuelta y en las luchas venideras. Nuestros candidatos explicaron que, mientras estemos gobernados por la patronal, no hay salida para la clase obrera. Sembraron la semilla de una izquierda independiente y unida que lucha por un gobierno de la clase trabajadora, sin patrones, y por un Brasil socialista. Por eso agradecemos a cada trabajador y joven que vot\u00f3 por nuestra propuesta y los invitamos a unirse a la CST. Participen de nuestras reuniones, hagan circular nuestro peri\u00f3dico y ayuden a financiar nuestra organizaci\u00f3n.<\/span><\/p>\n<p>&nbsp;<\/p>\n<p><em><strong>Editorial del peri\u00f3dico Combate Socialista de la CST.\u00a0<\/strong><\/em><\/p>\n","protected":false},"excerpt":{"rendered":"<p>Por CST, secci\u00f3n de la UIT-CI de Brasil 09\/10\/2024. La primera vuelta de las elecciones estuvo marcada por la despolitizaci\u00f3n, sin debate sobre propuestas o proyectos. El gran vencedor fue el \u00abcentr\u00e3o\u00bb. La pol\u00edtica de traici\u00f3n de clase del PT y los pactos conservadores de Lula con estos partidos ayudaron al \u00abcentr\u00e3o\u00bb a crecer. En [&hellip;]<\/p>\n","protected":false},"author":2,"featured_media":19725,"comment_status":"closed","ping_status":"closed","sticky":false,"template":"","format":"standard","meta":[],"categories":[25],"tags":[2187,302,494,270,157,284,486,776,271,982,2186,362,607,1288],"_links":{"self":[{"href":"https:\/\/uit-ci.org\/index.php\/wp-json\/wp\/v2\/posts\/19724"}],"collection":[{"href":"https:\/\/uit-ci.org\/index.php\/wp-json\/wp\/v2\/posts"}],"about":[{"href":"https:\/\/uit-ci.org\/index.php\/wp-json\/wp\/v2\/types\/post"}],"author":[{"embeddable":true,"href":"https:\/\/uit-ci.org\/index.php\/wp-json\/wp\/v2\/users\/2"}],"replies":[{"embeddable":true,"href":"https:\/\/uit-ci.org\/index.php\/wp-json\/wp\/v2\/comments?post=19724"}],"version-history":[{"count":3,"href":"https:\/\/uit-ci.org\/index.php\/wp-json\/wp\/v2\/posts\/19724\/revisions"}],"predecessor-version":[{"id":19735,"href":"https:\/\/uit-ci.org\/index.php\/wp-json\/wp\/v2\/posts\/19724\/revisions\/19735"}],"wp:featuredmedia":[{"embeddable":true,"href":"https:\/\/uit-ci.org\/index.php\/wp-json\/wp\/v2\/media\/19725"}],"wp:attachment":[{"href":"https:\/\/uit-ci.org\/index.php\/wp-json\/wp\/v2\/media?parent=19724"}],"wp:term":[{"taxonomy":"category","embeddable":true,"href":"https:\/\/uit-ci.org\/index.php\/wp-json\/wp\/v2\/categories?post=19724"},{"taxonomy":"post_tag","embeddable":true,"href":"https:\/\/uit-ci.org\/index.php\/wp-json\/wp\/v2\/tags?post=19724"}],"curies":[{"name":"wp","href":"https:\/\/api.w.org\/{rel}","templated":true}]}}