{"id":19751,"date":"2024-10-20T17:41:39","date_gmt":"2024-10-20T17:41:39","guid":{"rendered":"http:\/\/uit-ci.org\/?p=19751"},"modified":"2024-10-22T01:35:03","modified_gmt":"2024-10-22T01:35:03","slug":"argentina-exigen-aparicion-con-vida-de-la-periodista-nicaraguense-fabiola-tercero","status":"publish","type":"post","link":"https:\/\/uit-ci.org\/index.php\/2024\/10\/20\/argentina-exigen-aparicion-con-vida-de-la-periodista-nicaraguense-fabiola-tercero\/","title":{"rendered":"Desde Argentina exigen aparici\u00f3n con vida de la periodista nicarag\u00fcense Fabiola Tercero"},"content":{"rendered":"<p>Por <strong>Prensa UIT-CI<\/strong><\/p>\n<p>15\/10\/2024. En el marco del 37\u00ba Encuentro plurinacional de mujeres y disidencias, que se realiz\u00f3 en la Ciudad de San Salvador de Jujuy, con alrededor de 80 mil personas seg\u00fan diversos medios de comunicaci\u00f3n, las compa\u00f1eras de la agrupaci\u00f3n feminista Isadora &#8211; Mujeres en Lucha y de Izquierda Socialista exigen la aparici\u00f3n con vida de la periodista nicarag\u00fcense Fabiola Tercero quien cumple 85 d\u00edas de \u00abdesaparici\u00f3n forzada\u00bb.<\/p>\n<p>La Diputada Nacional por el Frente de Izquierda y de Trabajadores Unidad, M\u00f3nica Schlottahuer junto a la diputada de Ciudad Aut\u00f3noma de Buenos Aires, Mercedes Trimarchi, la Secretaria General de ATEN (sindicado de docentes de la provincia de Neuqu\u00e9n) Ang\u00e9lica Lagunas y la Diputada Nacional electa Mercedes de Mendieta, denunciaron que la periodista feminista nicarag\u00fcense Fabiola Tercero Castro cumple 85 d\u00edas de \u00abdesaparici\u00f3n forzada\u00bb y denunci\u00f3 el silencio que guarda al respecto el Gobierno de Daniel Ortega en Nicaragua.<\/p>\n<p>De esta manera se suman a la campa\u00f1a internacional que realizamos desde la Unidad Internacional de Trabajadoras y Trabajadores \u2013 Cuarta Internacional (UIT-CI) en solidaridad con las organizaciones que piden la aparici\u00f3n de Fabiola y otros activistas desaparecidos, como el exdiputado ind\u00edgena Brooklyn Rivera y el opositor Jaime Navarrete Bland\u00f3n.<\/p>\n<p>Desde la UIT-CI llamamos a los sectores que, en el mundo, se reclaman democr\u00e1ticos, como intelectuales, periodistas, artistas, personalidades pol\u00edticas, sindicales, estudiantiles, de la lucha socio-ambiental a reclamar por la aparici\u00f3n y liberaci\u00f3n inmediata de la periodista feminista Fabiola Tercero y dem\u00e1s personas en la misma situaci\u00f3n en Nicaragua.<\/p>\n<div style=\"width: 478px;\" class=\"wp-video\"><!--[if lt IE 9]><script>document.createElement('video');<\/script><![endif]-->\n<video class=\"wp-video-shortcode\" id=\"video-19751-1\" width=\"478\" height=\"850\" preload=\"metadata\" controls=\"controls\"><source type=\"video\/mp4\" src=\"http:\/\/uit-ci.org\/wp-content\/uploads\/2024\/10\/WhatsApp-Video-2024-10-14-at-12.23.36.mp4?_=1\" \/><a href=\"http:\/\/uit-ci.org\/wp-content\/uploads\/2024\/10\/WhatsApp-Video-2024-10-14-at-12.23.36.mp4\">http:\/\/uit-ci.org\/wp-content\/uploads\/2024\/10\/WhatsApp-Video-2024-10-14-at-12.23.36.mp4<\/a><\/video><\/div>\n<p>&nbsp;<\/p>\n","protected":false},"excerpt":{"rendered":"<p>Por Prensa UIT-CI 15\/10\/2024. En el marco del 37\u00ba Encuentro plurinacional de mujeres y disidencias, que se realiz\u00f3 en la Ciudad de San Salvador de Jujuy, con alrededor de 80 mil personas seg\u00fan diversos medios de comunicaci\u00f3n, las compa\u00f1eras de la agrupaci\u00f3n feminista Isadora &#8211; Mujeres en Lucha y de Izquierda Socialista exigen la aparici\u00f3n [&hellip;]<\/p>\n","protected":false},"author":2,"featured_media":19752,"comment_status":"closed","ping_status":"closed","sticky":false,"template":"","format":"gallery","meta":[],"categories":[59],"tags":[295,2191,120,1474,2190,1373,589,485,483,329,330],"_links":{"self":[{"href":"https:\/\/uit-ci.org\/index.php\/wp-json\/wp\/v2\/posts\/19751"}],"collection":[{"href":"https:\/\/uit-ci.org\/index.php\/wp-json\/wp\/v2\/posts"}],"about":[{"href":"https:\/\/uit-ci.org\/index.php\/wp-json\/wp\/v2\/types\/post"}],"author":[{"embeddable":true,"href":"https:\/\/uit-ci.org\/index.php\/wp-json\/wp\/v2\/users\/2"}],"replies":[{"embeddable":true,"href":"https:\/\/uit-ci.org\/index.php\/wp-json\/wp\/v2\/comments?post=19751"}],"version-history":[{"count":3,"href":"https:\/\/uit-ci.org\/index.php\/wp-json\/wp\/v2\/posts\/19751\/revisions"}],"predecessor-version":[{"id":19771,"href":"https:\/\/uit-ci.org\/index.php\/wp-json\/wp\/v2\/posts\/19751\/revisions\/19771"}],"wp:featuredmedia":[{"embeddable":true,"href":"https:\/\/uit-ci.org\/index.php\/wp-json\/wp\/v2\/media\/19752"}],"wp:attachment":[{"href":"https:\/\/uit-ci.org\/index.php\/wp-json\/wp\/v2\/media?parent=19751"}],"wp:term":[{"taxonomy":"category","embeddable":true,"href":"https:\/\/uit-ci.org\/index.php\/wp-json\/wp\/v2\/categories?post=19751"},{"taxonomy":"post_tag","embeddable":true,"href":"https:\/\/uit-ci.org\/index.php\/wp-json\/wp\/v2\/tags?post=19751"}],"curies":[{"name":"wp","href":"https:\/\/api.w.org\/{rel}","templated":true}]}}